{"id":166003,"date":"2025-06-10T15:52:08","date_gmt":"2025-06-10T15:52:08","guid":{"rendered":"https:\/\/www.europesays.com\/fr\/166003\/"},"modified":"2025-06-10T15:52:08","modified_gmt":"2025-06-10T15:52:08","slug":"un-nouveau-marche-alimentaire-va-prendre-place-des-jeudi-dans-ce-quartier-de-strasbourg","status":"publish","type":"post","link":"https:\/\/www.europesays.com\/fr\/166003\/","title":{"rendered":"Un nouveau march\u00e9 alimentaire va prendre place d\u00e8s jeudi dans ce quartier de Strasbourg"},"content":{"rendered":"<p>            Par<br \/>\n        <strong><br \/>\n            <a href=\"https:\/\/actu.fr\/auteur\/ivan-capecchi\" title=\"Consulter tous les articles de Ivan CAPECCHI\" target=\"_blank\" rel=\"noopener\">Ivan CAPECCHI<\/a><br \/>\n        <\/strong><\/p>\n<p>        Publi\u00e9 le<\/p>\n<p>            10 juin 2025 \u00e0 17h30        <\/p>\n<p>Depuis 2022, la Ville de Strasbourg travaille \u00e0 l\u2019implantation de \u00ab\u00a0march\u00e9s hybrides\u00a0\u00bb, c\u2019est-\u00e0-dire des <strong>march\u00e9s m\u00ealant des commer\u00e7ants et des associations<\/strong>.<\/p>\n<p class=\" wall-content\">Il y en a d\u00e9j\u00e0 eu un \u00e0 <a href=\"https:\/\/actu.fr\/grand-est\/strasbourg_67482\/un-nouveau-marche-avec-des-horaires-adaptes-aux-gens-qui-travaillent-va-voir-le-jour-a-strasbourg_62383408.html\" target=\"_blank\" rel=\"noopener\">Cronenbourg<\/a>, et celui de <a href=\"https:\/\/actu.fr\/grand-est\/strasbourg_67482\/ce-quartier-de-strasbourg-est-en-pleine-ebullition-des-millions-d-euros-investis-de-nombreux-projets-lances_61132615.html\" target=\"_blank\" rel=\"noopener\">Koenigshoffen<\/a> doit voir le jour en cette fin d\u2019ann\u00e9e.<\/p>\n<p class=\" wall-content\">Le <a href=\"https:\/\/actu.fr\/grand-est\/strasbourg_67482\/strasbourg-ce-quartier-va-enfin-avoir-son-marche_62237962.html\" target=\"_blank\" rel=\"noopener\">quartier du Port du Rhin<\/a> aura le sien \u00e0 compter de ce jeudi.\u00a0<\/p>\n<p>March\u00e9 du Port du Rhin : tous les jeudis, de 15h \u00e0 19h<\/p>\n<p class=\" wall-content\"><strong>Tous les jeudis, de 15h \u00e0 19h<\/strong>, les habitants du Port du Rhin pourront retrouver une <strong>dizaine de commer\u00e7ants ambulants<\/strong>* au niveau de la <strong>place de l\u2019Hippodrome.<\/strong><\/p>\n<p class=\" wall-content\">De son c\u00f4t\u00e9, le <strong>centre socio-culturel (CSC) Au-del\u00e0 des ponts<\/strong> proposera des <a href=\"https:\/\/actu.fr\/tag\/animations\" target=\"_blank\" rel=\"noopener\">animations<\/a>.<\/p>\n<p class=\" wall-content\">*Allo-Merci, Earl Friedrich, Luc Weiss, SARL Walter Prestation &amp; Conseil, Maison Wahl, Ferme Will, Sadullah Tastan, Hafida Mahraoui El Cadi.<\/p>\n<p class=\" wall-content\">Suivez toute l\u2019actualit\u00e9 de vos villes et m\u00e9dias favoris en vous inscrivant \u00e0 <a href=\"https:\/\/moncompte.actu.fr\" title=\"D\u00e9couvez Mon Actu\" rel=\"nofollow noopener\" data-trk=\"{&quot;cta&quot;:{&quot;action&quot;:&quot;https:\\\/\\\/moncompte.actu.fr&quot;,&quot;category&quot;:&quot;mon compte&quot;,&quot;from&quot;:&quot;article footer&quot;,&quot;name&quot;:&quot;Mon actu&quot;,&quot;type&quot;:&quot;cta&quot;}}\" target=\"_blank\">Mon Actu<\/a>.<\/p>\n","protected":false},"excerpt":{"rendered":"Par Ivan CAPECCHI Publi\u00e9 le 10 juin 2025 \u00e0 17h30 Depuis 2022, la Ville de Strasbourg travaille \u00e0&hellip;\n","protected":false},"author":2,"featured_media":166004,"comment_status":"","ping_status":"","sticky":false,"template":"","format":"standard","meta":{"footnotes":""},"categories":[2820],"tags":[1111,11,258,1063,1777,674,1011,27,775,12,25,104,640],"class_list":{"0":"post-166003","1":"post","2":"type-post","3":"status-publish","4":"format-standard","5":"has-post-thumbnail","7":"category-strasbourg","8":"tag-actu","9":"tag-actualites","10":"tag-alimentation","11":"tag-animations","12":"tag-eu","13":"tag-europe","14":"tag-fr","15":"tag-france","16":"tag-grand-est","17":"tag-news","18":"tag-republique-francaise","19":"tag-societe","20":"tag-strasbourg"},"share_on_mastodon":{"url":"https:\/\/pubeurope.com\/@fr\/114659874775192861","error":""},"_links":{"self":[{"href":"https:\/\/www.europesays.com\/fr\/wp-json\/wp\/v2\/posts\/166003","targetHints":{"allow":["GET"]}}],"collection":[{"href":"https:\/\/www.europesays.com\/fr\/wp-json\/wp\/v2\/posts"}],"about":[{"href":"https:\/\/www.europesays.com\/fr\/wp-json\/wp\/v2\/types\/post"}],"author":[{"embeddable":true,"href":"https:\/\/www.europesays.com\/fr\/wp-json\/wp\/v2\/users\/2"}],"replies":[{"embeddable":true,"href":"https:\/\/www.europesays.com\/fr\/wp-json\/wp\/v2\/comments?post=166003"}],"version-history":[{"count":0,"href":"https:\/\/www.europesays.com\/fr\/wp-json\/wp\/v2\/posts\/166003\/revisions"}],"wp:featuredmedia":[{"embeddable":true,"href":"https:\/\/www.europesays.com\/fr\/wp-json\/wp\/v2\/media\/166004"}],"wp:attachment":[{"href":"https:\/\/www.europesays.com\/fr\/wp-json\/wp\/v2\/media?parent=166003"}],"wp:term":[{"taxonomy":"category","embeddable":true,"href":"https:\/\/www.europesays.com\/fr\/wp-json\/wp\/v2\/categories?post=166003"},{"taxonomy":"post_tag","embeddable":true,"href":"https:\/\/www.europesays.com\/fr\/wp-json\/wp\/v2\/tags?post=166003"}],"curies":[{"name":"wp","href":"https:\/\/api.w.org\/{rel}","templated":true}]}}