{"id":166023,"date":"2025-06-10T16:02:09","date_gmt":"2025-06-10T16:02:09","guid":{"rendered":"https:\/\/www.europesays.com\/fr\/166023\/"},"modified":"2025-06-10T16:02:09","modified_gmt":"2025-06-10T16:02:09","slug":"huit-projets-qui-reinventent-la-metropole-de-lille","status":"publish","type":"post","link":"https:\/\/www.europesays.com\/fr\/166023\/","title":{"rendered":"Huit projets qui r\u00e9inventent la m\u00e9tropole de Lille"},"content":{"rendered":"<p>            Par<br \/>\n        <strong><br \/>\n            <a href=\"https:\/\/actu.fr\/auteur\/redaction-lille\" title=\"Consulter tous les articles de R\u00e9daction Lille\" target=\"_blank\" rel=\"noopener\">R\u00e9daction Lille<\/a><br \/>\n        <\/strong><\/p>\n<p>        Publi\u00e9 le<\/p>\n<p>            10 juin 2025 \u00e0 17h40        <\/p>\n<p>Pour sa 4\u00e8me \u00e9dition, le concours <b>Les<\/b><b>\u00a0P\u00e9pites de la MEL<\/b> met\u00a0une nouvelle fois en lumi\u00e8re le talent et la cr\u00e9ativit\u00e9 des jeunes\u00a0entrepreneurs de la <b>m\u00e9tropole lilloise<\/b>. Organis\u00e9 par la <a href=\"https:\/\/actu.fr\/tag\/metropole-europeenne-de-lille*\" target=\"_blank\" rel=\"noopener\">M\u00e9tropole<b>\u00a0<\/b>Europ\u00e9enne de Lille<\/a>\u00a0en partenariat avec <b>Ulule<\/b>, ce concours vise \u00e0 <b>accompagner les \u00e9tudiants-entrepreneurs <\/b>dans le\u00a0financement et la <b>valorisation de leurs projets.<\/b><\/p>\n<p class=\" wall-content\">Cette ann\u00e9e, <b>huit <\/b><b>projets port\u00e9s par douze jeunes <\/b>ont\u00a0\u00e9t\u00e9 s\u00e9lectionn\u00e9s, ils ont lanc\u00e9 collectivement leur campagne de\u00a0financement participatif ce <b>mardi 3\u00a0juin 2025.<\/b> D\u00e9couvrez leurs id\u00e9es inspirantes et innovantes\u2009!<\/p>\n<p>Les huit projets soutenus en 2025<\/p>\n<ul class=\" wall-content\">\n<li><b>Aphre\u00efa, Ad\u00e8le Lebas<\/b><br \/>\u00c9tudiante \u00e0 Skema Lille, Ad\u00e8le voulait apporter une solution concr\u00e8te au gaspillage textile. Elle rel\u00e8ve le d\u00e9fi avec Aphre\u00efa, un projet de cr\u00e9ation de mobilier durable \u00e0 partir de d\u00e9chets textiles. Un savant m\u00e9lange entre design et responsabilit\u00e9 environnementale.<\/li>\n<li><b>Art Chansigne, Am\u00e9lie Faivre<\/b><br \/>Chansigneuse et ethnomusicologue, Am\u00e9lie donne vie \u00e0 la musique autrement. Son projet Art Chansigne rend accessible les concerts et festivals aux personnes en situation de handicap auditif gr\u00e2ce \u00e0 une interpr\u00e9tation en langue des signes fran\u00e7aise.<\/li>\n<li><b>Hygge &amp; Lecture, Lisa Menet<\/b><br \/>Lectrice depuis toujours, Lisa r\u00e9invente la lecture \u00e0 travers une exp\u00e9rience cocooning. Avec Hygge &amp; Lecture, elle organise des week-ends bien-\u00eatre autour des livres, dans les Hauts-de-France et en Belgique. Un vrai moment de d\u00e9connexion <a href=\"https:\/\/actu.fr\/hauts-de-france\/lille_59350\/pres-de-lille-lisa-vous-propose-des-week-ends-lecture-dans-lesprit-hygge-des-pays-nordiques_62728337.html\" target=\"_blank\" rel=\"noopener\">dont on vous parle plus en d\u00e9tail par ici<\/a>.<\/li>\n<li><b>Memento Booth, Gauthier Bouchindomme et Romain Martin<\/b><br \/>On dit ouistiti\u2009! Avec Memento Booth, Gauthier et Romain vont r\u00e9volutionner vos soir\u00e9es en installant des bornes photos mobiles et connect\u00e9es dans des lieux festifs. Rien de plus simple, une photo, un souvenir, et c\u2019est dans la poche.<\/li>\n<\/ul>\n<p class=\" wall-content\">\n<ul class=\" wall-content\">\n<li><b>Munity, Augustin Lepoutre et Jules Parent<\/b><br \/>Passionn\u00e9s de musique, Augustin et Jules organisent des \u00e9v\u00e8nements culturels immersifs m\u00ealant arts, visuels, sc\u00e9nographie et concerts. Leur collectif artistique Munity plonge le public dans l\u2019univers de l\u2019artiste pour une exp\u00e9rience musicale et sensorielle inoubliable.<\/li>\n<li><b>Ryvie, Jules Maisonnave<\/b><br \/>Afin d\u2019\u00e9viter la fuite de vos donn\u00e9es, Jules, \u00e9tudiant \u00e0 Junia Isen, vous propose une alternative simple et \u00e9coresponsable. Son projet Ryvie est une solution permettant de transformer de vieux ordinateurs en cloud personnel s\u00e9curis\u00e9 pour y stocker photos, vid\u00e9os, mots de passe et m\u00eame des outils collaboratifs.<\/li>\n<li><b>Streetfoot, \u00c9milie Baquet et Florian Ebelle Din<\/b><br \/>Envie d\u2019un match de foot mais personne \u00e0 l\u2019horizon\u2009? Streetfoot, l\u2019application imagin\u00e9e par \u00c9milie et Florian met en relation des footballeurs amateurs pour organiser des matchs spontan\u00e9s et cr\u00e9er du lien social.<\/li>\n<li><b>Terter, par R\u00e9mi Boussard et Thomas Jaou\u00ebn<\/b><br \/>Apr\u00e8s un voyage de 6\u2009000\u00a0km \u00e0 travers l\u2019Europe, R\u00e9mi r\u00eave d\u2019un outil pour planifier des p\u00e9riples \u00e9coresponsables. Avec Thomas, ils lancent Terter, une application qui vous aidera \u00e0 anticiper vos voyages en France pour des p\u00e9riples \u00e0 bas carbone.<\/li>\n<\/ul>\n<p class=\" wall-content\">Convaincu par leurs id\u00e9es\u2009? Les laur\u00e9ats ont besoin de vous\u2009! Leurs <a href=\"https:\/\/fr.ulule.com\/channels\/mel\/\" target=\"_blank\" rel=\"noopener\">campagnes Ulule sont d\u00e9sormais en ligne<\/a>\u2009: c\u2019est le moment de soutenir la jeunesse innovante de la MEL et de prendre part \u00e0 leurs aventures entrepreneuriales.<\/p>\n<p class=\" wall-content\"><b>Margaux Salignat<\/b><\/p>\n<p class=\" wall-content\">Suivez toute l\u2019actualit\u00e9 de vos villes et m\u00e9dias favoris en vous inscrivant \u00e0 <a href=\"https:\/\/moncompte.actu.fr\" title=\"D\u00e9couvez Mon Actu\" rel=\"nofollow noopener\" data-trk=\"{&quot;cta&quot;:{&quot;action&quot;:&quot;https:\\\/\\\/moncompte.actu.fr&quot;,&quot;category&quot;:&quot;mon compte&quot;,&quot;from&quot;:&quot;article footer&quot;,&quot;name&quot;:&quot;Mon actu&quot;,&quot;type&quot;:&quot;cta&quot;}}\" target=\"_blank\">Mon Actu<\/a>.<\/p>\n<ul class=\"ac-article-tag wall-content\">\n<li><a href=\"https:\/\/actu.fr\/tag\/innovation\" data-trk=\"{&quot;cta&quot;:{&quot;action&quot;:&quot;Innovation&quot;,&quot;category&quot;:&quot;tag&quot;,&quot;from&quot;:&quot;article footer&quot;,&quot;name&quot;:&quot;Innovation&quot;,&quot;type&quot;:&quot;cta&quot;}}\" target=\"_blank\" rel=\"noopener\">#Innovation<\/a><\/li>\n<li><a href=\"https:\/\/actu.fr\/tag\/metropole-europeenne-de-lille\" data-trk=\"{&quot;cta&quot;:{&quot;action&quot;:&quot;M\\u00e9tropole Europ\\u00e9enne de Lille&quot;,&quot;category&quot;:&quot;tag&quot;,&quot;from&quot;:&quot;article footer&quot;,&quot;name&quot;:&quot;M\\u00e9tropole Europ\\u00e9enne de Lille&quot;,&quot;type&quot;:&quot;cta&quot;}}\" target=\"_blank\" rel=\"noopener\">#M\u00e9tropole Europ\u00e9enne de Lille<\/a><\/li>\n<\/ul>\n","protected":false},"excerpt":{"rendered":"Par R\u00e9daction Lille Publi\u00e9 le 10 juin 2025 \u00e0 17h40 Pour sa 4\u00e8me \u00e9dition, le concours Les\u00a0P\u00e9pites de&hellip;\n","protected":false},"author":2,"featured_media":166024,"comment_status":"","ping_status":"","sticky":false,"template":"","format":"standard","meta":{"footnotes":""},"categories":[2815],"tags":[1111,11,33,1777,674,1011,27,811,5701,1307,4863,12,25],"class_list":{"0":"post-166023","1":"post","2":"type-post","3":"status-publish","4":"format-standard","5":"has-post-thumbnail","7":"category-lille","8":"tag-actu","9":"tag-actualites","10":"tag-economie","11":"tag-eu","12":"tag-europe","13":"tag-fr","14":"tag-france","15":"tag-hauts-de-france","16":"tag-innovation","17":"tag-lille","18":"tag-metropole-europeenne-de-lille","19":"tag-news","20":"tag-republique-francaise"},"share_on_mastodon":{"url":"https:\/\/pubeurope.com\/@fr\/114659914094153963","error":""},"_links":{"self":[{"href":"https:\/\/www.europesays.com\/fr\/wp-json\/wp\/v2\/posts\/166023","targetHints":{"allow":["GET"]}}],"collection":[{"href":"https:\/\/www.europesays.com\/fr\/wp-json\/wp\/v2\/posts"}],"about":[{"href":"https:\/\/www.europesays.com\/fr\/wp-json\/wp\/v2\/types\/post"}],"author":[{"embeddable":true,"href":"https:\/\/www.europesays.com\/fr\/wp-json\/wp\/v2\/users\/2"}],"replies":[{"embeddable":true,"href":"https:\/\/www.europesays.com\/fr\/wp-json\/wp\/v2\/comments?post=166023"}],"version-history":[{"count":0,"href":"https:\/\/www.europesays.com\/fr\/wp-json\/wp\/v2\/posts\/166023\/revisions"}],"wp:featuredmedia":[{"embeddable":true,"href":"https:\/\/www.europesays.com\/fr\/wp-json\/wp\/v2\/media\/166024"}],"wp:attachment":[{"href":"https:\/\/www.europesays.com\/fr\/wp-json\/wp\/v2\/media?parent=166023"}],"wp:term":[{"taxonomy":"category","embeddable":true,"href":"https:\/\/www.europesays.com\/fr\/wp-json\/wp\/v2\/categories?post=166023"},{"taxonomy":"post_tag","embeddable":true,"href":"https:\/\/www.europesays.com\/fr\/wp-json\/wp\/v2\/tags?post=166023"}],"curies":[{"name":"wp","href":"https:\/\/api.w.org\/{rel}","templated":true}]}}