{"id":166028,"date":"2025-06-10T16:05:09","date_gmt":"2025-06-10T16:05:09","guid":{"rendered":"https:\/\/www.europesays.com\/fr\/166028\/"},"modified":"2025-06-10T16:05:09","modified_gmt":"2025-06-10T16:05:09","slug":"marseille-sera-jumelee-avec-une-ville-de-palestine-annonce-benoit-payan","status":"publish","type":"post","link":"https:\/\/www.europesays.com\/fr\/166028\/","title":{"rendered":"\u00ab\u00a0Marseille sera jumel\u00e9e avec une ville de Palestine\u00a0\u00bb, annonce Beno\u00eet Payan"},"content":{"rendered":"<p>Alors que la pression de la communaut\u00e9 internationale s&rsquo;accentue pour que le gouvernement d&rsquo;Isra\u00ebl cesse la <a href=\"https:\/\/www.laprovence.com\/article\/politique\/7922523993792314\/guerre-a-gaza-600-jours-de-guerre-lonu-condamne-le-systeme-daide-mis-en-place-par-israel\" target=\"_blank\" rel=\"noopener\">guerre \u00e0 Gaza<\/a>, Beno\u00eet Payan a annonc\u00e9 ce mardi 10 juin \u00ab\u00a0travailler depuis 14 mois avec le quai d&rsquo;Orsay pour jumeler Marseille avec une commune de Palestine\u00a0\u00bb. \u00ab\u00a0Nous sommes en lien avec deux communes de Cisjordanie\u00a0\u00bb, a-t-il poursuivi, sans pr\u00e9ciser toutefois leurs noms.<\/p>\n<p>Pour l&rsquo;ancienne maire, aujourd&rsquo;hui premi\u00e8re adjointe aux relations internationales, Mich\u00e8le Rubirola, pr\u00e9sente \u00e0 ses c\u00f4t\u00e9s, il s&rsquo;agit de \u00ab\u00a0poursuivre la diplomatie des villes et des populations, qui ne sont pas responsables des \u00c9tats qui les gouvernent\u00a0\u00bb.<\/p>\n<p>Raison pour laquelle le maire de Marseille a \u00e9cart\u00e9 la demande formul\u00e9e par une partie des \u00e9cologistes de la majorit\u00e9 municipale.<\/p>\n<p>Ils r\u00e9clament <a href=\"https:\/\/www.laprovence.com\/article\/societe\/2881255215746915\/ils-demandent-la-fin-du-jumelage-entre-marseille-et-haifa-marquer-localement-notre-opposition\" target=\"_blank\" rel=\"noopener\">la fin du jumelage entre Marseille et la ville isra\u00e9lienne d&rsquo;Ha\u00effa<\/a>. \u00ab\u00a0Ha\u00effa n&rsquo;est pas une ville engag\u00e9e dans la guerre. C&rsquo;est une commune travailliste, o\u00f9 il y a toutes les semaines des manifestations contre le gouvernement de Benjamin Netanyahou\u00a0\u00bb, a justifi\u00e9 Beno\u00eet Payan. Raison pour laquelle il n&rsquo;inscrira cette demande de d\u00e9jumelage \u00e0 l&rsquo;ordre du jour lors du prochain conseil municipal le 20 juin prochain.<\/p>\n","protected":false},"excerpt":{"rendered":"Alors que la pression de la communaut\u00e9 internationale s&rsquo;accentue pour que le gouvernement d&rsquo;Isra\u00ebl cesse la guerre \u00e0&hellip;\n","protected":false},"author":2,"featured_media":166029,"comment_status":"","ping_status":"","sticky":false,"template":"","format":"standard","meta":{"footnotes":""},"categories":[2814],"tags":[17,1111,11,3396,1777,674,1011,27,665,1146,18638,884,12,882,16,25,6690,96],"class_list":{"0":"post-166028","1":"post","2":"type-post","3":"status-publish","4":"format-standard","5":"has-post-thumbnail","7":"category-marseille","8":"tag-17","9":"tag-actu","10":"tag-actualites","11":"tag-avec","12":"tag-eu","13":"tag-europe","14":"tag-fr","15":"tag-france","16":"tag-gaza","17":"tag-guerre","18":"tag-jumelee","19":"tag-marseille","20":"tag-news","21":"tag-provence-alpes-cote-dazur","22":"tag-region","23":"tag-republique-francaise","24":"tag-sera","25":"tag-une"},"share_on_mastodon":{"url":"https:\/\/pubeurope.com\/@fr\/114659925962313943","error":""},"_links":{"self":[{"href":"https:\/\/www.europesays.com\/fr\/wp-json\/wp\/v2\/posts\/166028","targetHints":{"allow":["GET"]}}],"collection":[{"href":"https:\/\/www.europesays.com\/fr\/wp-json\/wp\/v2\/posts"}],"about":[{"href":"https:\/\/www.europesays.com\/fr\/wp-json\/wp\/v2\/types\/post"}],"author":[{"embeddable":true,"href":"https:\/\/www.europesays.com\/fr\/wp-json\/wp\/v2\/users\/2"}],"replies":[{"embeddable":true,"href":"https:\/\/www.europesays.com\/fr\/wp-json\/wp\/v2\/comments?post=166028"}],"version-history":[{"count":0,"href":"https:\/\/www.europesays.com\/fr\/wp-json\/wp\/v2\/posts\/166028\/revisions"}],"wp:featuredmedia":[{"embeddable":true,"href":"https:\/\/www.europesays.com\/fr\/wp-json\/wp\/v2\/media\/166029"}],"wp:attachment":[{"href":"https:\/\/www.europesays.com\/fr\/wp-json\/wp\/v2\/media?parent=166028"}],"wp:term":[{"taxonomy":"category","embeddable":true,"href":"https:\/\/www.europesays.com\/fr\/wp-json\/wp\/v2\/categories?post=166028"},{"taxonomy":"post_tag","embeddable":true,"href":"https:\/\/www.europesays.com\/fr\/wp-json\/wp\/v2\/tags?post=166028"}],"curies":[{"name":"wp","href":"https:\/\/api.w.org\/{rel}","templated":true}]}}