{"id":166042,"date":"2025-06-10T16:12:12","date_gmt":"2025-06-10T16:12:12","guid":{"rendered":"https:\/\/www.europesays.com\/fr\/166042\/"},"modified":"2025-06-10T16:12:12","modified_gmt":"2025-06-10T16:12:12","slug":"paris-licenciee-par-la-ratp-alors-quelle-dit-avoir-ete-droguee-a-son-insu-et-victime-dune-agression-sexuelle","status":"publish","type":"post","link":"https:\/\/www.europesays.com\/fr\/166042\/","title":{"rendered":"Paris\u00a0: licenci\u00e9e par la RATP alors qu\u2019elle dit avoir \u00e9t\u00e9 drogu\u00e9e \u00ab\u00a0\u00e0 son insu\u00a0\u00bb et victime d\u2019une agression sexuelle"},"content":{"rendered":"<p class=\"paragraph text_align_left\">La jeune femme avait \u00e9t\u00e9 re\u00e7ue le mardi 13\u00a0mai pour un conseil de discipline \u00e0 l\u2019issue duquel <a href=\"https:\/\/www.leparisien.fr\/info-paris-ile-de-france-oise\/transports\/ratp\/\" target=\"_self\" rel=\"nofollow noopener\">la RATP<\/a> avait r\u00e9clam\u00e9 sa r\u00e9vocation. Islem vient de recevoir un courrier de licenciement. Apr\u00e8s enqu\u00eate interne, la RATP r\u00e9cuse la version de cette salari\u00e9e en poste \u00e0 la gare de Bercy qui, le 9\u00a0f\u00e9vrier, dit <a href=\"https:\/\/www.leparisien.fr\/paris-75\/paris-droguee-a-son-insu-et-agressee-sexuellement-au-travail-une-employee-de-la-ratp-menacee-de-licenciement-13-05-2025-R53RZQD2DJFNDGX55ZJPJ3CSLA.php\" target=\"_self\" rel=\"nofollow noopener\">avoir \u00e9t\u00e9 drogu\u00e9e \u00e0 son insu par des coll\u00e8gues dont l\u2019un l\u2019aurait agress\u00e9e sexuellement<\/a>.<\/p>\n<p class=\"paragraph text_align_left\">Une version contredite par une dizaine de salari\u00e9s interrog\u00e9s qui ont pouss\u00e9 la direction de la RATP \u00e0 licencier l\u2019assistante commerciale de la ligne 14 notamment au motif de l\u2019article\u00a07 du r\u00e8glement int\u00e9rieur qui interdit l\u2019introduction, la d\u00e9tention et la consommation sur le lieu de travail de produit stup\u00e9fiant.<\/p>\n<p class=\"paragraph text_align_left\">Or, c\u2019est apr\u00e8s avoir ing\u00e9r\u00e9 un brownie propos\u00e9 par un coll\u00e8gue qu\u2019Islem avait \u00e9t\u00e9 prise de malaises et de vomissements durant lesquels elle aurait \u00e9t\u00e9 agress\u00e9e sexuellement. Ce coll\u00e8gue ne l\u2019aurait inform\u00e9e, selon elle, que le soir m\u00eame par t\u00e9l\u00e9phone qu\u2019il s\u2019agissait en fait d\u2019un \u00ab\u00a0space cake\u00a0\u00bb, un g\u00e2teau r\u00e9alis\u00e9 avec du beurre infus\u00e9 au cannabis.<\/p>\n<p class=\"paragraph text_align_left\">\u00ab\u00a0L\u00e0, il me dit que si j\u2019en parle \u00e0 la direction, je tombe avec eux parce qu\u2019ils sont deux contre moi\u00a0\u00bb, se rem\u00e9more-t-elle. Islem d\u00e9cide malgr\u00e9 tout de parler de l\u2019incident \u00e0 sa direction d\u00e8s le lendemain, en omettant \u00e0 l\u2019\u00e9poque les faits d\u2019agression sexuelle \u00ab\u00a0par peur des cons\u00e9quences sur son couple\u00a0\u00bb. La RATP confirme qu\u2019une enqu\u00eate est alors \u00ab\u00a0imm\u00e9diatement d\u00e9clench\u00e9e\u00a0\u00bb. Concernant les faits d\u2019agression sexuelle, la victime avait finalement d\u00e9pos\u00e9 plainte le 15\u00a0avril.<\/p>\n<p>Selon l\u2019enqu\u00eate, elle avait connaissance du contenu du g\u00e2teau<\/p>\n<p class=\"paragraph text_align_left\">Au bout du compte, le coll\u00e8gue qui avait apport\u00e9 le g\u00e2teau est licenci\u00e9 pour faute grave le 18\u00a0avril, tandis que son autre coll\u00e8gue pr\u00e9sente est \u00e9galement renvoy\u00e9e pour non-assistance \u00e0 personne en danger.<\/p>\n<p class=\"paragraph text_align_left\">\u00ab\u00a0M\u00eame avec les preuves \u00e0 l\u2019appui, ils n\u2019ont rien voulu savoir, ils me licencient pour abandon de poste alors que j\u2019\u00e9tais drogu\u00e9e \u00e0 mon insu et que je n\u2019ai m\u00eame pas abandonn\u00e9 mon poste. C\u2019est moi qui ai remont\u00e9 les faits \u00e0 la direction, je ne l\u2019aurais jamais fait si j\u2019avais mang\u00e9 ce g\u00e2teau en connaissance de cause alors que je sais que c\u2019est interdit\u00a0\u00bb, continue de se dire innocente la salari\u00e9e \u00e0 l\u2019annonce de son licenciement.<\/p>\n<p class=\"paragraph text_align_left\">Cette d\u00e9cision intervient apr\u00e8s l\u2019enqu\u00eate interne, qui conclut que la salari\u00e9e \u00e9tait au fait de la composition des g\u00e2teaux avant d\u2019en manger. \u00ab\u00a0\u00c0 l\u2019issue des investigations men\u00e9es, il a pu \u00eatre \u00e9tabli que ce jour-l\u00e0, [Islem] a consomm\u00e9 en toute connaissance de cause, sur son lieu de travail et pendant son temps de travail, des g\u00e2teaux contenant des produits stup\u00e9fiants\u00a0\u00bb, indique la r\u00e9gie de transports. \u00ab\u00a0De tels agissements sont inacceptables\u00a0\u00bb, poursuit la soci\u00e9t\u00e9.<\/p>\n","protected":false},"excerpt":{"rendered":"La jeune femme avait \u00e9t\u00e9 re\u00e7ue le mardi 13\u00a0mai pour un conseil de discipline \u00e0 l\u2019issue duquel la&hellip;\n","protected":false},"author":2,"featured_media":166043,"comment_status":"","ping_status":"","sticky":false,"template":"","format":"standard","meta":{"footnotes":""},"categories":[1888],"tags":[11,1777,674,1011,27,1944,12,626,25],"class_list":{"0":"post-166042","1":"post","2":"type-post","3":"status-publish","4":"format-standard","5":"has-post-thumbnail","7":"category-paris","8":"tag-actualites","9":"tag-eu","10":"tag-europe","11":"tag-fr","12":"tag-france","13":"tag-ma-ville","14":"tag-news","15":"tag-paris","16":"tag-republique-francaise"},"share_on_mastodon":{"url":"https:\/\/pubeurope.com\/@fr\/114659953435681353","error":""},"_links":{"self":[{"href":"https:\/\/www.europesays.com\/fr\/wp-json\/wp\/v2\/posts\/166042","targetHints":{"allow":["GET"]}}],"collection":[{"href":"https:\/\/www.europesays.com\/fr\/wp-json\/wp\/v2\/posts"}],"about":[{"href":"https:\/\/www.europesays.com\/fr\/wp-json\/wp\/v2\/types\/post"}],"author":[{"embeddable":true,"href":"https:\/\/www.europesays.com\/fr\/wp-json\/wp\/v2\/users\/2"}],"replies":[{"embeddable":true,"href":"https:\/\/www.europesays.com\/fr\/wp-json\/wp\/v2\/comments?post=166042"}],"version-history":[{"count":0,"href":"https:\/\/www.europesays.com\/fr\/wp-json\/wp\/v2\/posts\/166042\/revisions"}],"wp:featuredmedia":[{"embeddable":true,"href":"https:\/\/www.europesays.com\/fr\/wp-json\/wp\/v2\/media\/166043"}],"wp:attachment":[{"href":"https:\/\/www.europesays.com\/fr\/wp-json\/wp\/v2\/media?parent=166042"}],"wp:term":[{"taxonomy":"category","embeddable":true,"href":"https:\/\/www.europesays.com\/fr\/wp-json\/wp\/v2\/categories?post=166042"},{"taxonomy":"post_tag","embeddable":true,"href":"https:\/\/www.europesays.com\/fr\/wp-json\/wp\/v2\/tags?post=166042"}],"curies":[{"name":"wp","href":"https:\/\/api.w.org\/{rel}","templated":true}]}}