{"id":166046,"date":"2025-06-10T16:14:09","date_gmt":"2025-06-10T16:14:09","guid":{"rendered":"https:\/\/www.europesays.com\/fr\/166046\/"},"modified":"2025-06-10T16:14:09","modified_gmt":"2025-06-10T16:14:09","slug":"helsinki-accuse-un-avion-militaire-russe-davoir-viole-son-espace-aerien","status":"publish","type":"post","link":"https:\/\/www.europesays.com\/fr\/166046\/","title":{"rendered":"Helsinki accuse un avion militaire russe d\u2019avoir viol\u00e9 son espace a\u00e9rien"},"content":{"rendered":"<p class=\"fig-paragraph\">Le minist\u00e8re finlandais de la D\u00e9fense a d\u00e9clar\u00e9 qu\u2019un avion militaire russe est soup\u00e7onn\u00e9 d&rsquo;avoir viol\u00e9 mardi l&rsquo;espace a\u00e9rien finlandais. L&rsquo;incident s&rsquo;est produit dans l&rsquo;apr\u00e8s-midi au large des c\u00f4tes de Porvoo, dans le sud de la\u00a0<a href=\"http:\/\/www.lefigaro.fr\/international\/finlande-arctique-poutine-renforce-ses-troupes-sur-le-flanc-nord-est-de-l-otan-20250526\" target=\"_blank\" data-fig-type=\"Article\" rel=\"noopener\" data-gtm-custom-categorie=\"navigation\" data-gtm-custom-action=\"crossclick\" data-gtm-custom-label=\"Contextuel\" data-gtm-event=\"customEventSPE\" data-fig-domain=\"LEFIGARO\">Finlande<\/a>\u00a0\u00e0 une cinquantaine de km d\u2019Helsinki, a-t-il pr\u00e9cis\u00e9 dans un communiqu\u00e9.<\/p>\n<p class=\"fig-paragraph\">\u00abUne enqu\u00eate sur la violation pr\u00e9sum\u00e9e de l&rsquo;espace a\u00e9rien a \u00e9t\u00e9 lanc\u00e9e imm\u00e9diatement\u00bb et confi\u00e9e aux garde-c\u00f4tes, a d\u00e9clar\u00e9 le ministre de la D\u00e9fense Antti H\u00e4kk\u00e4nen, cit\u00e9 dans ce communiqu\u00e9.<\/p>\n<p>Une fronti\u00e8re terrestre de 1.340 kilom\u00e8tres avec la Russie<\/p>\n<p class=\"fig-paragraph\">De tels incidents sont r\u00e9guliers depuis l&rsquo;adh\u00e9sion de la Finlande \u00e0 l&rsquo;<a href=\"http:\/\/www.lefigaro.fr\/international\/defense-le-chef-de-l-otan-appelle-a-augmenter-de-400-ses-capacites-de-defense-aerienne-et-antimissile-20250609\" target=\"_blank\" data-fig-type=\"NewsFlash\" rel=\"noopener\" data-gtm-custom-categorie=\"navigation\" data-gtm-custom-action=\"crossclick\" data-gtm-custom-label=\"Contextuel\" data-gtm-event=\"customEventSPE\" data-fig-domain=\"LEFIGARO\">OTAN\u00a0<\/a>en 2023, d\u00e9cid\u00e9e apr\u00e8s le d\u00e9clenchement de la guerre en Ukraine. Le pr\u00e9c\u00e9dent remonte au 23 mai, lorsque la Finlande a accus\u00e9 deux avions militaires russes d&rsquo;avoir viol\u00e9 son espace a\u00e9rien. L&rsquo;ambassadeur russe avait \u00e9t\u00e9 alors convoqu\u00e9.<\/p>\n<p class=\"fig-paragraph\">Mi-mai, le ministre finlandais de la D\u00e9fense a d\u00e9clar\u00e9 \u00e0 l&rsquo;AFP que son pays \u00absurveillait et \u00e9valuait de pr\u00e8s les activit\u00e9s et les intentions de la Russie\u00bb. Ces commentaires intervenaient apr\u00e8s que des images satellites publi\u00e9es par le New York Times semblaient montrer une expansion de l&rsquo;infrastructure militaire russe pr\u00e8s de la fronti\u00e8re.<\/p>\n<p class=\"fig-paragraph\">La Finlande partage une fronti\u00e8re terrestre de 1.340 kilom\u00e8tres avec la\u00a0<a href=\"http:\/\/www.lefigaro.fr\/vox\/monde\/quand-la-grece-antique-eclaire-la-guerre-entre-l-ukraine-et-la-russie-20250608\" target=\"_blank\" data-fig-type=\"Article\" rel=\"noopener\" data-gtm-custom-categorie=\"navigation\" data-gtm-custom-action=\"crossclick\" data-gtm-custom-label=\"Contextuel\" data-gtm-event=\"customEventSPE\" data-fig-domain=\"LEFIGARO\">Russie.<\/a>\u00a0Moscou a mis en garde \u00e0 plusieurs reprises la Finlande contre les r\u00e9percussions de son adh\u00e9sion \u00e0 l&rsquo;Otan.<\/p>\n","protected":false},"excerpt":{"rendered":"Le minist\u00e8re finlandais de la D\u00e9fense a d\u00e9clar\u00e9 qu\u2019un avion militaire russe est soup\u00e7onn\u00e9 d&rsquo;avoir viol\u00e9 mardi l&rsquo;espace&hellip;\n","protected":false},"author":2,"featured_media":166047,"comment_status":"","ping_status":"","sticky":false,"template":"","format":"standard","meta":{"footnotes":""},"categories":[1591],"tags":[1111,47,11,37,1109,1112,118,1887,1108,107,219,1106,1107,27,1110,1114,14,12,1113,316,1885,1886,132],"class_list":{"0":"post-166046","1":"post","2":"type-post","3":"status-publish","4":"format-standard","5":"has-post-thumbnail","7":"category-russie","8":"tag-actu","9":"tag-actualite","10":"tag-actualites","11":"tag-avion","12":"tag-breves","13":"tag-depeches","14":"tag-faits-divers","15":"tag-federation-de-russie","16":"tag-fil","17":"tag-fil-info","18":"tag-finlande","19":"tag-flash","20":"tag-flash-actu","21":"tag-france","22":"tag-informations","23":"tag-infos","24":"tag-international","25":"tag-news","26":"tag-nouvelles","27":"tag-politique","28":"tag-russia","29":"tag-russian-federation","30":"tag-russie"},"share_on_mastodon":{"url":"https:\/\/pubeurope.com\/@fr\/114659961302705126","error":""},"_links":{"self":[{"href":"https:\/\/www.europesays.com\/fr\/wp-json\/wp\/v2\/posts\/166046","targetHints":{"allow":["GET"]}}],"collection":[{"href":"https:\/\/www.europesays.com\/fr\/wp-json\/wp\/v2\/posts"}],"about":[{"href":"https:\/\/www.europesays.com\/fr\/wp-json\/wp\/v2\/types\/post"}],"author":[{"embeddable":true,"href":"https:\/\/www.europesays.com\/fr\/wp-json\/wp\/v2\/users\/2"}],"replies":[{"embeddable":true,"href":"https:\/\/www.europesays.com\/fr\/wp-json\/wp\/v2\/comments?post=166046"}],"version-history":[{"count":0,"href":"https:\/\/www.europesays.com\/fr\/wp-json\/wp\/v2\/posts\/166046\/revisions"}],"wp:featuredmedia":[{"embeddable":true,"href":"https:\/\/www.europesays.com\/fr\/wp-json\/wp\/v2\/media\/166047"}],"wp:attachment":[{"href":"https:\/\/www.europesays.com\/fr\/wp-json\/wp\/v2\/media?parent=166046"}],"wp:term":[{"taxonomy":"category","embeddable":true,"href":"https:\/\/www.europesays.com\/fr\/wp-json\/wp\/v2\/categories?post=166046"},{"taxonomy":"post_tag","embeddable":true,"href":"https:\/\/www.europesays.com\/fr\/wp-json\/wp\/v2\/tags?post=166046"}],"curies":[{"name":"wp","href":"https:\/\/api.w.org\/{rel}","templated":true}]}}