{"id":166048,"date":"2025-06-10T16:15:12","date_gmt":"2025-06-10T16:15:12","guid":{"rendered":"https:\/\/www.europesays.com\/fr\/166048\/"},"modified":"2025-06-10T16:15:12","modified_gmt":"2025-06-10T16:15:12","slug":"a-quimper-un-repas-concert-pour-chanter-pour-la-paix-en-ukraine-samedi-14-juin","status":"publish","type":"post","link":"https:\/\/www.europesays.com\/fr\/166048\/","title":{"rendered":"\u00c0 Quimper, un repas-concert pour \u00ab\u00a0chanter pour la paix\u00a0\u00bb en Ukraine samedi 14\u00a0juin"},"content":{"rendered":"<p>Article r\u00e9serv\u00e9 aux abonn\u00e9s<\/p>\n<p class=\"tlg-h5\">\u00ab\u00a0Chantons pour la paix\u00a0\u00bb. C\u2019est la proposition de Ouest Solidarit\u00e9, qui \u0153uvre en Cornouaille, depuis plus de trois ans, pour collecter des fonds en faveur des victimes de la guerre en Ukraine. Un repas-concert est organis\u00e9, samedi 14\u00a0juin, \u00e0 la maison de quartier du Moulin-Vert, \u00e0 Quimper.<\/p>\n<p><img fetchpriority=\"high\" decoding=\"async\" src=\"https:\/\/www.europesays.com\/fr\/wp-content\/uploads\/2025\/06\/684837eb050939b8890aaeea.1.jpeg\" width=\"960\" height=\"600\" class=\"web_golden_xl\" loading=\"eager\" alt=\"Les membres du groupe Jopazz, qui reprend les chansons de Brassens, ci-dessus aux c\u00f4t\u00e9s de Lana Scuiller et Olena Pichavant, de l\u2019association Ouest Solidarit\u00e9, donneront un concert lors de cette soir\u00e9e \u00ab\u00a0Chantons pour la paix\u00a0\u00bb samedi 14\u00a0juin, \u00e0 Quimper.\"\/>Les membres du groupe Jopazz, qui reprend les chansons de Brassens, ci-dessus aux c\u00f4t\u00e9s de Lana Scuiller et Olena Pichavant, de l\u2019association Ouest Solidarit\u00e9, donneront un concert lors de cette soir\u00e9e \u00ab\u00a0Chantons pour la paix\u00a0\u00bb samedi 14\u00a0juin, \u00e0 Quimper. (Photo archives Le T\u00e9l\u00e9gramme\/Johanne Bouchet)<\/p>\n","protected":false},"excerpt":{"rendered":"Article r\u00e9serv\u00e9 aux abonn\u00e9s \u00ab\u00a0Chantons pour la paix\u00a0\u00bb. C\u2019est la proposition de Ouest Solidarit\u00e9, qui \u0153uvre en Cornouaille,&hellip;\n","protected":false},"author":2,"featured_media":166049,"comment_status":"","ping_status":"","sticky":false,"template":"","format":"standard","meta":{"footnotes":""},"categories":[1590],"tags":[11,1697,1777,674,12,3319,11880,220],"class_list":{"0":"post-166048","1":"post","2":"type-post","3":"status-publish","4":"format-standard","5":"has-post-thumbnail","7":"category-ukraine","8":"tag-actualites","9":"tag-concert","10":"tag-eu","11":"tag-europe","12":"tag-news","13":"tag-quimper","14":"tag-solidarite-ukraine","15":"tag-ukraine"},"share_on_mastodon":{"url":"https:\/\/pubeurope.com\/@fr\/114659965376924796","error":""},"_links":{"self":[{"href":"https:\/\/www.europesays.com\/fr\/wp-json\/wp\/v2\/posts\/166048","targetHints":{"allow":["GET"]}}],"collection":[{"href":"https:\/\/www.europesays.com\/fr\/wp-json\/wp\/v2\/posts"}],"about":[{"href":"https:\/\/www.europesays.com\/fr\/wp-json\/wp\/v2\/types\/post"}],"author":[{"embeddable":true,"href":"https:\/\/www.europesays.com\/fr\/wp-json\/wp\/v2\/users\/2"}],"replies":[{"embeddable":true,"href":"https:\/\/www.europesays.com\/fr\/wp-json\/wp\/v2\/comments?post=166048"}],"version-history":[{"count":0,"href":"https:\/\/www.europesays.com\/fr\/wp-json\/wp\/v2\/posts\/166048\/revisions"}],"wp:featuredmedia":[{"embeddable":true,"href":"https:\/\/www.europesays.com\/fr\/wp-json\/wp\/v2\/media\/166049"}],"wp:attachment":[{"href":"https:\/\/www.europesays.com\/fr\/wp-json\/wp\/v2\/media?parent=166048"}],"wp:term":[{"taxonomy":"category","embeddable":true,"href":"https:\/\/www.europesays.com\/fr\/wp-json\/wp\/v2\/categories?post=166048"},{"taxonomy":"post_tag","embeddable":true,"href":"https:\/\/www.europesays.com\/fr\/wp-json\/wp\/v2\/tags?post=166048"}],"curies":[{"name":"wp","href":"https:\/\/api.w.org\/{rel}","templated":true}]}}