{"id":166050,"date":"2025-06-10T16:16:10","date_gmt":"2025-06-10T16:16:10","guid":{"rendered":"https:\/\/www.europesays.com\/fr\/166050\/"},"modified":"2025-06-10T16:16:10","modified_gmt":"2025-06-10T16:16:10","slug":"stellantis-sera-desormais-dirige-depuis-les-etats-unis","status":"publish","type":"post","link":"https:\/\/www.europesays.com\/fr\/166050\/","title":{"rendered":"Stellantis sera d\u00e9sormais dirig\u00e9 depuis les Etats-Unis"},"content":{"rendered":"<p>Antonio Filosa, nomm\u00e9 directeur g\u00e9n\u00e9ral de Stellantis, dirigera le groupe depuis D\u00e9troit, o\u00f9 il g\u00e9rait d\u00e9j\u00e0 les op\u00e9rations nord-am\u00e9ricaines. Ce choix montre l&rsquo;importance du march\u00e9 am\u00e9ricain pour le groupe. Pay\u00e9 en dollars avec un salaire de base de 1,8 million, assorti de bonus cons\u00e9quents, Filosa devra relever les enjeux d&rsquo;un groupe mondial tout en s&rsquo;appuyant sur ses racines op\u00e9rationnelles.<\/p>\n<p>Une nomination qui recentre Stellantis sur les \u00c9tats-Unis<\/p>\n<p>Le 28 mai 2025, <a href=\"https:\/\/www.autoplus.fr\/marque\/stellantis\" rel=\"nofollow noopener\" target=\"_blank\" data-ylk=\"slk:Stellantis;elm:context_link;itc:0;sec:content-canvas\" class=\"link \">Stellantis<\/a> a nomm\u00e9 Antonio Filosa comme nouveau directeur g\u00e9n\u00e9ral. \u00c0 52 ans, cet Italo-Br\u00e9silien succ\u00e8de \u00e0 Carlos Tavares, <strong>dont le d\u00e9part a \u00e9t\u00e9 pr\u00e9cipit\u00e9 par des r\u00e9sultats en demi-teinte en Am\u00e9rique du Nord<\/strong>, r\u00e9gion cl\u00e9 pour les b\u00e9n\u00e9fices du groupe. Contrairement \u00e0 son pr\u00e9d\u00e9cesseur, bas\u00e9 en Europe, <strong>Filosa dirigera Stellantis depuis D\u00e9troit<\/strong>, dans le Michigan. Si l&rsquo;Europe reste le premier march\u00e9 en volume pour Stellantis, c&rsquo;est en Am\u00e9rique du Nord que le constructeur engrange ses profits les plus solides. En 2024, les ventes de pick-ups et de SUV, notamment sous les marques Jeep et Ram, ont repr\u00e9sent\u00e9 une part majeure des revenus, malgr\u00e9 des difficult\u00e9s li\u00e9es \u00e0 une concurrence forte et des co\u00fbts de production \u00e9lev\u00e9s. D\u00e9troit, c\u0153ur historique de l&rsquo;industrie automobile am\u00e9ricaine, devient ainsi le centre n\u00e9vralgique de la direction de Stellantis, une premi\u00e8re pour un groupe aux racines franco-italiennes.<\/p>\n<p><strong>Filosa, qui pilotait d\u00e9j\u00e0 les op\u00e9rations nord-am\u00e9ricaines, conna\u00eet bien cette r\u00e9gion<\/strong>. Les difficult\u00e9s rencontr\u00e9es en 2024, ont pes\u00e9 dans la balance pour \u00e9carter Tavares. Filosa, lui, arrive avec une connaissance fine des attentes des consommateurs am\u00e9ricains. Son salaire de base, fix\u00e9 \u00e0 1,8 million de dollars (environ 1,6 million d&rsquo;euros), est assorti de bonus qui pourraient faire grimper sa&#8230;<a href=\"https:\/\/www.autoplus.fr\/actualite\/stellantis-sera-desormais-dirige-depuis-les-etats-unis-1383932.html\" rel=\"nofollow noopener\" target=\"_blank\" data-ylk=\"slk:Lire la suite sur Autoplus;elm:context_link;itc:0;sec:content-canvas\" class=\"link \">Lire la suite sur Autoplus<\/a><\/p>\n","protected":false},"excerpt":{"rendered":"Antonio Filosa, nomm\u00e9 directeur g\u00e9n\u00e9ral de Stellantis, dirigera le groupe depuis D\u00e9troit, o\u00f9 il g\u00e9rait d\u00e9j\u00e0 les op\u00e9rations&hellip;\n","protected":false},"author":2,"featured_media":166051,"comment_status":"","ping_status":"","sticky":false,"template":"","format":"standard","meta":{"footnotes":""},"categories":[1589],"tags":[11,28042,16303,29948,9132,73,1866,29949,4836,12,1864,1865,1863,308],"class_list":{"0":"post-166050","1":"post","2":"type-post","3":"status-publish","4":"format-standard","5":"has-post-thumbnail","7":"category-etats-unis","8":"tag-actualites","9":"tag-amerique-du-nord","10":"tag-carlos-tavares","11":"tag-detroit","12":"tag-directeur-general","13":"tag-etats-unis","14":"tag-etats-unis-damerique","15":"tag-filosa","16":"tag-marche-americain","17":"tag-news","18":"tag-united-states","19":"tag-united-states-of-america","20":"tag-us","21":"tag-usa"},"share_on_mastodon":{"url":"https:\/\/pubeurope.com\/@fr\/114659969186250035","error":""},"_links":{"self":[{"href":"https:\/\/www.europesays.com\/fr\/wp-json\/wp\/v2\/posts\/166050","targetHints":{"allow":["GET"]}}],"collection":[{"href":"https:\/\/www.europesays.com\/fr\/wp-json\/wp\/v2\/posts"}],"about":[{"href":"https:\/\/www.europesays.com\/fr\/wp-json\/wp\/v2\/types\/post"}],"author":[{"embeddable":true,"href":"https:\/\/www.europesays.com\/fr\/wp-json\/wp\/v2\/users\/2"}],"replies":[{"embeddable":true,"href":"https:\/\/www.europesays.com\/fr\/wp-json\/wp\/v2\/comments?post=166050"}],"version-history":[{"count":0,"href":"https:\/\/www.europesays.com\/fr\/wp-json\/wp\/v2\/posts\/166050\/revisions"}],"wp:featuredmedia":[{"embeddable":true,"href":"https:\/\/www.europesays.com\/fr\/wp-json\/wp\/v2\/media\/166051"}],"wp:attachment":[{"href":"https:\/\/www.europesays.com\/fr\/wp-json\/wp\/v2\/media?parent=166050"}],"wp:term":[{"taxonomy":"category","embeddable":true,"href":"https:\/\/www.europesays.com\/fr\/wp-json\/wp\/v2\/categories?post=166050"},{"taxonomy":"post_tag","embeddable":true,"href":"https:\/\/www.europesays.com\/fr\/wp-json\/wp\/v2\/tags?post=166050"}],"curies":[{"name":"wp","href":"https:\/\/api.w.org\/{rel}","templated":true}]}}