{"id":166052,"date":"2025-06-10T16:17:17","date_gmt":"2025-06-10T16:17:17","guid":{"rendered":"https:\/\/www.europesays.com\/fr\/166052\/"},"modified":"2025-06-10T16:17:17","modified_gmt":"2025-06-10T16:17:17","slug":"le-royaume-uni-et-quatre-autres-pays-sanctionnent-des-ministres-israeliens-accuses-dincitation-a-la-violence","status":"publish","type":"post","link":"https:\/\/www.europesays.com\/fr\/166052\/","title":{"rendered":"Le Royaume-Uni et quatre autres pays sanctionnent des ministres isra\u00e9liens, accus\u00e9s d\u2019\u00abincitation \u00e0 la violence\u00bb"},"content":{"rendered":"<p>Itamar Ben\u00a0Gvir et Bezalel Smotrich, des figures de l\u2019extr\u00eame droite isra\u00e9lienne, sont d\u00e9sormais frapp\u00e9s d\u2019une interdiction de voyager au Royaume-Uni et verront leurs avoirs dans ce pays gel\u00e9.<\/p>\n<p class=\"fig-paragraph\">Le Royaume-Uni, l&rsquo;Australie, le Canada, la Nouvelle-Z\u00e9lande et la Norv\u00e8ge ont impos\u00e9 des sanctions contre deux ministres isra\u00e9liens d&rsquo;extr\u00eame droite, les accusant d&rsquo;\u00abincitation \u00e0 la violence\u00bb contre des Palestiniens en Cisjordanie, ont annonc\u00e9 ces pays mardi dans un communiqu\u00e9 conjoint.<\/p>\n<p class=\"fig-paragraph\"><a href=\"http:\/\/www.lefigaro.fr\/international\/a-jerusalem-itamar-ben-gvir-fait-monter-la-pression-sur-l-esplanade-des-mosquees-20240902\" target=\"_blank\" data-fig-type=\"Article\" rel=\"noopener nofollow\" data-gtm-custom-categorie=\"navigation\" data-gtm-custom-action=\"crossclick\" data-gtm-custom-label=\"Contextuel\" data-gtm-event=\"customEventSPE\" data-fig-domain=\"LEFIGARO\">Itamar Ben\u00a0Gvir\u00a0<\/a>et Bezalel Smotrich \u00abont incit\u00e9 \u00e0 une violence extr\u00eame et \u00e0 de graves violations des droits humains des Palestiniens\u00bb, ont d\u00e9clar\u00e9 les ministres des Affaires \u00e9trang\u00e8res de ces pays, cit\u00e9s dans le communiqu\u00e9. Pr\u00f4ner \u00able d\u00e9placement forc\u00e9 de Palestiniens et la cr\u00e9ation de nouvelles colonies isra\u00e9liennes est effroyable et dangereux\u00bb, ont-ils ajout\u00e9, parlant d&rsquo;actions \u00abinacceptables\u00bb. Le gouvernement isra\u00e9lien a condamn\u00e9 cette d\u00e9cision avant m\u00eame son annonce officielle.<\/p>\n<p class=\"fig-paragraph\">\u00abIl est scandaleux que des repr\u00e9sentants \u00e9lus et des membres du gouvernement soient soumis \u00e0 ce type de mesures\u00bb, a d\u00e9clar\u00e9 le ministre isra\u00e9lien des Affaires \u00e9trang\u00e8res,\u00a0<a href=\"http:\/\/www.lefigaro.fr\/international\/gideon-saar-ministre-des-affaires-etrangeres-israelien-l-iran-ne-doit-pas-devenir-un-etat-nucleaire-20250403\" target=\"_blank\" data-fig-type=\"Article\" rel=\"noopener nofollow\" data-gtm-custom-categorie=\"navigation\" data-gtm-custom-action=\"crossclick\" data-gtm-custom-label=\"Contextuel\" data-gtm-event=\"customEventSPE\" data-fig-domain=\"LEFIGARO\">Gideon Saar<\/a>\u00a0lors d&rsquo;une conf\u00e9rence de presse. Les mesures annonc\u00e9es mardi \u00abse concentrent\u00bb sur la\u00a0<a href=\"http:\/\/www.lefigaro.fr\/international\/jusqu-ou-cela-ira-t-il-en-cisjordanie-la-population-soumise-a-la-pression-croissante-d-israel-20250606\" target=\"_blank\" data-fig-type=\"Article\" rel=\"noopener nofollow\" data-gtm-custom-categorie=\"navigation\" data-gtm-custom-action=\"crossclick\" data-gtm-custom-label=\"Contextuel\" data-gtm-event=\"customEventSPE\" data-fig-domain=\"LEFIGARO\">Cisjordanie<\/a>, expliquent les cinq ministres dans leur communiqu\u00e9. \u00abMais bien s\u00fbr, cela ne peut \u00eatre consid\u00e9r\u00e9 ind\u00e9pendamment de la catastrophe \u00e0 Gaza. Nous restons constern\u00e9s par les immenses souffrances des civils, y compris le refus de l&rsquo;aide\u00bb humanitaire de base, ajoutent-ils. \u00abIl ne doit pas y avoir de transfert ill\u00e9gal de Palestiniens de Gaza ou de Cisjordanie, ni de r\u00e9duction du territoire de la bande de Gaza\u00bb, \u00e9crivent \u00e9galement les ministres.<\/p>\n<p class=\"fig-body-link\">\n            \u00c0 lire aussi<br \/>\n        <a class=\"fig-body-link__link fig-premium-mark\" href=\"http:\/\/www.lefigaro.fr\/international\/a-jerusalem-itamar-ben-gvir-fait-monter-la-pression-sur-l-esplanade-des-mosquees-20240902\" data-fig-type=\"Article\" data-gtm-custom-categorie=\"navigation\" data-gtm-custom-action=\"crossclick\" data-gtm-custom-label=\"Contextuel\" data-gtm-event=\"customEventSPE\" data-fig-domain=\"LEFIGARO\" rel=\"nofollow noopener\" target=\"_blank\">\u00c0 J\u00e9rusalem, Itamar Ben Gvir fait monter la pression sur l\u2019esplanade des Mosqu\u00e9es<br \/>\n    <\/a>\n<\/p>\n<p>\u00abGaza sera totalement d\u00e9truite\u00bb<\/p>\n<p class=\"fig-paragraph\">Itamar Ben\u00a0Gvir et Bezalel Smotrich, des figures de l&rsquo;extr\u00eame droite isra\u00e9lienne, sont d\u00e9sormais frapp\u00e9s d&rsquo;une interdiction de voyager au Royaume-Uni et verront leurs avoirs dans ce pays gel\u00e9. En mai, Bezalel Smotrich, ministre des Finances, avait annonc\u00e9 la cr\u00e9ation de 22 nouvelles colonies juives en Cisjordanie occup\u00e9e. Il a \u00e0 plusieurs reprises manifest\u00e9 son soutien \u00e0 une annexion totale de la Cisjordanie par Isra\u00ebl.<\/p>\n<p class=\"fig-paragraph\">Il est un fervent partisan du plan du pr\u00e9sident am\u00e9ricain Donald Trump de d\u00e9placer de force les Palestiniens hors de la bande de Gaza et a r\u00e9cemment d\u00e9clar\u00e9 que \u00abGaza sera totalement d\u00e9truite\u00bb. De son c\u00f4t\u00e9, Itamar Ben\u00a0Gvir avait d\u00e9clench\u00e9 un toll\u00e9 international apr\u00e8s avoir particip\u00e9 l&rsquo;\u00e9t\u00e9 dernier \u00e0 une pri\u00e8re avec plusieurs centaines de fid\u00e8les juifs sur l&rsquo;esplanade des Mosqu\u00e9es \u00e0 J\u00e9rusalem Est, troisi\u00e8me lieu saint de l&rsquo;islam.<\/p>\n<p class=\"fig-paragraph\">Le Royaume-Uni a durci le ton envers\u00a0<a href=\"http:\/\/www.lefigaro.fr\/greta-thunberg-devrait-prendre-des-cours-de-gestion-de-la-colere-donald-trump-reagit-a-l-arrestation-de-la-militante-en-israel-20250610\" target=\"_blank\" data-fig-type=\"NewsFlash\" rel=\"noopener nofollow\" data-gtm-custom-categorie=\"navigation\" data-gtm-custom-action=\"crossclick\" data-gtm-custom-label=\"Contextuel\" data-gtm-event=\"customEventSPE\" data-fig-domain=\"LEFIGARO\">Isra\u00ebl<\/a>\u00a0depuis l&rsquo;intensification de son offensive \u00e0 Gaza au printemps. Londres a annonc\u00e9 en mai suspendre les n\u00e9gociations bilat\u00e9rales pour un accord de libre-\u00e9change, convoqu\u00e9 l&rsquo;ambassadrice Tzipi Hotovely et annonc\u00e9 de nouvelles sanctions contre des colons en Cisjordanie.<\/p>\n","protected":false},"excerpt":{"rendered":"Itamar Ben\u00a0Gvir et Bezalel Smotrich, des figures de l\u2019extr\u00eame droite isra\u00e9lienne, sont d\u00e9sormais frapp\u00e9s d\u2019une interdiction de voyager&hellip;\n","protected":false},"author":2,"featured_media":166053,"comment_status":"","ping_status":"","sticky":false,"template":"","format":"standard","meta":{"footnotes":""},"categories":[1588],"tags":[259,11,260,3259,1777,674,665,14,664,261,12,262,473,1853,1851,1850,1852],"class_list":{"0":"post-166052","1":"post","2":"type-post","3":"status-publish","4":"format-standard","5":"has-post-thumbnail","7":"category-royaume-uni","8":"tag-actualite-internationale","9":"tag-actualites","10":"tag-affaires-etrangeres","11":"tag-conflit-israelo-palestinien","12":"tag-eu","13":"tag-europe","14":"tag-gaza","15":"tag-international","16":"tag-israel","17":"tag-ministere-des-affaires-etrangeres","18":"tag-news","19":"tag-politique-etrangere","20":"tag-royaume-uni","21":"tag-royaume-uni-de-grande-bretagne-et-dirlande-du-nord","22":"tag-uk","23":"tag-united-kingdom","24":"tag-united-kingdom-of-great-britain-and-northern-ireland"},"share_on_mastodon":{"url":"https:\/\/pubeurope.com\/@fr\/114659973081085686","error":""},"_links":{"self":[{"href":"https:\/\/www.europesays.com\/fr\/wp-json\/wp\/v2\/posts\/166052","targetHints":{"allow":["GET"]}}],"collection":[{"href":"https:\/\/www.europesays.com\/fr\/wp-json\/wp\/v2\/posts"}],"about":[{"href":"https:\/\/www.europesays.com\/fr\/wp-json\/wp\/v2\/types\/post"}],"author":[{"embeddable":true,"href":"https:\/\/www.europesays.com\/fr\/wp-json\/wp\/v2\/users\/2"}],"replies":[{"embeddable":true,"href":"https:\/\/www.europesays.com\/fr\/wp-json\/wp\/v2\/comments?post=166052"}],"version-history":[{"count":0,"href":"https:\/\/www.europesays.com\/fr\/wp-json\/wp\/v2\/posts\/166052\/revisions"}],"wp:featuredmedia":[{"embeddable":true,"href":"https:\/\/www.europesays.com\/fr\/wp-json\/wp\/v2\/media\/166053"}],"wp:attachment":[{"href":"https:\/\/www.europesays.com\/fr\/wp-json\/wp\/v2\/media?parent=166052"}],"wp:term":[{"taxonomy":"category","embeddable":true,"href":"https:\/\/www.europesays.com\/fr\/wp-json\/wp\/v2\/categories?post=166052"},{"taxonomy":"post_tag","embeddable":true,"href":"https:\/\/www.europesays.com\/fr\/wp-json\/wp\/v2\/tags?post=166052"}],"curies":[{"name":"wp","href":"https:\/\/api.w.org\/{rel}","templated":true}]}}