{"id":166058,"date":"2025-06-10T16:20:10","date_gmt":"2025-06-10T16:20:10","guid":{"rendered":"https:\/\/www.europesays.com\/fr\/166058\/"},"modified":"2025-06-10T16:20:10","modified_gmt":"2025-06-10T16:20:10","slug":"dans-quels-pays-de-lue-les-enfants-sont-ils-le-plus-exposes-a-la-pauvrete","status":"publish","type":"post","link":"https:\/\/www.europesays.com\/fr\/166058\/","title":{"rendered":"Dans quels pays de l\u2019UE les enfants sont-ils le plus expos\u00e9s \u00e0 la pauvret\u00e9\u00a0?"},"content":{"rendered":"<p><img decoding=\"async\" class=\"c-ad__placeholder__logo\" src=\"https:\/\/www.europesays.com\/fr\/wp-content\/uploads\/2025\/03\/logo-euronews-grey-6-180x22.svg.svg+xml\" width=\"180\" height=\"22\" alt=\"\" loading=\"lazy\"\/>PUBLICIT\u00c9<\/p>\n<p>En 2024, 19,5 millions d&rsquo;enfants dans l&rsquo;UE \u00e9taient menac\u00e9s de pauvret\u00e9 ou d&rsquo;exclusion sociale, selon les derniers chiffres d&rsquo;Eurostat.<\/p>\n<p>Entre 2023 et 2024, le pourcentage d&rsquo;enfants menac\u00e9s de pauvret\u00e9 ou d&rsquo;exclusion sociale dans l&rsquo;UE a l\u00e9g\u00e8rement diminu\u00e9, passant de 24,8 % \u00e0 24,2 %.<\/p>\n<p>Au niveau national, c&rsquo;est la Bulgarie qui affiche le taux le plus \u00e9lev\u00e9 en 2024, avec 35,1 %, suivie de l&rsquo;Espagne (34,6 %) et de la Roumanie (33,8 %).<\/p>\n<p>En revanche, la Slov\u00e9nie (11,8%), Chypre (14,8%) et la R\u00e9publique tch\u00e8que (15,4%) ont enregistr\u00e9 les taux les plus bas.<\/p>\n<p>L&rsquo;Italie est le seul pays de l&rsquo;UE \u00e0 n&rsquo;avoir connu aucun changement, restant stable \u00e0 27,1%.<\/p>\n<p>\u00ab\u00a0Les institutions de l&rsquo;\u00c9tat-providence jouent un r\u00f4le majeur dans la protection des enfants contre la pauvret\u00e9\u00a0\u00bb, a d\u00e9clar\u00e9 <strong>Alba Lanau S\u00e1nchez<\/strong>, chercheuse \u00e0 l&rsquo;Universitat Pompeu Fabra. \u00ab\u00a0Les pays dot\u00e9s de syst\u00e8mes de protection sociale solides tendent \u00e0 afficher des taux de pauvret\u00e9 infantile plus faibles.\u00a0\u00bb<\/p>\n<p>Dans l&rsquo;UE, le risque de pauvret\u00e9 ou d&rsquo;exclusion sociale \u00e9tait plus \u00e9lev\u00e9 pour les enfants (24,2 %) que pour les adultes (20,3 %), soit une diff\u00e9rence de 3,9 points.<\/p>\n<p>Parmi les pays de l&rsquo;UE, 20 ont connu un risque plus \u00e9lev\u00e9 chez les enfants, les diff\u00e9rences les plus importantes \u00e9tant enregistr\u00e9es en Espagne (10,5%), \u00e0 Malte et en Roumanie (7,3% chacun) et en France (7,2%).<\/p>\n<p><strong>Le facteur \u00e9ducation<\/strong><\/p>\n<p>Les enfants dont les parents ont atteint un niveau d&rsquo;\u00e9ducation plus \u00e9lev\u00e9 sont moins susceptibles d&rsquo;\u00eatre expos\u00e9s au risque de pauvret\u00e9 ou d&rsquo;exclusion sociale.<\/p>\n<p>En 2024, 61,2 % des enfants de l&rsquo;UE vivant avec des parents ayant au plus un niveau d&rsquo;\u00e9ducation secondaire inf\u00e9rieur \u00e9taient menac\u00e9s de pauvret\u00e9 ou d&rsquo;exclusion sociale.<\/p>\n<p>Pour ceux dont les parents ont fr\u00e9quent\u00e9 l&rsquo;enseignement sup\u00e9rieur, la proportion est de 11,0 %.<\/p>\n<p>Il en r\u00e9sulte un \u00e9cart de risque de 50,2 points de pourcentage en fonction du niveau d&rsquo;\u00e9ducation des parents.<\/p>\n<p>Au niveau national, l&rsquo;\u00e9cart \u00e9tait sup\u00e9rieur \u00e0 50 % dans 16 pays de l&rsquo;UE.<\/p>\n<p>Les \u00e9carts les plus faibles ont \u00e9t\u00e9 observ\u00e9s au Danemark, au Portugal et en Estonie, tandis que les \u00e9carts les plus importants ont \u00e9t\u00e9 enregistr\u00e9s en Roumanie, en R\u00e9publique tch\u00e8que et en Bulgarie.<\/p>\n<p><strong>Pourquoi l&rsquo;Espagne figure-t-elle parmi les pays les plus performants ?<\/strong><\/p>\n<p>Bien que le PIB de l&rsquo;Espagne soit plus \u00e9lev\u00e9 que celui de la Bulgarie ou de la Roumanie, le syst\u00e8me d&rsquo;imposition et d&rsquo;indemnisation du pays est souvent point\u00e9 du doigt comme l&rsquo;une des principales raisons de ses taux \u00e9lev\u00e9s de pauvret\u00e9 infantile, d&rsquo;apr\u00e8s les chercheurs.<\/p>\n<p>En 2021, l&rsquo;Espagne n&rsquo;a consacr\u00e9 que 1,3 % de son PIB aux politiques familiales, alors que la moyenne de l&rsquo;OCDE est de 2,3 %.<\/p>\n<p>\u00ab\u00a0Le soutien financier direct aux familles \u00e9tait particuli\u00e8rement modeste\u00a0\u00bb, nous explique <strong>Alba<\/strong><strong>Lanau S\u00e1nchez<\/strong>. \u00ab\u00a0En Espagne, les r\u00e9gimes de prestations en esp\u00e8ces subordonn\u00e9es \u00e0 la pr\u00e9sence d&rsquo;un enfant ont traditionnellement apport\u00e9 un soutien aux d\u00e9ciles sup\u00e9rieurs par le biais d&rsquo;un all\u00e8gement fiscal, dont les m\u00e9nages les plus pauvres ne peuvent pas b\u00e9n\u00e9ficier, mais les m\u00e9nages \u00e0 faible revenu n&rsquo;ont b\u00e9n\u00e9fici\u00e9 que d&rsquo;un soutien limit\u00e9, voire inexistant.\u00a0\u00bb<\/p>\n<p>L&rsquo;Espagne a \u00e9galement introduit le revenu minimum d&rsquo;existence (IMV) en 2021 et le suppl\u00e9ment de soutien aux enfants en 2022, touchant 502 310 m\u00e9nages, selon la <a href=\"https:\/\/revista.seg-social.es\/-\/el-ingreso-m%C3%ADnimo-vital-ha-llegado-a-m%C3%A1s-de-1-mill%C3%B3n-de-hogares-y-ha-beneficiado-a-m%C3%A1s-de-1-3-millones-de-menores-desde-su-puesta-en-marcha\" target=\"_blank\" rel=\"noreferrer nofollow noopener\"><strong>s\u00e9curit\u00e9 sociale espagnole<\/strong><\/a>.<\/p>\n<p>Cependant, on ne sait pas encore dans quelle mesure ces programmes ont am\u00e9lior\u00e9 les conditions de vie des familles avec enfants.<\/p>\n<p>\u00ab\u00a0Les critiques actuelles soulignent les lacunes de l&rsquo;IMV, notamment les barri\u00e8res administratives (qui entra\u00eenent des taux de non-recours \u00e9lev\u00e9s), les restrictions l\u00e9gales d&rsquo;acc\u00e8s affectant certains groupes, tels que les jeunes, les sans-abri, les sans-papiers et les migrants r\u00e9cemment arriv\u00e9s, et la couverture potentielle limit\u00e9e pour les m\u00e9nages \u00e0 faible revenu mais pas gravement pauvres\u00a0\u00bb, explique Alba Lanau S\u00e1nchez.<\/p>\n<p>\u00ab\u00a0Toutefois, nous manquons de recherches universitaires approfondies sur la mani\u00e8re dont l&rsquo;IMV a transform\u00e9 plus profond\u00e9ment le syst\u00e8me de protection sociale, en \u00e9vin\u00e7ant finalement d&rsquo;autres formes d&rsquo;aide, comme les r\u00e9gimes r\u00e9gionaux de revenu minimum\u00a0\u00bb, conclut-elle.<\/p>\n","protected":false},"excerpt":{"rendered":"PUBLICIT\u00c9 En 2024, 19,5 millions d&rsquo;enfants dans l&rsquo;UE \u00e9taient menac\u00e9s de pauvret\u00e9 ou d&rsquo;exclusion sociale, selon les derniers&hellip;\n","protected":false},"author":2,"featured_media":166059,"comment_status":"","ping_status":"","sticky":false,"template":"","format":"standard","meta":{"footnotes":""},"categories":[1586],"tags":[11,1057,1719,1777,674,1779,1011,27,12,4518,25,1778,364],"class_list":{"0":"post-166058","1":"post","2":"type-post","3":"status-publish","4":"format-standard","5":"has-post-thumbnail","7":"category-europe","8":"tag-actualites","9":"tag-education","10":"tag-enfants","11":"tag-eu","12":"tag-europe","13":"tag-european-union","14":"tag-fr","15":"tag-france","16":"tag-news","17":"tag-pauvrete","18":"tag-republique-francaise","19":"tag-ue","20":"tag-union-europeenne"},"share_on_mastodon":{"url":"https:\/\/pubeurope.com\/@fr\/114659984956931300","error":""},"_links":{"self":[{"href":"https:\/\/www.europesays.com\/fr\/wp-json\/wp\/v2\/posts\/166058","targetHints":{"allow":["GET"]}}],"collection":[{"href":"https:\/\/www.europesays.com\/fr\/wp-json\/wp\/v2\/posts"}],"about":[{"href":"https:\/\/www.europesays.com\/fr\/wp-json\/wp\/v2\/types\/post"}],"author":[{"embeddable":true,"href":"https:\/\/www.europesays.com\/fr\/wp-json\/wp\/v2\/users\/2"}],"replies":[{"embeddable":true,"href":"https:\/\/www.europesays.com\/fr\/wp-json\/wp\/v2\/comments?post=166058"}],"version-history":[{"count":0,"href":"https:\/\/www.europesays.com\/fr\/wp-json\/wp\/v2\/posts\/166058\/revisions"}],"wp:featuredmedia":[{"embeddable":true,"href":"https:\/\/www.europesays.com\/fr\/wp-json\/wp\/v2\/media\/166059"}],"wp:attachment":[{"href":"https:\/\/www.europesays.com\/fr\/wp-json\/wp\/v2\/media?parent=166058"}],"wp:term":[{"taxonomy":"category","embeddable":true,"href":"https:\/\/www.europesays.com\/fr\/wp-json\/wp\/v2\/categories?post=166058"},{"taxonomy":"post_tag","embeddable":true,"href":"https:\/\/www.europesays.com\/fr\/wp-json\/wp\/v2\/tags?post=166058"}],"curies":[{"name":"wp","href":"https:\/\/api.w.org\/{rel}","templated":true}]}}