{"id":166064,"date":"2025-06-10T16:23:12","date_gmt":"2025-06-10T16:23:12","guid":{"rendered":"https:\/\/www.europesays.com\/fr\/166064\/"},"modified":"2025-06-10T16:23:12","modified_gmt":"2025-06-10T16:23:12","slug":"la-federation-nationale-des-scot-se-mobilise-pour-la-reconquete-de-la-biodiversite","status":"publish","type":"post","link":"https:\/\/www.europesays.com\/fr\/166064\/","title":{"rendered":"la F\u00e9d\u00e9ration nationale des Scot se mobilise pour la reconqu\u00eate de la biodiversit\u00e9"},"content":{"rendered":"<p>Le projet Life Biodiv&rsquo;France, pilot\u00e9 par l&rsquo;Office fran\u00e7ais de la biodiversit\u00e9 (OFB) et financ\u00e9 par l&rsquo;Union europ\u00e9enne, vise \u00e0 accompagner la mise en \u009cuvre de la Strat\u00e9gie nationale pour la biodiversit\u00e9 \u00e0 l&rsquo;horizon 2030. Dans le cadre d&rsquo;un appel \u00e0 manifestation d&rsquo;int\u00e9r\u00eat (AMI), trente\u00a0structures porteuses de sch\u00e9mas de coh\u00e9rence territoriale (Scot) ont \u00e9t\u00e9 retenues,\u00a0\u00ab\u00a0pour construire une v\u00e9ritable politique de reconqu\u00eate de biodiversit\u00e9\u00a0\u00bb, a annonc\u00e9 la F\u00e9d\u00e9ration nationale des&#8230;<\/p>\n<p>Article publi\u00e9 le 10 juin 2025<\/p>\n","protected":false},"excerpt":{"rendered":"Le projet Life Biodiv&rsquo;France, pilot\u00e9 par l&rsquo;Office fran\u00e7ais de la biodiversit\u00e9 (OFB) et financ\u00e9 par l&rsquo;Union europ\u00e9enne, vise&hellip;\n","protected":false},"author":2,"featured_media":166065,"comment_status":"","ping_status":"","sticky":false,"template":"","format":"standard","meta":{"footnotes":""},"categories":[4],"tags":[21806,14427,21809,21810,1111,21805,47,11,4763,2965,2813,21811,21807,21804,21808,21818,4858,51,893,436,18315,1011,27,21813,21815,6417,12,6334,21812,1800,4048,21816,21814,3887,25,4510,17429,895,21817],"class_list":{"0":"post-166064","1":"post","2":"type-post","3":"status-publish","4":"format-standard","5":"has-post-thumbnail","7":"category-france","8":"tag-cologie","9":"tag-nergie","10":"tag-nergies-renouvelables","11":"tag-olien","12":"tag-actu","13":"tag-actualit","14":"tag-actualite","15":"tag-actualites","16":"tag-agenda","17":"tag-air","18":"tag-article","19":"tag-biomasse","20":"tag-dchet","21":"tag-dveloppement-durable","22":"tag-dechet","23":"tag-e-zine","24":"tag-eau","25":"tag-ecologie","26":"tag-energie","27":"tag-environnement","28":"tag-eolien","29":"tag-fr","30":"tag-france","31":"tag-hse","32":"tag-hygine","33":"tag-information","34":"tag-news","35":"tag-newsletter","36":"tag-photovoltaique","37":"tag-pollution","38":"tag-presse","39":"tag-propret","40":"tag-qse","41":"tag-recyclage","42":"tag-republique-francaise","43":"tag-risque","44":"tag-sol","45":"tag-solaire","46":"tag-webzine"},"share_on_mastodon":{"url":"https:\/\/pubeurope.com\/@fr\/114659996832371684","error":""},"_links":{"self":[{"href":"https:\/\/www.europesays.com\/fr\/wp-json\/wp\/v2\/posts\/166064","targetHints":{"allow":["GET"]}}],"collection":[{"href":"https:\/\/www.europesays.com\/fr\/wp-json\/wp\/v2\/posts"}],"about":[{"href":"https:\/\/www.europesays.com\/fr\/wp-json\/wp\/v2\/types\/post"}],"author":[{"embeddable":true,"href":"https:\/\/www.europesays.com\/fr\/wp-json\/wp\/v2\/users\/2"}],"replies":[{"embeddable":true,"href":"https:\/\/www.europesays.com\/fr\/wp-json\/wp\/v2\/comments?post=166064"}],"version-history":[{"count":0,"href":"https:\/\/www.europesays.com\/fr\/wp-json\/wp\/v2\/posts\/166064\/revisions"}],"wp:featuredmedia":[{"embeddable":true,"href":"https:\/\/www.europesays.com\/fr\/wp-json\/wp\/v2\/media\/166065"}],"wp:attachment":[{"href":"https:\/\/www.europesays.com\/fr\/wp-json\/wp\/v2\/media?parent=166064"}],"wp:term":[{"taxonomy":"category","embeddable":true,"href":"https:\/\/www.europesays.com\/fr\/wp-json\/wp\/v2\/categories?post=166064"},{"taxonomy":"post_tag","embeddable":true,"href":"https:\/\/www.europesays.com\/fr\/wp-json\/wp\/v2\/tags?post=166064"}],"curies":[{"name":"wp","href":"https:\/\/api.w.org\/{rel}","templated":true}]}}