{"id":166090,"date":"2025-06-10T16:37:09","date_gmt":"2025-06-10T16:37:09","guid":{"rendered":"https:\/\/www.europesays.com\/fr\/166090\/"},"modified":"2025-06-10T16:37:09","modified_gmt":"2025-06-10T16:37:09","slug":"florent-pagny-et-julien-clerc-reglement-de-comptes-en-plein-plateau-televise","status":"publish","type":"post","link":"https:\/\/www.europesays.com\/fr\/166090\/","title":{"rendered":"Florent Pagny et Julien Clerc : r\u00e8glement de comptes en plein plateau t\u00e9l\u00e9vis\u00e9"},"content":{"rendered":"<p>      R\u00e9sum\u00e9<\/p>\n<p>Julien Clerc, 77 ans, \u00e9voque sa carri\u00e8re et son nouveau disque face \u00e0 Laurent Delahousse, interrompu par Florent Pagny qui l&rsquo;interroge sur sa jeunesse \u00e9tonnante.<\/p>\n<p>        Sommaire<\/p>\n<p>A-t-il bu un \u00e9lixir de jouvence ? A-t-il sign\u00e9 un papier ? Ou prend-il, tout simplement, soin de sa sant\u00e9 ? Dans tous les cas, le fait est que <a href=\"https:\/\/vsd.fr\/29349-julien-clerc-la-voix-royale\/\" target=\"_blank\" rel=\"noopener\">Julien Clerc<\/a> para\u00eet \u00e9ternellement jeune et, ce, malgr\u00e9 ses 77 ans. Une jeunesse \u00e9ternelle qui rend \u00ab\u00a0jaloux\u00a0\u00bb certains de ses confr\u00e8res comme <a href=\"https:\/\/www.public.fr\/tag\/florent-pagny\" target=\"_blank\" rel=\"noopener\">Florent Pagny<\/a> par exemple.<\/p>\n<p>En effet, ce dernier a interpell\u00e9 l\u2019interpr\u00e8te de \u00ab\u00a0Ma pr\u00e9f\u00e9rence\u00a0\u00bb ce dimanche 8 juin 2025 <a href=\"https:\/\/www.public.fr\/laurent-delahousse-recadre-julien-clerc-fait-une-mise-au-point-en-direct-sur-sa-relation-avec-france-gall\" target=\"_blank\" rel=\"noopener\">sur le plateau de Laurent Delahousse<\/a>. Julien Clerc \u00e9tait l\u2019invit\u00e9 de <strong>\u00ab\u00a020h30 le dimanche\u00a0\u00bb<\/strong> \u00e0 l\u2019occasion de la promotion de son 28e album studio d\u00e9voil\u00e9 en mai dernier.\u00a0<\/p>\n<p>Florent Pagny demande son secret \u00e0 Julien Clerc<\/p>\n<p>Face au journaliste, le chanteur \u00e2g\u00e9 de 77 ans a donc \u00e9voqu\u00e9 son dernier projet et notamment le titre qu\u2019il a d\u00e9di\u00e9 \u00e0 G\u00e9rard Leclerc, son fr\u00e8re d\u00e9c\u00e9d\u00e9 le 15 ao\u00fbt 2023. En plus de ce morceau, l\u2019artiste a \u00e9galement accept\u00e9 de revenir sur sa longe carri\u00e8re jusqu\u2019au moment o\u00f9 Florent Pagny l\u2019a coup\u00e9 et interpell\u00e9 en pleine interview.<\/p>\n<p>En effet, au cours de son \u00e9change avec Laurent Delahousse, Julien Clerc a vu l\u2019interpr\u00e8te de \u00ab\u00a0Ma libert\u00e9 de penser\u00a0\u00bb intervenir sans vraiment s\u2019y attendre. \u00ab\u00a0Salut Julien ! Alors, \u00e9coute, depuis toujours, chaque fois que tu apparais \u00e0 l\u2019\u00e9cran, dans une \u00e9mission, il y a toujours quelqu\u2019un qui dit :\u00a0\u2018Ah vraiment, il ne vieillit pas, il ne fait pas son \u00e2ge\u2019\u00a0\u00bb, a d\u2019abord rappel\u00e9 Florent Pagny.<\/p>\n<p>Le coach gagnant de la derni\u00e8re saison de <strong>\u00ab\u00a0The Voice\u00a0\u00bb<\/strong> a finalement demand\u00e9 : \u00ab\u00a0<strong>C\u2019est vrai que tu ne fais pas ton \u00e2ge. Mais est-ce que t\u2019as une recette, un truc ? T\u2019as sign\u00e9 un papier un jour ?<\/strong> Ou tu manges que des l\u00e9gumes ?\u00a0\u00bb.<\/p>\n<p>Le chanteur de 77 ans donne les raisons de sa jeunesse \u00e9ternelle<\/p>\n<p>Hilare, Julien Clerc a assur\u00e9 n\u2019avoir aucun secret. D\u2019autant plus qu\u2019il ne \u00ab\u00a0mange pas que des l\u00e9gumes\u00a0\u00bb. <strong>\u00ab\u00a0Quand j\u2019ai commenc\u00e9 \u00e0 chanter, je pense que j\u2019avais 21 ans. Franchement, j\u2019en paraissais 16\u00a0\u00bb<\/strong>, a poursuivi le chanteur de 77 ans, conscient qu\u2019il a toujours paru jeune aux yeux de ses fans.\u00a0<\/p>\n<p>\u00ab\u00a0Et puis le fait de faire ce m\u00e9tier, ce n\u2019est pas qu\u2019on ne voit pas passer le temps, parce qu\u2019on le voit passer et qu\u2019on est confront\u00e9s \u00e0 la concurrence quand m\u00eame au fur et \u00e0 mesure, mais comme ce n\u2019est pas compl\u00e8tement un m\u00e9tier, \u00e7a nous permet de voir le temps mieux passer. Et puis il faut faire un peu attention \u00e0 soi parce qu\u2019on se donne en spectacle !\u00a0\u00bb,\u00a0a-t-il finalement conclu pour expliquer son \u00ab\u00a0secret\u00a0\u00bb de jeunesse.\u00a0<\/p>\n<p>      Mentionn\u00e9s dans cet article<\/p>\n<p>\u00c0 lire aussi<\/p>\n","protected":false},"excerpt":{"rendered":"R\u00e9sum\u00e9 Julien Clerc, 77 ans, \u00e9voque sa carri\u00e8re et son nouveau disque face \u00e0 Laurent Delahousse, interrompu par&hellip;\n","protected":false},"author":2,"featured_media":166091,"comment_status":"","ping_status":"","sticky":false,"template":"","format":"standard","meta":{"footnotes":""},"categories":[1355],"tags":[58,59,3109,1011,27,1735,5097,1361,873],"class_list":{"0":"post-166090","1":"post","2":"type-post","3":"status-publish","4":"format-standard","5":"has-post-thumbnail","7":"category-musique","8":"tag-divertissement","9":"tag-entertainment","10":"tag-florent-pagny","11":"tag-fr","12":"tag-france","13":"tag-julien-clerc","14":"tag-laurent-delahousse","15":"tag-music","16":"tag-musique"},"share_on_mastodon":{"url":"https:\/\/pubeurope.com\/@fr\/114660051816398690","error":""},"_links":{"self":[{"href":"https:\/\/www.europesays.com\/fr\/wp-json\/wp\/v2\/posts\/166090","targetHints":{"allow":["GET"]}}],"collection":[{"href":"https:\/\/www.europesays.com\/fr\/wp-json\/wp\/v2\/posts"}],"about":[{"href":"https:\/\/www.europesays.com\/fr\/wp-json\/wp\/v2\/types\/post"}],"author":[{"embeddable":true,"href":"https:\/\/www.europesays.com\/fr\/wp-json\/wp\/v2\/users\/2"}],"replies":[{"embeddable":true,"href":"https:\/\/www.europesays.com\/fr\/wp-json\/wp\/v2\/comments?post=166090"}],"version-history":[{"count":0,"href":"https:\/\/www.europesays.com\/fr\/wp-json\/wp\/v2\/posts\/166090\/revisions"}],"wp:featuredmedia":[{"embeddable":true,"href":"https:\/\/www.europesays.com\/fr\/wp-json\/wp\/v2\/media\/166091"}],"wp:attachment":[{"href":"https:\/\/www.europesays.com\/fr\/wp-json\/wp\/v2\/media?parent=166090"}],"wp:term":[{"taxonomy":"category","embeddable":true,"href":"https:\/\/www.europesays.com\/fr\/wp-json\/wp\/v2\/categories?post=166090"},{"taxonomy":"post_tag","embeddable":true,"href":"https:\/\/www.europesays.com\/fr\/wp-json\/wp\/v2\/tags?post=166090"}],"curies":[{"name":"wp","href":"https:\/\/api.w.org\/{rel}","templated":true}]}}