{"id":166096,"date":"2025-06-10T16:41:09","date_gmt":"2025-06-10T16:41:09","guid":{"rendered":"https:\/\/www.europesays.com\/fr\/166096\/"},"modified":"2025-06-10T16:41:09","modified_gmt":"2025-06-10T16:41:09","slug":"noemie-lenoir-se-confie-sur-des-annees-daddiction","status":"publish","type":"post","link":"https:\/\/www.europesays.com\/fr\/166096\/","title":{"rendered":"No\u00e9mie Lenoir se confie sur des ann\u00e9es d\u2019addiction"},"content":{"rendered":"<p>Dans une vid\u00e9o publi\u00e9e, samedi 7 juin, sur Konbini, l\u2019ancien top model et actrice fran\u00e7aise de 45 ans livre un t\u00e9moignage bouleversant sur son addiction \u00e0 l\u2019alcool.<\/p>\n<p class=\"fig-paragraph\">Elle le d\u00e9clare calmement, face \u00e0 la cam\u00e9ra. Au-del\u00e0 des projecteurs, l\u2019ex-mannequin star des ann\u00e9es 2000 et actrice fran\u00e7aise\u00a0<a href=\"https:\/\/madame.lefigaro.fr\/tag\/noemie-lenoir\" target=\"_blank\" rel=\"noopener nofollow\" data-gtm-custom-categorie=\"navigation\" data-gtm-custom-action=\"crossclick\" data-gtm-custom-label=\"Contextuel\" data-gtm-event=\"customEventSPE\">No\u00e9mie Lenoir<\/a>\u00a0pose des mots rares sur une r\u00e9alit\u00e9 encore tue\u00a0: la\u00a0<a href=\"http:\/\/madame.lefigaro.fr\/societe\/quand-on-pense-alcooliques-on-imagine-des-femmes-de-la-rue-mais-j-etais-cadre-superieure-chez-vinci-le-tabou-de-l-alcool-au-feminin-20250423\" data-fig-type=\"Article\" data-gtm-custom-categorie=\"navigation\" data-gtm-custom-action=\"crossclick\" data-gtm-custom-label=\"Contextuel\" data-gtm-event=\"customEventSPE\" data-fig-domain=\"MADAME\" rel=\"nofollow noopener\" target=\"_blank\">d\u00e9pendance \u00e0 l\u2019alcool chez les femmes<\/a>. Elle aussi a \u00e9t\u00e9 victime de ce mal silencieux et le raconte aujourd\u2019hui \u00e0 nos confr\u00e8res de Konbini dans\u00a0<a href=\"https:\/\/www.youtube.com\/watch?v=yAufBcI-zoQ\" target=\"_blank\" rel=\"nofollow noopener\" data-gtm-custom-categorie=\"navigation\" data-gtm-custom-action=\"crossclick\" data-gtm-custom-label=\"Contextuel\" data-gtm-event=\"customEventSPE\">une vid\u00e9o\u00a0<\/a>diffus\u00e9e ce samedi 7 juin.<\/p>\n<p class=\"fig-body-link&#10;    \">\n            \u00c0 lire aussi<br \/>\n        <a class=\"fig-body-link__link fig-premium-mark\" href=\"http:\/\/madame.lefigaro.fr\/business\/dans-les-soirees-pros-je-cache-mon-verre-dans-un-coin-pour-ne-pas-perdre-le-controle-constance-35-ans-et-l-alcool-au-travail-20250319\" data-fig-type=\"Article\" data-gtm-custom-categorie=\"navigation\" data-gtm-custom-action=\"crossclick\" data-gtm-custom-label=\"Contextuel\" data-gtm-event=\"customEventSPE\" data-fig-domain=\"MADAME\" rel=\"nofollow noopener\" target=\"_blank\">\u00abDans les soir\u00e9es pros, je cache mon verre dans un coin pour ne pas perdre le contr\u00f4le\u00bb\u00a0: Constance, 35 ans, et l\u2019alcool au travail<\/a>\n<\/p>\n<p class=\"fig-paragraph\">L\u2019alcool entre dans sa vie alors qu\u2019elle n\u2019a que 19 ans, de mani\u00e8re presque anodine. \u00abC\u2019\u00e9tait festif, c\u2019\u00e9tait juste des soir\u00e9es entre potes\u00bb, se souvient No\u00e9mie Lenoir. Comme beaucoup de jeunes adultes, elle l\u2019exp\u00e9rimente dans<a href=\"http:\/\/madame.lefigaro.fr\/bien-etre\/psycho\/mon-mari-a-arrete-de-boire-du-vin-et-je-me-suis-sentie-totalement-abandonnee-blanche-38-ans-et-l-alcool-dans-le-couple-20250405\" data-fig-type=\"Article\" data-gtm-custom-categorie=\"navigation\" data-gtm-custom-action=\"crossclick\" data-gtm-custom-label=\"Contextuel\" data-gtm-event=\"customEventSPE\" data-fig-domain=\"MADAME\" rel=\"nofollow noopener\" target=\"_blank\">\u00a0un contexte social<\/a>, sans mesurer les risques. Mais le basculement s\u2019op\u00e8re insidieusement. \u00abLe jour o\u00f9 je me suis rendu compte que ce n\u2019\u00e9tait plus normal, c\u2019est quand j\u2019\u00e9tais seule \u00e0 la maison et que j\u2019ouvrais mes bouteilles de ros\u00e9\u00bb, raconte-t-elle.<\/p>\n<p class=\"fig-paragraph\">Aujourd\u2019hui \u00e2g\u00e9e de 45 ans, l\u2019actrice \u00e9voque sans d\u00e9tour les origines de sa d\u00e9pendance et de l\u2019environnement familial fragilis\u00e9 dans lequel elle a grandi. \u00abJ\u2019avais\u00a0<a href=\"http:\/\/madame.lefigaro.fr\/enfants\/education\/j-ai-ete-une-mere-defaillante-alcooliques-bipolaires-violentes-elles-ont-vecu-la-culpabilite-et-la-honte-20230404\" data-fig-type=\"Article\" data-gtm-custom-categorie=\"navigation\" data-gtm-custom-action=\"crossclick\" data-gtm-custom-label=\"Contextuel\" data-gtm-event=\"customEventSPE\" data-fig-domain=\"MADAME\" rel=\"nofollow noopener\" target=\"_blank\">un papa alcoolique<\/a>, une maman qui \u00e9tait en d\u00e9pression\u00bb, confie-t-elle. Autant de raisons qui l\u2019ont pouss\u00e9e \u00ab\u00e0 se battre contre \u00e7a\u00bb, dit-elle, et \u00e0 se tourner vers l\u2019alcool comme anesth\u00e9siant \u00e0 sa douleur.<\/p>\n<p>L\u2019isolement de la d\u00e9pendance<\/p>\n<p class=\"fig-paragraph\">L\u2019engrenage de la\u00a0<a href=\"https:\/\/madame.lefigaro.fr\/tag\/depression\" target=\"_blank\" rel=\"noopener nofollow\" data-gtm-custom-categorie=\"navigation\" data-gtm-custom-action=\"crossclick\" data-gtm-custom-label=\"Contextuel\" data-gtm-event=\"customEventSPE\">d\u00e9pression<\/a>\u00a0s\u2019enclenche \u00e0 28 ans. Jusqu\u2019\u00e0 un \u00e9pisode dramatique en 2010, qu\u2019elle \u00e9voque sans fard\u00a0: une tentative de suicide qui marquera un tournant. \u00abJe suis sortie de l\u00e0 et je me suis dit, je suis alcoolique. Je me d\u00e9testais\u00bb, r\u00e9sume-t-elle. \u00c0 l\u2019\u00e9poque, ce mal-\u00eatre s\u2019alimente avec l\u2019isolement que g\u00e9n\u00e8re l\u2019addiction. \u00abJe n\u2019avais personne pour parler\u00bb, avoue la quadrag\u00e9naire. Alors plut\u00f4t que de chercher de l\u2019aide, l\u2019ex-mod\u00e8le se rappelle avoir pr\u00e9f\u00e9r\u00e9 \u00abtra\u00eener avec des gens qui buvaient comme (elle)\u00bb.<\/p>\n<p class=\"fig-paragraph\">L\u2019incompr\u00e9hension de ses proches face \u00e0 l\u2019alcoolisme transpara\u00eet \u00e9galement dans ses mots. \u00abOn va dire (\u00e0 une personne alcoolique) \u201cvas-y, c\u2019est bon, aie un peu de volont\u00e9\u201d, \u201carr\u00eate, ce n\u2019est pas si compliqu\u00e9 d\u2019arr\u00eater\u201d\u00bb. Ces injonctions bien intentionn\u00e9es mais vaines, No\u00e9mie Lenoir les d\u00e9monte une \u00e0 une. \u00abTenir dans l\u2019alcool, c\u2019est quoi\u00a0? Tenir, c\u2019est serrer les dents. C\u2019est dire \u201cnon\u201d encore et encore. Mais ce n\u2019est pas \u00e7a, en fait\u00bb, d\u00e9ment-elle.<\/p>\n<p>Vers la reconstruction<\/p>\n<p class=\"fig-paragraph\">Pour elle, c\u2019est la rencontre avec\u00a0<a href=\"https:\/\/madame.lefigaro.fr\/bien-etre\/comment-trouver-le-bon-psy-qui-nous-fera-avancer-110521-196441\" data-fig-type=\"Article\" data-gtm-custom-categorie=\"navigation\" data-gtm-custom-action=\"crossclick\" data-gtm-custom-label=\"Contextuel\" data-gtm-event=\"customEventSPE\" data-fig-domain=\"MADAME\" rel=\"nofollow noopener\" target=\"_blank\">un psychologue\u00a0<\/a>\u00e0 33 ans qui marquera le d\u00e9but d\u2019un long processus de reconstruction. \u00abOn a commenc\u00e9 \u00e0 poser des mots, on a commenc\u00e9 \u00e0 revisiter les silences\u00bb, explique-t-elle. Un travail th\u00e9rapeutique qui lui fait comprendre que la gu\u00e9rison ne peut venir que de l\u2019int\u00e9rieur. \u00abIl fallait que je cherche en moi cette force pour m\u2019en sortir\u00bb, assure No\u00e9mie Lenoir.<\/p>\n<p class=\"fig-paragraph\">Si l\u2019actrice reste encore discr\u00e8te sur son parcours actuel, elle laisse entendre que ce suivi psychologique continue de l\u2019aider dans son combat quotidien contre l\u2019alcool. \u00abAujourd\u2019hui, on me dit \u201c\u00e7a va \u00e7a fait longtemps que tu n\u2019as pas bu\u201d\u00bb, rapporte-t-elle, faisant ainsi r\u00e9f\u00e9rence \u00e0 son engagement envers l\u2019abstinence sans pour autant d\u00e9tailler la date d\u2019origine.<\/p>\n<p class=\"fig-paragraph\">Cette prise de parole intervient dans le cadre du festival \u00ab<a href=\"https:\/\/cestquilaboss.com\/\" target=\"_blank\" rel=\"nofollow noopener\" data-gtm-custom-categorie=\"navigation\" data-gtm-custom-action=\"crossclick\" data-gtm-custom-label=\"Contextuel\" data-gtm-event=\"customEventSPE\">C\u2019est qui la boss\u00a0?<\/a>\u00bb, \u00e9v\u00e9nement parisien d\u00e9di\u00e9 \u00e0 l\u2019ambition f\u00e9minine. Avec elle, la quadra esp\u00e8re faire passer un message de sant\u00e9 publique. \u00abAujourd\u2019hui, moi en tant qu\u2019alcoolique, j\u2019ai envie de dire aux gens qui sont alcooliques qu\u2019ils ne sont pas seuls\u00bb, t\u00e9moigne-t-elle. Avant d\u2019ajouter\u00a0: \u00abJe suis alcoolique et je le serai toute ma vie. Et ce n\u2019est pas une honte, ce n\u2019est pas une fiert\u00e9 non plus, mais c\u2019est une maladie\u00bb.<\/p>\n","protected":false},"excerpt":{"rendered":"Dans une vid\u00e9o publi\u00e9e, samedi 7 juin, sur Konbini, l\u2019ancien top model et actrice fran\u00e7aise de 45 ans&hellip;\n","protected":false},"author":2,"featured_media":166097,"comment_status":"","ping_status":"","sticky":false,"template":"","format":"standard","meta":{"footnotes":""},"categories":[8],"tags":[5702,2424,4986,4983,4987,58,59,4989,1295,1294,638,4988,1011,27,977,4992,4862,28953,4991,206,71,4985,4984,279,4990,240,4993],"class_list":{"0":"post-166096","1":"post","2":"type-post","3":"status-publish","4":"format-standard","5":"has-post-thumbnail","7":"category-divertissement","8":"tag-alcool","9":"tag-beaute","10":"tag-beaute-et-bien-etre","11":"tag-bien-etre","12":"tag-detente","13":"tag-divertissement","14":"tag-entertainment","15":"tag-fatigue","16":"tag-feminin","17":"tag-femme","18":"tag-figaro","19":"tag-forme","20":"tag-fr","21":"tag-france","22":"tag-madame","23":"tag-meditation","24":"tag-mieux-etre","25":"tag-noemie-lenoir","26":"tag-nutrition","27":"tag-psycho","28":"tag-sante","29":"tag-sante-et-bien-etre","30":"tag-soins","31":"tag-sommeil","32":"tag-stress","33":"tag-temoignage","34":"tag-yoga"},"share_on_mastodon":{"url":"https:\/\/pubeurope.com\/@fr\/114660067541342255","error":""},"_links":{"self":[{"href":"https:\/\/www.europesays.com\/fr\/wp-json\/wp\/v2\/posts\/166096","targetHints":{"allow":["GET"]}}],"collection":[{"href":"https:\/\/www.europesays.com\/fr\/wp-json\/wp\/v2\/posts"}],"about":[{"href":"https:\/\/www.europesays.com\/fr\/wp-json\/wp\/v2\/types\/post"}],"author":[{"embeddable":true,"href":"https:\/\/www.europesays.com\/fr\/wp-json\/wp\/v2\/users\/2"}],"replies":[{"embeddable":true,"href":"https:\/\/www.europesays.com\/fr\/wp-json\/wp\/v2\/comments?post=166096"}],"version-history":[{"count":0,"href":"https:\/\/www.europesays.com\/fr\/wp-json\/wp\/v2\/posts\/166096\/revisions"}],"wp:featuredmedia":[{"embeddable":true,"href":"https:\/\/www.europesays.com\/fr\/wp-json\/wp\/v2\/media\/166097"}],"wp:attachment":[{"href":"https:\/\/www.europesays.com\/fr\/wp-json\/wp\/v2\/media?parent=166096"}],"wp:term":[{"taxonomy":"category","embeddable":true,"href":"https:\/\/www.europesays.com\/fr\/wp-json\/wp\/v2\/categories?post=166096"},{"taxonomy":"post_tag","embeddable":true,"href":"https:\/\/www.europesays.com\/fr\/wp-json\/wp\/v2\/tags?post=166096"}],"curies":[{"name":"wp","href":"https:\/\/api.w.org\/{rel}","templated":true}]}}