{"id":166112,"date":"2025-06-10T16:49:22","date_gmt":"2025-06-10T16:49:22","guid":{"rendered":"https:\/\/www.europesays.com\/fr\/166112\/"},"modified":"2025-06-10T16:49:22","modified_gmt":"2025-06-10T16:49:22","slug":"maxeville-popcorn-lance-la-fete-des-fraises","status":"publish","type":"post","link":"https:\/\/www.europesays.com\/fr\/166112\/","title":{"rendered":"Max\u00e9ville. Popcorn lance la F\u00eate des fraises"},"content":{"rendered":"<p>Jeudi 5\u00a0juin, le march\u00e9 des producteurs locaux s\u2019est anim\u00e9 avec le duo \u00ab\u00a0Popcorn\u00a0\u00bb. Nina Davi, au chant, et J\u00e9r\u00e9my Musiani, \u00e0 la guitare, issus de la Music Academy International de Nancy, ont ambianc\u00e9 le march\u00e9 de chansons folk et de musique d\u2019ambiance. Un \u00e9chauffement festif avant la F\u00eate des fraises, dont l\u2019\u00e9dition 2025 animera les quartiers de la ville les 13, 14 et 15\u00a0juin.<\/p>\n","protected":false},"excerpt":{"rendered":"Jeudi 5\u00a0juin, le march\u00e9 des producteurs locaux s\u2019est anim\u00e9 avec le duo \u00ab\u00a0Popcorn\u00a0\u00bb. Nina Davi, au chant, et&hellip;\n","protected":false},"author":2,"featured_media":166113,"comment_status":"","ping_status":"","sticky":false,"template":"","format":"standard","meta":{"footnotes":""},"categories":[9635],"tags":[1111,11,1687,1704,1777,674,1011,27,775,10061,10262,873,1702,12,25],"class_list":{"0":"post-166112","1":"post","2":"type-post","3":"status-publish","4":"format-standard","5":"has-post-thumbnail","7":"category-nancy","8":"tag-actu","9":"tag-actualites","10":"tag-culture-loisirs","11":"tag-edition-nancy-et-agglomeration","12":"tag-eu","13":"tag-europe","14":"tag-fr","15":"tag-france","16":"tag-grand-est","17":"tag-maxeville","18":"tag-metropole-du-grand-nancy-54b5","19":"tag-musique","20":"tag-nancy","21":"tag-news","22":"tag-republique-francaise"},"share_on_mastodon":{"url":"https:\/\/pubeurope.com\/@fr\/114660098961652097","error":""},"_links":{"self":[{"href":"https:\/\/www.europesays.com\/fr\/wp-json\/wp\/v2\/posts\/166112","targetHints":{"allow":["GET"]}}],"collection":[{"href":"https:\/\/www.europesays.com\/fr\/wp-json\/wp\/v2\/posts"}],"about":[{"href":"https:\/\/www.europesays.com\/fr\/wp-json\/wp\/v2\/types\/post"}],"author":[{"embeddable":true,"href":"https:\/\/www.europesays.com\/fr\/wp-json\/wp\/v2\/users\/2"}],"replies":[{"embeddable":true,"href":"https:\/\/www.europesays.com\/fr\/wp-json\/wp\/v2\/comments?post=166112"}],"version-history":[{"count":0,"href":"https:\/\/www.europesays.com\/fr\/wp-json\/wp\/v2\/posts\/166112\/revisions"}],"wp:featuredmedia":[{"embeddable":true,"href":"https:\/\/www.europesays.com\/fr\/wp-json\/wp\/v2\/media\/166113"}],"wp:attachment":[{"href":"https:\/\/www.europesays.com\/fr\/wp-json\/wp\/v2\/media?parent=166112"}],"wp:term":[{"taxonomy":"category","embeddable":true,"href":"https:\/\/www.europesays.com\/fr\/wp-json\/wp\/v2\/categories?post=166112"},{"taxonomy":"post_tag","embeddable":true,"href":"https:\/\/www.europesays.com\/fr\/wp-json\/wp\/v2\/tags?post=166112"}],"curies":[{"name":"wp","href":"https:\/\/api.w.org\/{rel}","templated":true}]}}