{"id":166230,"date":"2025-06-10T17:52:10","date_gmt":"2025-06-10T17:52:10","guid":{"rendered":"https:\/\/www.europesays.com\/fr\/166230\/"},"modified":"2025-06-10T17:52:10","modified_gmt":"2025-06-10T17:52:10","slug":"lutte-contre-la-fast-fashion-le-senat-approuve-un-texte-ciblant-shein-actualites","status":"publish","type":"post","link":"https:\/\/www.europesays.com\/fr\/166230\/","title":{"rendered":"Lutte contre la \u00ab\u00a0fast fashion\u00a0\u00bb: le S\u00e9nat approuve un texte ciblant Shein : Actualit\u00e9s"},"content":{"rendered":"<p class=\"lead \">Un an apr\u00e8s l&rsquo;Assembl\u00e9e nationale, le S\u00e9nat a adopt\u00e9 mardi une proposition de loi pour freiner l&rsquo;essor de la \u00ab\u00a0fast fashion\u00a0\u00bb, cette \u00ab\u00a0mode ultra \u00e9ph\u00e9m\u00e8re\u00a0\u00bb incarn\u00e9e par le g\u00e9ant Shein et ses v\u00eatements \u00e0 bas co\u00fbt exp\u00e9di\u00e9s par millions depuis la Chine.<\/p>\n<p class=\"lead \">Le texte de la d\u00e9put\u00e9e Horizons Anne-C\u00e9cile Violland, soutenu par le gouvernement, a \u00e9t\u00e9 approuv\u00e9 \u00e0 l&rsquo;unanimit\u00e9.<\/p>\n<p class=\"lead \">Pour \u00eatre mis en \u0153uvre, il doit d\u00e9sormais faire l&rsquo;objet d&rsquo;un accord d\u00e9put\u00e9s-s\u00e9nateurs lors d&rsquo;une commission mixte paritaire (CMP) attendue \u00e0 l&rsquo;automne. Entre temps, la Commission europ\u00e9enne aura \u00e9t\u00e9 notifi\u00e9e et aura pu adresser des observations \u00e0 la France sur ce dossier complexe.<\/p>\n<p class=\"lead \">P\u00e9nalit\u00e9s pour les entreprises polluantes, publicit\u00e9 interdite, obligations pour les plateformes, influenceurs sanctionn\u00e9s&#8230; La proposition de loi met en place toute une panoplie d&rsquo;outils pour limiter un ph\u00e9nom\u00e8ne en pleine expansion, celui de la \u00ab\u00a0fast fashion\u00a0\u00bb, tant\u00f4t baptis\u00e9e mode \u00ab\u00a0ultra \u00e9ph\u00e9m\u00e8re\u00a0\u00bb voire \u00ab\u00a0ultra express\u00a0\u00bb, terme retenu par le S\u00e9nat.<\/p>\n<p class=\"lead \">\u00ab\u00a0C&rsquo;est une \u00e9tape majeure dans la lutte contre l&rsquo;impact \u00e9conomique et \u00e9cologique de la fast fashion et de l&rsquo;ultra fast fashion, et un signal fort envoy\u00e9 aux industriels, comme aux consommateurs\u00a0\u00bb, a r\u00e9agi la ministre de la Transition \u00e9cologique Agn\u00e8s Pannier-Runacher apr\u00e8s l&rsquo;adoption du texte.<\/p>\n<p class=\"lead \">&#8211; \u00ab\u00a0Loi anti-Shein\u00a0\u00bb ? &#8211;<\/p>\n<p class=\"lead \"> Particuli\u00e8rement vis\u00e9e par les s\u00e9nateurs, la plateforme Shein. L&rsquo;entreprise bas\u00e9e \u00e0 Singapour se distingue des acteurs historiques de l&rsquo;industrie textile par la multiplication de ses produits. Une d\u00e9ferlante de 7.220 nouvelles r\u00e9f\u00e9rences par jour en moyenne, selon une analyse r\u00e9alis\u00e9e par l&rsquo;AFP du 22 mai au 5 juin. <\/p>\n<p class=\"lead \">Contre quelque 290 nouvelles r\u00e9f\u00e9rences quotidiennes dans la cat\u00e9gorie \u00ab\u00a0v\u00eatements femmes\u00a0\u00bb, et 50 dans celle \u00ab\u00a0v\u00eatements hommes\u00a0\u00bb, du site de H&amp;M, acteur traditionnel du secteur. L&rsquo;ambition du S\u00e9nat comme du gouvernement est donc de cibler Shein plut\u00f4t que H&amp;M, Zara ou Kiabi.<\/p>\n<p class=\"lead \">\u00ab\u00a0Nous avons trac\u00e9 une ligne nette entre ceux que nous voulons r\u00e9guler, l&rsquo;ultra mode express (&#8230;) et ceux que nous voulons pr\u00e9server: la mode accessible mais enracin\u00e9e, qui emploie en France, qui structure nos territoires, qui cr\u00e9e du lien et soutient un tissu \u00e9conomique local\u00a0\u00bb, a martel\u00e9 mardi la s\u00e9natrice Les R\u00e9publicains Sylvie Valente Le Hir, rapporteure sur le texte.<\/p>\n<p class=\"lead \">Une distinction d\u00e9nonc\u00e9e par la coalition Stop Fast Fashion, un collectif d&rsquo;associations parmi lesquelles Emma\u00fcs, Max Havelaar, Zero Waste, Les Amis de la Terre, qui d\u00e9plore \u00ab\u00a0une v\u00e9ritable victoire id\u00e9ologique et politique de la fast fashion dite +traditionnelle+\u00a0\u00bb et esp\u00e8re que la CMP \u00ab\u00a0change la donne\u00a0\u00bb.<\/p>\n<p class=\"lead \">Shein a de son c\u00f4t\u00e9 point\u00e9 un texte qui \u00ab\u00a0risque de faire peser la responsabilit\u00e9 de la durabilit\u00e9 sur les consommateurs, d\u00e9j\u00e0 confront\u00e9s \u00e0 des pressions \u00e9conomiques, en r\u00e9duisant davantage leur pouvoir d&rsquo;achat\u00a0\u00bb, apr\u00e8s avoir d\u00e9j\u00e0 d\u00e9nonc\u00e9 ces derniers jours une \u00ab\u00a0loi anti-Shein\u00a0\u00bb.<\/p>\n<p class=\"lead \">L&rsquo;entreprise d\u00e9fend ouvertement son mod\u00e8le, placardant des affiches \u00ab\u00a0La mode est un droit, pas un privil\u00e8ge\u00a0\u00bb ou organisant des rassemblements de consommateurs comme dimanche \u00e0 Saint-Denis ou \u00e0 B\u00e9ziers.<\/p>\n<p class=\"lead \">De leurs c\u00f4t\u00e9s, les principaux acteurs de la mode en France ont salu\u00e9 \u00ab\u00a0un texte ambitieux\u00a0\u00bb, priant les s\u00e9nateurs \u00ab\u00a0de ne pas c\u00e9der au lobbying infernal de Shein\u00a0\u00bb tentant de \u00ab\u00a0saboter\u00a0\u00bb le texte, dans une tribune envoy\u00e9e mardi \u00e0 l&rsquo;AFP, \u00e9galement sign\u00e9e par le d\u00e9put\u00e9 europ\u00e9en Rapha\u00ebl Glucksmann, le s\u00e9nateur Yannick Jadot ou la patronne des Ecologistes Marine Tondelier.<\/p>\n<p class=\"lead \">&#8211; P\u00e9nalit\u00e9s &#8211;<\/p>\n<p class=\"lead \">Si la loi entre en vigueur, la plateforme devra se plier \u00e0 d&rsquo;importantes obligations, comme celle de sensibiliser les consommateurs \u00e0 \u00ab\u00a0l&rsquo;impact environnemental\u00a0\u00bb de leurs v\u00eatements. <\/p>\n<p class=\"lead \">Elle devra \u00e9galement s&rsquo;acquitter des \u00ab\u00a0\u00e9cocontributions\u00a0\u00bb renforc\u00e9es dans la loi, sur un principe de \u00ab\u00a0bonus-malus\u00a0\u00bb li\u00e9 aux crit\u00e8res de \u00ab\u00a0durabilit\u00e9\u00a0\u00bb des entreprises. Avec une p\u00e9nalit\u00e9 qui atteindra au moins 10 euros par article en 2030.<\/p>\n<p class=\"lead \">Initialement accus\u00e9 par des associations environnementales et par une partie de la gauche d&rsquo;avoir \u00ab\u00a0d\u00e9tricot\u00e9\u00a0\u00bb le texte, le S\u00e9nat a finalement vot\u00e9 une version assez large du dispositif, car ces p\u00e9nalit\u00e9s s&rsquo;appliqueront aussi aux acteurs europ\u00e9ens &#8211; ou fran\u00e7ais &#8211; les moins durables.<\/p>\n<p class=\"lead \">De plus, l&rsquo;interdiction totale de la publicit\u00e9 pour la mode ultra \u00e9ph\u00e9m\u00e8re a \u00e9t\u00e9 r\u00e9tablie apr\u00e8s avoir \u00e9t\u00e9 supprim\u00e9e en commission, avec un volet de sanctions d\u00e9di\u00e9 aux influenceurs qui voudraient en faire la promotion. La conformit\u00e9 de ces mesures \u00e0 la Constitution est n\u00e9anmoins questionn\u00e9e. <\/p>\n<p class=\"lead \">Enfin, le S\u00e9nat a \u00e9galement adopt\u00e9 une disposition inattendue: l&rsquo;instauration d&rsquo;une taxe sur les petits colis livr\u00e9s par des entreprises \u00e9tablies hors de l&rsquo;Union europ\u00e9enne, comprise entre deux et quatre euros. Une fa\u00e7on d&rsquo;\u00e9largir le spectre en visant notamment un autre g\u00e9ant asiatique du commerce en ligne, Temu.<\/p>\n<p class=\"small font-weight-bold text-gray3 \"> publi\u00e9 le 10 juin \u00e0 18h32, AFP<\/p>\n<p>                             Partager<\/p>\n","protected":false},"excerpt":{"rendered":"Un an apr\u00e8s l&rsquo;Assembl\u00e9e nationale, le S\u00e9nat a adopt\u00e9 mardi une proposition de loi pour freiner l&rsquo;essor de&hellip;\n","protected":false},"author":2,"featured_media":166231,"comment_status":"","ping_status":"","sticky":false,"template":"","format":"standard","meta":{"footnotes":""},"categories":[6],"tags":[35,309,130,2105,33,34,313,1011,27,693,310,421,985,1050,6819,2422],"class_list":{"0":"post-166230","1":"post","2":"type-post","3":"status-publish","4":"format-standard","5":"has-post-thumbnail","7":"category-economie","8":"tag-business","9":"tag-chine","10":"tag-consommation","11":"tag-distribution","12":"tag-economie","13":"tag-economy","14":"tag-entreprises","15":"tag-fr","16":"tag-france","17":"tag-industrie","18":"tag-internet","19":"tag-lois","20":"tag-mode","21":"tag-parlement","22":"tag-publicit","23":"tag-textile"},"share_on_mastodon":{"url":"https:\/\/pubeurope.com\/@fr\/114660346652211313","error":""},"_links":{"self":[{"href":"https:\/\/www.europesays.com\/fr\/wp-json\/wp\/v2\/posts\/166230","targetHints":{"allow":["GET"]}}],"collection":[{"href":"https:\/\/www.europesays.com\/fr\/wp-json\/wp\/v2\/posts"}],"about":[{"href":"https:\/\/www.europesays.com\/fr\/wp-json\/wp\/v2\/types\/post"}],"author":[{"embeddable":true,"href":"https:\/\/www.europesays.com\/fr\/wp-json\/wp\/v2\/users\/2"}],"replies":[{"embeddable":true,"href":"https:\/\/www.europesays.com\/fr\/wp-json\/wp\/v2\/comments?post=166230"}],"version-history":[{"count":0,"href":"https:\/\/www.europesays.com\/fr\/wp-json\/wp\/v2\/posts\/166230\/revisions"}],"wp:featuredmedia":[{"embeddable":true,"href":"https:\/\/www.europesays.com\/fr\/wp-json\/wp\/v2\/media\/166231"}],"wp:attachment":[{"href":"https:\/\/www.europesays.com\/fr\/wp-json\/wp\/v2\/media?parent=166230"}],"wp:term":[{"taxonomy":"category","embeddable":true,"href":"https:\/\/www.europesays.com\/fr\/wp-json\/wp\/v2\/categories?post=166230"},{"taxonomy":"post_tag","embeddable":true,"href":"https:\/\/www.europesays.com\/fr\/wp-json\/wp\/v2\/tags?post=166230"}],"curies":[{"name":"wp","href":"https:\/\/api.w.org\/{rel}","templated":true}]}}