{"id":166280,"date":"2025-06-10T18:21:13","date_gmt":"2025-06-10T18:21:13","guid":{"rendered":"https:\/\/www.europesays.com\/fr\/166280\/"},"modified":"2025-06-10T18:21:13","modified_gmt":"2025-06-10T18:21:13","slug":"dimanche-23-novembre-2025-le-zenith-de-lille-accueillera-le-spectacle-rendant-hommage-a-notre-dame-de-paris-la-dame-de-pierre","status":"publish","type":"post","link":"https:\/\/www.europesays.com\/fr\/166280\/","title":{"rendered":"Dimanche 23 novembre 2025, le Z\u00e9nith de Lille accueillera le spectacle rendant hommage \u00e0 Notre-Dame de Paris : La Dame de Pierre"},"content":{"rendered":"<p>\t\t\t<img width=\"660\" height=\"330\" src=\"https:\/\/www.europesays.com\/fr\/wp-content\/uploads\/2025\/06\/la_dame_de_pierre-660x330.png\" class=\"attachment-slider size-slider wp-post-image\" alt=\"\" decoding=\"async\" fetchpriority=\"high\"\/>\t\t<\/p>\n<p class=\"post-meta\">\n<p>\t<a href=\"https:\/\/www.zoomsurlille.fr\/author\/damien\" title=\"\" target=\"_blank\" rel=\"noopener\">Damien <\/a><\/p>\n<p>\t10 juin 2025<br \/>\n\t<a href=\"https:\/\/www.zoomsurlille.fr\/actualites\" rel=\"category tag noopener\" target=\"_blank\">Actualit\u00e9s<\/a><\/p>\n<p><strong>Dimanche 23 novembre 2025 \u00e0 18h, <\/strong>le <strong>spectacle<\/strong> rendant <strong>hommage<\/strong> \u00e0 <strong>Notre-Dame de Paris : La Dame de Pierre<\/strong>\u00a0se produira au <strong>Z\u00e9nith de Lille !<\/strong><\/p>\n<\/p>\n<p style=\"text-align: justify;\">Spectacle La Dame de Pierre<br \/>Remontez le temps pour assister aux grandes heures de la cath\u00e9drale la plus visit\u00e9e au monde :<\/p>\n<p><img loading=\"lazy\" decoding=\"async\" width=\"9\" height=\"9\" class=\"alignnone size-full wp-image-13185 tie-appear\" src=\"https:\/\/www.europesays.com\/fr\/wp-content\/uploads\/2025\/04\/1744722321_833_arrow.png\" alt=\"Puce\"\/> Les <strong>billets<\/strong> sont en vente dans les <strong>points de vente habituels. Les tarifs <\/strong>se situent entre<strong> 35\u20ac <\/strong>et <strong>150\u20ac.<\/strong><\/p>\n<p><img decoding=\"async\" loading=\"lazy\" class=\"tie-appear\" src=\"https:\/\/www.europesays.com\/fr\/wp-content\/uploads\/2025\/04\/1744722321_833_arrow.png\" alt=\"Puce\" width=\"9\" height=\"9\"\/> <a href=\"https:\/\/ladamedepierre.fr\/\" target=\"_blank\" rel=\"noopener\">Site internet du spectacle \u00ab\u00a0La Dame de Pierre\u00a0\u00bb<\/a><\/p>\n<p><img decoding=\"async\" loading=\"lazy\" width=\"9\" height=\"9\" class=\"tie-appear\" src=\"https:\/\/www.europesays.com\/fr\/wp-content\/uploads\/2025\/04\/1744722321_833_arrow.png\" alt=\"Puce\"\/> <a href=\"https:\/\/haracom.fr\/\" target=\"_blank\" rel=\"noreferrer noopener\">Site internet d\u2019Haracom<\/a><\/p>\n<p class=\"has-text-align-right\">Images : DR \u2013 \u00a9 Symphonia Productions<\/p>\n<p>\t\t<a href=\"#\" id=\"check-also-close\"><\/a><\/p>\n<p>\n\t\t\tA lire \u00e9galement !\n\t\t<\/p>\n<p>\t\t\t\t<a href=\"https:\/\/www.zoomsurlille.fr\/actualites\/du-03-au-05-juillet-2025-la-ville-de-lille-va-vibre-au-rythme-du-tour-de-france-parade-fan-park-bal-des-cyclistes-grand-depart\" target=\"_blank\" rel=\"noopener\"><br \/>\n\t\t\t\t\t<img width=\"310\" height=\"165\" src=\"https:\/\/www.europesays.com\/fr\/wp-content\/uploads\/2025\/06\/tour_france_lille-310x165.jpg\" class=\"attachment-tie-medium size-tie-medium wp-post-image\" alt=\"\" decoding=\"async\" loading=\"lazy\"\/><br \/>\n\t\t\t\t<\/a><\/p>\n<p>Lille va accueillir le Grand D\u00e9part du Tour de France en 2025 et cela pour \u2026<\/p>\n","protected":false},"excerpt":{"rendered":"Damien 10 juin 2025 Actualit\u00e9s Dimanche 23 novembre 2025 \u00e0 18h, le spectacle rendant hommage \u00e0 Notre-Dame de&hellip;\n","protected":false},"author":2,"featured_media":166281,"comment_status":"","ping_status":"","sticky":false,"template":"","format":"standard","meta":{"footnotes":""},"categories":[2815],"tags":[29973,1111,11,1777,674,1011,27,811,29974,1307,12,25,3140,7268],"class_list":{"0":"post-166280","1":"post","2":"type-post","3":"status-publish","4":"format-standard","5":"has-post-thumbnail","7":"category-lille","8":"tag-23-novembre-2025","9":"tag-actu","10":"tag-actualites","11":"tag-eu","12":"tag-europe","13":"tag-fr","14":"tag-france","15":"tag-hauts-de-france","16":"tag-la-dame-de-pierre","17":"tag-lille","18":"tag-news","19":"tag-republique-francaise","20":"tag-spectacle","21":"tag-zenith-de-lille"},"share_on_mastodon":{"url":"https:\/\/pubeurope.com\/@fr\/114660460851765139","error":""},"_links":{"self":[{"href":"https:\/\/www.europesays.com\/fr\/wp-json\/wp\/v2\/posts\/166280","targetHints":{"allow":["GET"]}}],"collection":[{"href":"https:\/\/www.europesays.com\/fr\/wp-json\/wp\/v2\/posts"}],"about":[{"href":"https:\/\/www.europesays.com\/fr\/wp-json\/wp\/v2\/types\/post"}],"author":[{"embeddable":true,"href":"https:\/\/www.europesays.com\/fr\/wp-json\/wp\/v2\/users\/2"}],"replies":[{"embeddable":true,"href":"https:\/\/www.europesays.com\/fr\/wp-json\/wp\/v2\/comments?post=166280"}],"version-history":[{"count":0,"href":"https:\/\/www.europesays.com\/fr\/wp-json\/wp\/v2\/posts\/166280\/revisions"}],"wp:featuredmedia":[{"embeddable":true,"href":"https:\/\/www.europesays.com\/fr\/wp-json\/wp\/v2\/media\/166281"}],"wp:attachment":[{"href":"https:\/\/www.europesays.com\/fr\/wp-json\/wp\/v2\/media?parent=166280"}],"wp:term":[{"taxonomy":"category","embeddable":true,"href":"https:\/\/www.europesays.com\/fr\/wp-json\/wp\/v2\/categories?post=166280"},{"taxonomy":"post_tag","embeddable":true,"href":"https:\/\/www.europesays.com\/fr\/wp-json\/wp\/v2\/tags?post=166280"}],"curies":[{"name":"wp","href":"https:\/\/api.w.org\/{rel}","templated":true}]}}