{"id":166298,"date":"2025-06-10T18:30:12","date_gmt":"2025-06-10T18:30:12","guid":{"rendered":"https:\/\/www.europesays.com\/fr\/166298\/"},"modified":"2025-06-10T18:30:12","modified_gmt":"2025-06-10T18:30:12","slug":"paris-fc-comment-le-club-va-organiser-le-lancement-de-sa-campagne-dabonnements-pour-la-saison-en-ligue-1","status":"publish","type":"post","link":"https:\/\/www.europesays.com\/fr\/166298\/","title":{"rendered":"Paris FC\u00a0: comment le club va organiser le lancement de sa campagne d\u2019abonnements pour la saison en Ligue\u00a01"},"content":{"rendered":"<p class=\"paragraph text_align_left\">Ce n\u2019est plus qu\u2019une question de jours pour les supporters du <a href=\"https:\/\/www.leparisien.fr\/sports\/football\/paris-fc\/\" target=\"_blank\" rel=\"nofollow noopener\">Paris FC<\/a>. Selon nos informations, la campagne d\u2019abonnements pour la saison 2025-2026 du promu en <a href=\"https:\/\/www.leparisien.fr\/sports\/football\/ligue-1\/\" target=\"_blank\" rel=\"noreferrer nofollow noopener\">Ligue 1<\/a> va bient\u00f4t \u00eatre lanc\u00e9e.<\/p>\n<p class=\"paragraph text_align_left\">Pour rappel, le Paris FC ne jouera plus ses matchs \u00e0 domicile au Stade Charl\u00e9ty comme c\u2019\u00e9tait le cas ces derni\u00e8res ann\u00e9es et <a href=\"https:\/\/www.leparisien.fr\/sports\/football\/le-stade-francais-et-le-paris-fc-daccord-pour-se-partager-le-stade-jean-bouin-la-saison-prochaine-13-02-2025-QBMZTEEPYFCZ3CYVR454ATQED4.php\" target=\"_blank\" rel=\"noreferrer nofollow noopener\">va d\u00e9m\u00e9nager au stade Jean-Bouin<\/a>, \u00e0 quelques m\u00e8tres seulement du Parc des Princes dans le XVIe arrondissement de Paris. Il cohabitera avec le Stade Fran\u00e7ais qui \u00e9volue en Top 14. L\u2019enceinte compte 20 000 places.<\/p>\n<p class=\"paragraph text_align_left\">Le second club de la capitale a choisi de l\u2019organiser en deux temps. La premi\u00e8re phase concernera les supporters qui \u00e9taient d\u00e9j\u00e0 abonn\u00e9s au club : le Paris FC souhaite valoriser et remercier ses suiveurs les plus fid\u00e8les avant de commencer son prochain exercice. C\u2019est cette phase qui doit d\u00e9buter dans quelques jours.<\/p>\n<p>Des tarifs \u00ab tr\u00e8s accessibles \u00bb<\/p>\n<p class=\"paragraph text_align_left\">D\u2019autres spectateurs, pas n\u00e9cessairement abonn\u00e9s, mais venus r\u00e9guli\u00e8rement au Stade Charl\u00e9ty au cours des derni\u00e8res saisons feront \u00e9galement partie des personnes prioritaires.<\/p>\n<p class=\"paragraph text_align_left\">Les personnes concern\u00e9es par cette premi\u00e8re vague seront inform\u00e9es individuellement par un mail de l\u2019ouverture de la campagne et pourront dans la foul\u00e9e acqu\u00e9rir leur abonnement pour la saison prochaine.<\/p>\n<p class=\"paragraph text_align_left\">La seconde phase de la campagne d\u2019abonnements concerne le grand public. Pour l\u2019heure, le calendrier n\u2019a pas \u00e9t\u00e9 fix\u00e9 et devrait d\u00e9prendre notamment du d\u00e9roulement et du succ\u00e8s de la premi\u00e8re.<\/p>\n<p class=\"paragraph text_align_left\">Le club, qui avait opt\u00e9 ces derni\u00e8res ann\u00e9es pour la gratuit\u00e9 de la billetterie pour les spectateurs afin de permettre au plus grand nombre d\u2019assister aux matchs de son \u00e9quipe, a promis que les tarifs resteraient \u00ab tr\u00e8s accessibles \u00bb. Selon nos informations, des tarifs de 200 \u00e0 300 euros pour le premier prix sont attendus.<\/p>\n","protected":false},"excerpt":{"rendered":"Ce n\u2019est plus qu\u2019une question de jours pour les supporters du Paris FC. Selon nos informations, la campagne&hellip;\n","protected":false},"author":2,"featured_media":166299,"comment_status":"","ping_status":"","sticky":false,"template":"","format":"standard","meta":{"footnotes":""},"categories":[1888],"tags":[1111,1928,11,1927,1777,674,63,1011,27,12,1926,626,445,1925,25,60],"class_list":{"0":"post-166298","1":"post","2":"type-post","3":"status-publish","4":"format-standard","5":"has-post-thumbnail","7":"category-paris","8":"tag-actu","9":"tag-actu-paris","10":"tag-actualites","11":"tag-actualites-paris","12":"tag-eu","13":"tag-europe","14":"tag-football","15":"tag-fr","16":"tag-france","17":"tag-news","18":"tag-news-paris","19":"tag-paris","20":"tag-paris-fc","21":"tag-paris-news","22":"tag-republique-francaise","23":"tag-sports"},"share_on_mastodon":{"url":"https:\/\/pubeurope.com\/@fr\/114660496099095364","error":""},"_links":{"self":[{"href":"https:\/\/www.europesays.com\/fr\/wp-json\/wp\/v2\/posts\/166298","targetHints":{"allow":["GET"]}}],"collection":[{"href":"https:\/\/www.europesays.com\/fr\/wp-json\/wp\/v2\/posts"}],"about":[{"href":"https:\/\/www.europesays.com\/fr\/wp-json\/wp\/v2\/types\/post"}],"author":[{"embeddable":true,"href":"https:\/\/www.europesays.com\/fr\/wp-json\/wp\/v2\/users\/2"}],"replies":[{"embeddable":true,"href":"https:\/\/www.europesays.com\/fr\/wp-json\/wp\/v2\/comments?post=166298"}],"version-history":[{"count":0,"href":"https:\/\/www.europesays.com\/fr\/wp-json\/wp\/v2\/posts\/166298\/revisions"}],"wp:featuredmedia":[{"embeddable":true,"href":"https:\/\/www.europesays.com\/fr\/wp-json\/wp\/v2\/media\/166299"}],"wp:attachment":[{"href":"https:\/\/www.europesays.com\/fr\/wp-json\/wp\/v2\/media?parent=166298"}],"wp:term":[{"taxonomy":"category","embeddable":true,"href":"https:\/\/www.europesays.com\/fr\/wp-json\/wp\/v2\/categories?post=166298"},{"taxonomy":"post_tag","embeddable":true,"href":"https:\/\/www.europesays.com\/fr\/wp-json\/wp\/v2\/tags?post=166298"}],"curies":[{"name":"wp","href":"https:\/\/api.w.org\/{rel}","templated":true}]}}