{"id":166412,"date":"2025-06-10T19:33:10","date_gmt":"2025-06-10T19:33:10","guid":{"rendered":"https:\/\/www.europesays.com\/fr\/166412\/"},"modified":"2025-06-10T19:33:10","modified_gmt":"2025-06-10T19:33:10","slug":"sans-permis-elle-avait-tue-un-pieton-sur-le-jarret-a-marseille-et-pris-la-fuite","status":"publish","type":"post","link":"https:\/\/www.europesays.com\/fr\/166412\/","title":{"rendered":"Sans permis, elle avait tu\u00e9 un pi\u00e9ton sur le Jarret \u00e0 Marseille et pris la fuite"},"content":{"rendered":"<p>Il est d&rsquo;usage d&rsquo;analyser un accident en \u00e9tablissant un \u00ab\u00a0arbre des causes\u00a0\u00bb, afin comprendre ce qui l&rsquo;a provoqu\u00e9. Mais rien ne va dans la succession de faits qui ont pr\u00e9c\u00e9d\u00e9 et m\u00eame suivi, la mort de Mickael, le matin du 10 mars 2025, sur le boulevard Fran\u00e7oise-Duparc, dans le 4e arrondissement de Marseille.<\/p>\n<p>Ce matin-l\u00e0, vers 5h30, le quadrag\u00e9naire, p\u00e8re de deux enfants d\u00e9ambule en gesticulant au milieu des voies. Il semble essayer d&rsquo;arr\u00eater les voitures qui d\u00e9filent et le fr\u00f4lent, s&rsquo;accroche m\u00eame \u00e0 une porti\u00e8re. Dix v\u00e9hicules l&rsquo;\u00e9vitent ainsi de justesse, en s&rsquo;\u00e9cartant ou en freinant. Mais la onzi\u00e8me percute Micka\u00ebl de flein fouet. Le pi\u00e9ton enfonce le pare-brise, passe par-dessus la carrosserie avant d&rsquo;\u00eatre heurt\u00e9 \u00e0 nouveau par un second v\u00e9hicule, une Mercedes, qui ne peut freiner \u00e0 temps.<\/p>\n","protected":false},"excerpt":{"rendered":"Il est d&rsquo;usage d&rsquo;analyser un accident en \u00e9tablissant un \u00ab\u00a0arbre des causes\u00a0\u00bb, afin comprendre ce qui l&rsquo;a provoqu\u00e9.&hellip;\n","protected":false},"author":2,"featured_media":166413,"comment_status":"","ping_status":"","sticky":false,"template":"","format":"standard","meta":{"footnotes":""},"categories":[2814],"tags":[17,1111,11,8851,3170,1777,674,274,1011,27,884,12,9121,29988,882,25,4561,3356,5911],"class_list":{"0":"post-166412","1":"post","2":"type-post","3":"status-publish","4":"format-standard","5":"has-post-thumbnail","7":"category-marseille","8":"tag-17","9":"tag-actu","10":"tag-actualites","11":"tag-avait","12":"tag-elle","13":"tag-eu","14":"tag-europe","15":"tag-faits-divers-justice","16":"tag-fr","17":"tag-france","18":"tag-marseille","19":"tag-news","20":"tag-permis","21":"tag-pieton","22":"tag-provence-alpes-cote-dazur","23":"tag-republique-francaise","24":"tag-sans","25":"tag-sur","26":"tag-tue"},"share_on_mastodon":{"url":"https:\/\/pubeurope.com\/@fr\/114660743827683166","error":""},"_links":{"self":[{"href":"https:\/\/www.europesays.com\/fr\/wp-json\/wp\/v2\/posts\/166412","targetHints":{"allow":["GET"]}}],"collection":[{"href":"https:\/\/www.europesays.com\/fr\/wp-json\/wp\/v2\/posts"}],"about":[{"href":"https:\/\/www.europesays.com\/fr\/wp-json\/wp\/v2\/types\/post"}],"author":[{"embeddable":true,"href":"https:\/\/www.europesays.com\/fr\/wp-json\/wp\/v2\/users\/2"}],"replies":[{"embeddable":true,"href":"https:\/\/www.europesays.com\/fr\/wp-json\/wp\/v2\/comments?post=166412"}],"version-history":[{"count":0,"href":"https:\/\/www.europesays.com\/fr\/wp-json\/wp\/v2\/posts\/166412\/revisions"}],"wp:featuredmedia":[{"embeddable":true,"href":"https:\/\/www.europesays.com\/fr\/wp-json\/wp\/v2\/media\/166413"}],"wp:attachment":[{"href":"https:\/\/www.europesays.com\/fr\/wp-json\/wp\/v2\/media?parent=166412"}],"wp:term":[{"taxonomy":"category","embeddable":true,"href":"https:\/\/www.europesays.com\/fr\/wp-json\/wp\/v2\/categories?post=166412"},{"taxonomy":"post_tag","embeddable":true,"href":"https:\/\/www.europesays.com\/fr\/wp-json\/wp\/v2\/tags?post=166412"}],"curies":[{"name":"wp","href":"https:\/\/api.w.org\/{rel}","templated":true}]}}