{"id":166416,"date":"2025-06-10T19:35:17","date_gmt":"2025-06-10T19:35:17","guid":{"rendered":"https:\/\/www.europesays.com\/fr\/166416\/"},"modified":"2025-06-10T19:35:17","modified_gmt":"2025-06-10T19:35:17","slug":"un-college-prive-dinstallations-sportives-pendant-une-semaine-pres-de-lyon","status":"publish","type":"post","link":"https:\/\/www.europesays.com\/fr\/166416\/","title":{"rendered":"un coll\u00e8ge priv\u00e9 d\u2019installations sportives pendant une semaine pr\u00e8s de Lyon"},"content":{"rendered":"<p itemprop=\"description\"><strong>Apr\u00e8s plusieurs alertes rest\u00e9es sans r\u00e9ponse, le maire d\u2019\u00c9cully annonce une mesure de suspension temporaire de l\u2019acc\u00e8s aux \u00e9quipements sportifs pour le coll\u00e8ge Laurent Mourguet.<\/strong><\/p>\n<p data-start=\"1723\" data-end=\"1984\">Le maire d\u2019\u00c9cully a d\u00e9cid\u00e9 de suspendre l\u2019acc\u00e8s aux infrastructures sportives de la ville pour les \u00e9l\u00e8ves du coll\u00e8ge Laurent Mourguet durant la semaine du 16 juin. Une mesure annonc\u00e9e dans un courrier adress\u00e9 ce mardi 10 juin \u00e0 la principale de l\u2019\u00e9tablissement.<\/p>\n<p data-start=\"1986\" data-end=\"2264\">Dans cette lettre, S\u00e9bastien Michel rappelle qu\u2019il avait d\u00e9j\u00e0 alert\u00e9 la direction du coll\u00e8ge le 18 avril dernier sur \u00ab\u00a0la multiplication des d\u00e9gradations commises sur les infrastructures sportives de la commune durant les cr\u00e9neaux d&rsquo;occupation par le coll\u00e8ge Laurent Mourguet.\u00a0\u00bb<\/p>\n<p data-start=\"2266\" data-end=\"2719\">Il pr\u00e9cise avoir indiqu\u00e9 \u00e0 l\u2019\u00e9poque que \u00ab\u00a0si ces actes devaient \u00eatre amen\u00e9s \u00e0 se reproduire\u00a0\u00bb il se verrait \u00ab\u00a0contraint de suspendre temporairement l&rsquo;acc\u00e8s aux infrastructures sportives pour les classes du coll\u00e8ge\u00a0\u00bb. Une d\u00e9cision qu\u2019il qualifie aujourd\u2019hui de \u00ab\u00a0sans doute injuste pour de nombreux \u00e9l\u00e8ves respectueux des r\u00e8gles mais n\u00e9cessaire pour pr\u00e9server les b\u00e2timents et limiter les co\u00fbteuses r\u00e9parations que la ville est contrainte de supporter.\u00a0\u00bb<\/p>\n<p data-start=\"2721\" data-end=\"3134\">Le maire d\u00e9plore aussi l\u2019absence de r\u00e9action de l\u2019\u00e9tablissement. Il \u00e9crit : \u00ab\u00a0Ce courrier, comme un pr\u00e9c\u00e9dent mail des services de la ville le 10 avril, est malheureusement inexplicablement rest\u00e9 sans r\u00e9ponse de votre part. Je ne vous cache pas mon incompr\u00e9hension face \u00e0 votre silence et l&rsquo;absence de communication \u00e0 la fois aux familles mais aussi au corps enseignant en premi\u00e8re ligne face \u00e0 ces agissements.\u00a0\u00bb<\/p>\n<p data-start=\"3136\" data-end=\"3405\">De nouvelles d\u00e9gradations ont \u00e9t\u00e9 constat\u00e9es le mardi 3 juin \u00ab\u00a0apr\u00e8s le passage du coll\u00e8ge\u00a0\u00bb, notamment un rev\u00eatement \u00ab\u00a0sectionn\u00e9 sur plusieurs dizaines de centim\u00e8tres\u00a0\u00bb. S\u00e9bastien Michel s\u2019interroge : \u00ab\u00a0Maladresse accidentelle ? D\u00e9gradation volontaire ? N\u00e9gligence ?\u00a0\u00bb<\/p>\n<p data-start=\"3407\" data-end=\"3801\">Conform\u00e9ment \u00e0 son engagement, il annonce que \u00ab\u00a0le coll\u00e8ge ne pourra disposer des infrastructures de la ville durant la semaine du 16 juin,\u00a0\u00bb regrettant une situation qu\u2019il juge toutefois n\u00e9cessaire pour \u00ab\u00a0g\u00e9n\u00e9rer une prise de conscience collective\u00a0\u00bb et \u00ab\u00a0faire conna\u00eetre aux \u00e9l\u00e8ves ainsi qu&rsquo;aux personnels enseignants une situation que je ne peux me r\u00e9soudre de voir continuer \u00e0 se d\u00e9grader.\u00a0\u00bb<\/p>\n","protected":false},"excerpt":{"rendered":"Apr\u00e8s plusieurs alertes rest\u00e9es sans r\u00e9ponse, le maire d\u2019\u00c9cully annonce une mesure de suspension temporaire de l\u2019acc\u00e8s aux&hellip;\n","protected":false},"author":2,"featured_media":166417,"comment_status":"","ping_status":"","sticky":false,"template":"","format":"standard","meta":{"footnotes":""},"categories":[1889],"tags":[1111,11,2813,2190,2430,1109,251,1112,2811,1777,674,118,1011,27,1922,1110,1114,2428,2810,12,241,316,25,2812,517,800],"class_list":{"0":"post-166416","1":"post","2":"type-post","3":"status-publish","4":"format-standard","5":"has-post-thumbnail","7":"category-lyon","8":"tag-actu","9":"tag-actualites","10":"tag-article","11":"tag-asvel","12":"tag-auvergne-rhone-alpes","13":"tag-breves","14":"tag-culture","15":"tag-depeches","16":"tag-economique","17":"tag-eu","18":"tag-europe","19":"tag-faits-divers","20":"tag-fr","21":"tag-france","22":"tag-info","23":"tag-informations","24":"tag-infos","25":"tag-lyon","26":"tag-lyonmag","27":"tag-news","28":"tag-ol","29":"tag-politique","30":"tag-republique-francaise","31":"tag-sociale","32":"tag-sport","33":"tag-transports"},"share_on_mastodon":{"url":"https:\/\/pubeurope.com\/@fr\/114660751785654672","error":""},"_links":{"self":[{"href":"https:\/\/www.europesays.com\/fr\/wp-json\/wp\/v2\/posts\/166416","targetHints":{"allow":["GET"]}}],"collection":[{"href":"https:\/\/www.europesays.com\/fr\/wp-json\/wp\/v2\/posts"}],"about":[{"href":"https:\/\/www.europesays.com\/fr\/wp-json\/wp\/v2\/types\/post"}],"author":[{"embeddable":true,"href":"https:\/\/www.europesays.com\/fr\/wp-json\/wp\/v2\/users\/2"}],"replies":[{"embeddable":true,"href":"https:\/\/www.europesays.com\/fr\/wp-json\/wp\/v2\/comments?post=166416"}],"version-history":[{"count":0,"href":"https:\/\/www.europesays.com\/fr\/wp-json\/wp\/v2\/posts\/166416\/revisions"}],"wp:featuredmedia":[{"embeddable":true,"href":"https:\/\/www.europesays.com\/fr\/wp-json\/wp\/v2\/media\/166417"}],"wp:attachment":[{"href":"https:\/\/www.europesays.com\/fr\/wp-json\/wp\/v2\/media?parent=166416"}],"wp:term":[{"taxonomy":"category","embeddable":true,"href":"https:\/\/www.europesays.com\/fr\/wp-json\/wp\/v2\/categories?post=166416"},{"taxonomy":"post_tag","embeddable":true,"href":"https:\/\/www.europesays.com\/fr\/wp-json\/wp\/v2\/tags?post=166416"}],"curies":[{"name":"wp","href":"https:\/\/api.w.org\/{rel}","templated":true}]}}