{"id":166422,"date":"2025-06-10T19:38:09","date_gmt":"2025-06-10T19:38:09","guid":{"rendered":"https:\/\/www.europesays.com\/fr\/166422\/"},"modified":"2025-06-10T19:38:09","modified_gmt":"2025-06-10T19:38:09","slug":"le-degre-de-violence-monte-inexorablement-lile-de-france-lance-un-reseau-regional-de-lutte-contre-les-rixes","status":"publish","type":"post","link":"https:\/\/www.europesays.com\/fr\/166422\/","title":{"rendered":"\u00ab\u00a0Le degr\u00e9 de violence monte inexorablement\u00a0\u00bb\u00a0: l\u2019\u00cele-de-France lance un r\u00e9seau r\u00e9gional de lutte contre les rixes"},"content":{"rendered":"<p class=\"paragraph text_align_left\">Ils s\u2019appelaient<a href=\"https:\/\/www.leparisien.fr\/faits-divers\/mort-de-sekou-lors-dune-rixe-a-yerres-lauteur-presume-age-de-19-ans-mis-en-examen-et-ecroue-27-03-2025-G4U2WPDYBNEJ3MMHSPFCM7A25Y.php\" target=\"_blank\" rel=\"noreferrer noopener\"> S\u00e9kou<\/a>,<a href=\"https:\/\/www.leparisien.fr\/faits-divers\/rixe-mortelle-a-paris-ladolescent-tue-deja-victime-dun-coup-de-couteau-une-semaine-plus-tot-17-12-2024-NYTQII7AORGVNL63VFUOBQ5FMY.php\" target=\"_blank\" rel=\"noreferrer noopener\"> Abass<\/a> ou <a href=\"https:\/\/www.leparisien.fr\/val-de-marne-94\/ils-etaient-une-armee-apres-la-mort-de-bandia-creteil-replonge-dans-la-violence-entre-bandes-rivales-22-07-2024-MORLYMMGJZA2NDBHGGSQNFCUBE.php\" target=\"_blank\" rel=\"noreferrer noopener\">Banda<\/a>, vivaient en Essonne, dans le Val-de-Marne ou \u00e0 Paris et avaient la vie devant eux. Tous ont \u00e9t\u00e9 tu\u00e9s en moins d\u2019un an dans un contexte de violences entre bandes rivales particuli\u00e8rement marqu\u00e9 en \u00cele-de-France. Ils ne sont pas les seuls. En 2024, 6 jeunes sont morts dans des rixes \u00e0 Paris et en petite couronne et <a href=\"https:\/\/www.leparisien.fr\/faits-divers\/rixe-mortelle-sur-fond-de-trafic-6-et-11-ans-de-prison-pour-les-cousins-de-carrieres-sous-poissy-08-06-2025-FDLIUAC76RAMVGHB7X6X235X54.php\" target=\"_blank\" rel=\"noreferrer noopener\">84 % des rixes<\/a> recens\u00e9es en France ont lieu dans les d\u00e9partements franciliens o\u00f9 vit pourtant moins de 20 % de la population fran\u00e7aise.<\/p>\n<p class=\"paragraph text_align_left\">Pour endiguer le ph\u00e9nom\u00e8ne, le conseil r\u00e9gional \u00cele-de-France a lanc\u00e9 ce mardi le premier r\u00e9seau francilien de lutte contre les rixes visant \u00e0 coordonner les actions men\u00e9es en ce sens par diff\u00e9rents acteurs. Un \u00e9v\u00e9nement qui s\u2019inscrit dans le second appel \u00e0 projet de pr\u00e9vention des rixes lanc\u00e9 par la collectivit\u00e9 pour soutenir entre autres, des interventions en milieu scolaire et des ateliers de parole aupr\u00e8s des jeunes.<\/p>\n","protected":false},"excerpt":{"rendered":"Ils s\u2019appelaient S\u00e9kou, Abass ou Banda, vivaient en Essonne, dans le Val-de-Marne ou \u00e0 Paris et avaient la&hellip;\n","protected":false},"author":2,"featured_media":166423,"comment_status":"","ping_status":"","sticky":false,"template":"","format":"standard","meta":{"footnotes":""},"categories":[1592],"tags":[1111,11,1936,1777,674,1011,27,662,1944,12,626,25],"class_list":{"0":"post-166422","1":"post","2":"type-post","3":"status-publish","4":"format-standard","5":"has-post-thumbnail","7":"category-ile-de-france","8":"tag-actu","9":"tag-actualites","10":"tag-essonne","11":"tag-eu","12":"tag-europe","13":"tag-fr","14":"tag-france","15":"tag-ile-de-france","16":"tag-ma-ville","17":"tag-news","18":"tag-paris","19":"tag-republique-francaise"},"share_on_mastodon":{"url":"https:\/\/pubeurope.com\/@fr\/114660763553561303","error":""},"_links":{"self":[{"href":"https:\/\/www.europesays.com\/fr\/wp-json\/wp\/v2\/posts\/166422","targetHints":{"allow":["GET"]}}],"collection":[{"href":"https:\/\/www.europesays.com\/fr\/wp-json\/wp\/v2\/posts"}],"about":[{"href":"https:\/\/www.europesays.com\/fr\/wp-json\/wp\/v2\/types\/post"}],"author":[{"embeddable":true,"href":"https:\/\/www.europesays.com\/fr\/wp-json\/wp\/v2\/users\/2"}],"replies":[{"embeddable":true,"href":"https:\/\/www.europesays.com\/fr\/wp-json\/wp\/v2\/comments?post=166422"}],"version-history":[{"count":0,"href":"https:\/\/www.europesays.com\/fr\/wp-json\/wp\/v2\/posts\/166422\/revisions"}],"wp:featuredmedia":[{"embeddable":true,"href":"https:\/\/www.europesays.com\/fr\/wp-json\/wp\/v2\/media\/166423"}],"wp:attachment":[{"href":"https:\/\/www.europesays.com\/fr\/wp-json\/wp\/v2\/media?parent=166422"}],"wp:term":[{"taxonomy":"category","embeddable":true,"href":"https:\/\/www.europesays.com\/fr\/wp-json\/wp\/v2\/categories?post=166422"},{"taxonomy":"post_tag","embeddable":true,"href":"https:\/\/www.europesays.com\/fr\/wp-json\/wp\/v2\/tags?post=166422"}],"curies":[{"name":"wp","href":"https:\/\/api.w.org\/{rel}","templated":true}]}}