{"id":166430,"date":"2025-06-10T19:42:11","date_gmt":"2025-06-10T19:42:11","guid":{"rendered":"https:\/\/www.europesays.com\/fr\/166430\/"},"modified":"2025-06-10T19:42:11","modified_gmt":"2025-06-10T19:42:11","slug":"un-sans-abri-ecroue-pour-le-meurtre-dun-autre-sans-abri-aux-halles","status":"publish","type":"post","link":"https:\/\/www.europesays.com\/fr\/166430\/","title":{"rendered":"un sans-abri \u00e9crou\u00e9 pour le meurtre d&rsquo;un autre sans-abri aux Halles"},"content":{"rendered":"<p>            Par<br \/>\n        <strong><br \/>\n            <a href=\"https:\/\/actu.fr\/auteur\/redaction-paris\" title=\"Consulter tous les articles de R\u00e9daction Paris\" target=\"_blank\" rel=\"noopener\">R\u00e9daction Paris<\/a><br \/>\n        <\/strong><\/p>\n<p>        Publi\u00e9 le<\/p>\n<p>            10 juin 2025 \u00e0 20h58        <\/p>\n<p><strong>Un homme sans abri de 37 ans<\/strong> a \u00e9t\u00e9 mis en examen et \u00e9crou\u00e9 le 21 mai 2025 pour le <a href=\"https:\/\/actu.fr\/ile-de-france\/paris_75056\/mort-suspecte-d-un-sdf-au-forum-des-halles-a-paris-la-brigade-criminelle-saisie_62655308.html\" target=\"_blank\" rel=\"noopener\">meurtre deux jours plus t\u00f4t<\/a> d\u2019un autre sans domicile fixe au <a href=\"https:\/\/actu.fr\/tag\/paris-les-halles\" target=\"_blank\" rel=\"noopener\">forum des Halles<\/a> en plein c\u0153ur de <a href=\"https:\/\/actu.fr\/paris\/\" target=\"_blank\" rel=\"noopener\">Paris<\/a>, a indiqu\u00e9 mardi le parquet de Paris, confirmant une information du <a href=\"https:\/\/www.leparisien.fr\/faits-divers\/un-suspect-ecroue-apres-le-meurtre-au-forum-des-halles-de-dimitry-sdf-solaire-et-blagueur-10-06-2025-U532QVOWCBCY5GBW2LSXIWFVDM.php\" target=\"_blank\" rel=\"noopener\">Parisien<\/a>.<br \/>Selon le minist\u00e8re public, le suspect est n\u00e9 en avril 1988.<\/p>\n<p>Le corps d\u00e9couvert par un vigile\u00a0<\/p>\n<p class=\" wall-content\">Le 19 mai, peu apr\u00e8s midi, au troisi\u00e8me sous-sol des Halles, les agents de s\u00e9curit\u00e9 du forum <strong>d\u00e9couvrent le corps d\u2019un homme<\/strong>, le pantalon baiss\u00e9 sur les chevilles, pr\u00e9sentant une \u00ab\u00a0d\u00e9formation suspecte\u00a0\u00bb au niveau du visage, indique \u00e0 l\u2019\u00e9poque une source polici\u00e8re.<\/p>\n<p class=\" wall-content\">Des \u00e9claboussures de sang maculent les murs, jusque dans les escaliers, selon la m\u00eame source. Une veste est retrouv\u00e9e \u00e0 proximit\u00e9 du corps, pr\u00e9sentant \u00e9galement de <strong>nombreuses taches de sang<\/strong>.<\/p>\n<p class=\" wall-content\">Le parquet avait alors indiqu\u00e9 qu\u2019un vigile avait d\u00e9couvert le corps inanim\u00e9 d\u2019un homme, en sous-v\u00eatements et le visage tum\u00e9fi\u00e9, dans les <strong>couloirs d\u2019issue de secours du forum<\/strong> des Halles, manifestement utilis\u00e9s habituellement par des personnes sans abri.<\/p>\n<p class=\" wall-content\">Selon les documents retrouv\u00e9s sur lui, la victime pourrait \u00eatre <strong>n\u00e9e en novembre 1994 au Cambodge<\/strong>, avait aussi dit le minist\u00e8re public. <a href=\"https:\/\/www.leparisien.fr\/faits-divers\/paris-apres-la-mort-violente-dun-sdf-au-forum-des-halles-une-enquete-pour-meurtre-ouverte-19-05-2025-GWMA6B34JBCVLHR7756BJTLG6A.php\" target=\"_blank\" rel=\"noopener\">Le Parisien<\/a> a indiqu\u00e9 mardi que la victime s\u2019appelait Dimitry F.<\/p>\n<p>Vid\u00e9os : en ce moment sur Actu<\/p>\n<p class=\" wall-content\">Avec AFP<\/p>\n<p class=\" wall-content\">Suivez toute l\u2019actualit\u00e9 de vos villes et m\u00e9dias favoris en vous inscrivant \u00e0 <a href=\"https:\/\/moncompte.actu.fr\" title=\"D\u00e9couvez Mon Actu\" rel=\"nofollow noopener\" data-trk=\"{&quot;cta&quot;:{&quot;action&quot;:&quot;https:\\\/\\\/moncompte.actu.fr&quot;,&quot;category&quot;:&quot;mon compte&quot;,&quot;from&quot;:&quot;article footer&quot;,&quot;name&quot;:&quot;Mon actu&quot;,&quot;type&quot;:&quot;cta&quot;}}\" target=\"_blank\">Mon Actu<\/a>.<\/p>\n","protected":false},"excerpt":{"rendered":"Par R\u00e9daction Paris Publi\u00e9 le 10 juin 2025 \u00e0 20h58 Un homme sans abri de 37 ans a&hellip;\n","protected":false},"author":2,"featured_media":166431,"comment_status":"","ping_status":"","sticky":false,"template":"","format":"standard","meta":{"footnotes":""},"categories":[1888],"tags":[11,1777,674,118,1011,27,12,626,29989,25],"class_list":{"0":"post-166430","1":"post","2":"type-post","3":"status-publish","4":"format-standard","5":"has-post-thumbnail","7":"category-paris","8":"tag-actualites","9":"tag-eu","10":"tag-europe","11":"tag-faits-divers","12":"tag-fr","13":"tag-france","14":"tag-news","15":"tag-paris","16":"tag-paris-les-halles","17":"tag-republique-francaise"},"share_on_mastodon":{"url":"https:\/\/pubeurope.com\/@fr\/114660779384202146","error":""},"_links":{"self":[{"href":"https:\/\/www.europesays.com\/fr\/wp-json\/wp\/v2\/posts\/166430","targetHints":{"allow":["GET"]}}],"collection":[{"href":"https:\/\/www.europesays.com\/fr\/wp-json\/wp\/v2\/posts"}],"about":[{"href":"https:\/\/www.europesays.com\/fr\/wp-json\/wp\/v2\/types\/post"}],"author":[{"embeddable":true,"href":"https:\/\/www.europesays.com\/fr\/wp-json\/wp\/v2\/users\/2"}],"replies":[{"embeddable":true,"href":"https:\/\/www.europesays.com\/fr\/wp-json\/wp\/v2\/comments?post=166430"}],"version-history":[{"count":0,"href":"https:\/\/www.europesays.com\/fr\/wp-json\/wp\/v2\/posts\/166430\/revisions"}],"wp:featuredmedia":[{"embeddable":true,"href":"https:\/\/www.europesays.com\/fr\/wp-json\/wp\/v2\/media\/166431"}],"wp:attachment":[{"href":"https:\/\/www.europesays.com\/fr\/wp-json\/wp\/v2\/media?parent=166430"}],"wp:term":[{"taxonomy":"category","embeddable":true,"href":"https:\/\/www.europesays.com\/fr\/wp-json\/wp\/v2\/categories?post=166430"},{"taxonomy":"post_tag","embeddable":true,"href":"https:\/\/www.europesays.com\/fr\/wp-json\/wp\/v2\/tags?post=166430"}],"curies":[{"name":"wp","href":"https:\/\/api.w.org\/{rel}","templated":true}]}}