{"id":166434,"date":"2025-06-10T19:44:11","date_gmt":"2025-06-10T19:44:11","guid":{"rendered":"https:\/\/www.europesays.com\/fr\/166434\/"},"modified":"2025-06-10T19:44:11","modified_gmt":"2025-06-10T19:44:11","slug":"remake-meurtrier-de-lattaque-des-drones-et-la-russie-visee-au-porte-monnaie","status":"publish","type":"post","link":"https:\/\/www.europesays.com\/fr\/166434\/","title":{"rendered":"Remake meurtrier de l\u2019attaque des drones et la Russie vis\u00e9e au porte-monnaie"},"content":{"rendered":"<p>Vous avez rat\u00e9 les derniers \u00e9v\u00e9nements sur la <a href=\"https:\/\/www.20minutes.fr\/monde\/ukraine\/\" class=\"color-ultramarine c-link\" target=\"_blank\" rel=\"noopener\">guerre en Ukraine<\/a>\u00a0? 20 Minutes fait le point pour vous tous les soirs. Voici l\u2019essentiel de ce mardi 10\u00a0juin 2025, 1.203e jour du conflit.<\/p>\n<p>Le fait du jour<\/p>\n<p>Les nuits se suivent et se ressemblent en Ukraine, les explosions pulv\u00e9risant les espoirs de n\u00e9gociation. La <a href=\"https:\/\/www.20minutes.fr\/monde\/russie\/\" class=\"color-ultramarine c-link\" target=\"_blank\" rel=\"noopener\">Russie<\/a> a lanc\u00e9 une nouvelle attaque a\u00e9rienne \u00ab\u00a0massive\u00a0\u00bb, utilisant 315 drones explosifs et sept missiles. Plusieurs r\u00e9gions du pays ont \u00e9t\u00e9 touch\u00e9es par ces frappes ou par la chute de d\u00e9bris de drones abattus, dont la ville portuaire d\u2019<a href=\"https:\/\/www.20minutes.fr\/dossier\/odessa\" class=\"color-ultramarine c-link\" target=\"_blank\" rel=\"noopener\">Odessa<\/a>, o\u00f9 deux personnes ont \u00e9t\u00e9 tu\u00e9es et neuf bless\u00e9es, selon le gouverneur r\u00e9gional Oleg Kiper. A <a href=\"https:\/\/www.20minutes.fr\/dossier\/kiev\" class=\"color-ultramarine c-link\" target=\"_blank\" rel=\"noopener\">Kiev<\/a>, des immeubles r\u00e9sidentiels et entrep\u00f4ts ont \u00e9t\u00e9 touch\u00e9s. Dans la capitale, une femme a \u00e9t\u00e9 tu\u00e9e et quatre personnes ont \u00e9t\u00e9 bless\u00e9es selon un dernier bilan.<\/p>\n<p>L\u2019arm\u00e9e russe a affirm\u00e9 avoir cibl\u00e9 au cours de cette attaque l\u2019industrie militaire ukrainienne et avoir notamment touch\u00e9 des usines fabriquant des missiles, des chars et des navires, ainsi que des a\u00e9rodromes et d\u00e9p\u00f4ts de munitions et de carburant.<\/p>\n<p>En Russie, dans la r\u00e9gion frontali\u00e8re de Belgorod, une personne a \u00e9t\u00e9 tu\u00e9e et quatre autres ont \u00e9t\u00e9 bless\u00e9es dans une attaque de drone ayant d\u00e9truit une sup\u00e9rette, a annonc\u00e9 le gouverneur Viatcheslav Gladkov.<\/p>\n<\/p>\n<p>La d\u00e9claration du jour<\/p>\n<blockquote class=\"mx-m@xs mx-xxl@md color-ultramarine c-citation\">\n<p class=\"font-weight-regular@xs text-italic font-source-serif-pro text-l@xs c-citation__content\">\u00ab\u00a0Il ne s\u2019agit pas de cibles militaires, mais d\u2019actes de terreur contre la population civile\u00a0\u00bb\u00a0\u00bb<\/p>\n<\/blockquote>\n<p>Pas vraiment convaincu par les explications des Russes, le chancelier allemand <a href=\"https:\/\/www.20minutes.fr\/politique\/friedrich-merz\/\" class=\"color-ultramarine c-link\" target=\"_blank\" rel=\"noopener\">Friedrich Merz<\/a> a condamn\u00e9 avec fermet\u00e9 la nouvelle salve d\u2019attaques russes. \u00ab\u00a0La Russie pr\u00e9f\u00e8re l\u2019escalade \u00e0 la n\u00e9gociation\u00a0\u00bb, a aussi d\u00e9plor\u00e9 le dirigeant allemand.<\/p>\n<p>Le chiffre du jour<\/p>\n<p>45 dollars. Le prix plafond que l\u2019<a href=\"https:\/\/www.20minutes.fr\/dossier\/ue\" class=\"color-ultramarine c-link\" target=\"_blank\" rel=\"noopener\">Union europ\u00e9enne<\/a> veut appliquer au baril de p\u00e9trole russe, contre 60 dollars actuellement. \u00ab\u00a0Les exportations de p\u00e9trole repr\u00e9sentent toujours un tiers des revenus de la Russie. Nous devons r\u00e9duire cette source de revenus\u00a0\u00bb, a expliqu\u00e9 Ursula von\u00a0der\u00a0Leyen, la pr\u00e9sidente de la Commission europ\u00e9enne, lors de la pr\u00e9sentation d\u2019un nouveau paquet de sanctions europ\u00e9ennes, le 18e depuis le d\u00e9but du conflit. Il doit encore \u00eatre approuv\u00e9 par les Vingt-sept \u00e0 l\u2019unanimit\u00e9. Or, deux Etats membres, la Hongrie et la Slovaquie, ont d\u00e9j\u00e0 exprim\u00e9 leurs r\u00e9ticences.<\/p>\n<p>Par ailleurs, le plafond de 60 dollars le baril avait \u00e9t\u00e9 fix\u00e9 par les pays du G7 en d\u00e9cembre\u00a02022. Pour \u00eatre pleinement efficace, le plafond doit \u00e0 nouveau \u00eatre d\u00e9cid\u00e9 par l\u2019ensemble des sept pays les plus industrialis\u00e9s. Mais les Etats-Unis de <a href=\"https:\/\/www.20minutes.fr\/dossier\/donald_trump\" class=\"color-ultramarine c-link\" target=\"_blank\" rel=\"noopener\">Donald Trump<\/a> se sont montr\u00e9s jusqu\u2019\u00e0 pr\u00e9sent r\u00e9ticents \u00e0 imposer de nouvelles sanctions \u00e0 la Russie.<\/p>\n<p>Ursula von\u00a0der\u00a0Leyen reste confiante malgr\u00e9 tout. \u00ab\u00a0Nous avons commenc\u00e9 \u00e0 le faire au sein du G7 et cette mesure a \u00e9t\u00e9 couronn\u00e9e de succ\u00e8s. Je veux la poursuivre au sein du G7\u00a0\u00bb, a-t-elle indiqu\u00e9 \u00e0 quelques jours du sommet du G7 de Kananaskis, au Canada, du 15 au 17\u00a0juin.<\/p>\n<p>La tendance<\/p>\n<p>C\u2019est le seul domaine sur lequel deux bellig\u00e9rants arrivent \u00e0 dialoguer et la seule avanc\u00e9e concr\u00e8te des deux sessions de pourparlers \u00e0 Istanbul. La Russie et l\u2019Ukraine ont proc\u00e9d\u00e9 ce mardi, quelques heures \u00e0 peine apr\u00e8s les frappes russes, \u00e0 la deuxi\u00e8me phase d\u2019un \u00e9change d\u2019ampleur de prisonniers de guerre.<\/p>\n<p><a href=\"https:\/\/www.20minutes.fr\/monde\/ukraine\" class=\"c-link c-btn c-btn--primary\" target=\"_blank\" rel=\"noopener\">Notre dossier sur la guerre en Ukraine<\/a><\/p>\n<p> \u00ab\u00a0Un deuxi\u00e8me groupe de militaires russes a \u00e9t\u00e9 rapatri\u00e9 depuis le territoire contr\u00f4l\u00e9 par le r\u00e9gime de Kiev. En \u00e9change, un groupe de prisonniers de guerre des forces arm\u00e9es ukrainiennes a \u00e9t\u00e9 remis\u00a0\u00bb, a indiqu\u00e9 le minist\u00e8re russe de la D\u00e9fense, cit\u00e9 par les agences russes TASS et Ria Novosti.<\/p>\n<p>Le pr\u00e9sident ukrainien <a href=\"https:\/\/www.20minutes.fr\/monde\/volodymyr-zelensky\/\" class=\"color-ultramarine c-link\" target=\"_blank\" rel=\"noopener\">Volodymyr Zelensky<\/a> a pr\u00e9cis\u00e9 de son c\u00f4t\u00e9 que l\u2019\u00e9change de mardi concernait des \u00ab\u00a0soldats gri\u00e8vement bless\u00e9s\u00a0\u00bb lors des combats.<\/p>\n","protected":false},"excerpt":{"rendered":"Vous avez rat\u00e9 les derniers \u00e9v\u00e9nements sur la guerre en Ukraine\u00a0? 20 Minutes fait le point pour vous&hellip;\n","protected":false},"author":2,"featured_media":166435,"comment_status":"","ping_status":"","sticky":false,"template":"","format":"standard","meta":{"footnotes":""},"categories":[1590],"tags":[47,11,75,73,1777,674,4710,23564,131,74,12,807,132,220,555],"class_list":{"0":"post-166434","1":"post","2":"type-post","3":"status-publish","4":"format-standard","5":"has-post-thumbnail","7":"category-ukraine","8":"tag-actualite","9":"tag-actualites","10":"tag-donald-trump","11":"tag-etats-unis","12":"tag-eu","13":"tag-europe","14":"tag-friedrich-merz","15":"tag-g7","16":"tag-guerre-en-ukraine","17":"tag-monde","18":"tag-news","19":"tag-prisonniers","20":"tag-russie","21":"tag-ukraine","22":"tag-union-europeenne-ue"},"share_on_mastodon":{"url":"https:\/\/pubeurope.com\/@fr\/114660788562200283","error":""},"_links":{"self":[{"href":"https:\/\/www.europesays.com\/fr\/wp-json\/wp\/v2\/posts\/166434","targetHints":{"allow":["GET"]}}],"collection":[{"href":"https:\/\/www.europesays.com\/fr\/wp-json\/wp\/v2\/posts"}],"about":[{"href":"https:\/\/www.europesays.com\/fr\/wp-json\/wp\/v2\/types\/post"}],"author":[{"embeddable":true,"href":"https:\/\/www.europesays.com\/fr\/wp-json\/wp\/v2\/users\/2"}],"replies":[{"embeddable":true,"href":"https:\/\/www.europesays.com\/fr\/wp-json\/wp\/v2\/comments?post=166434"}],"version-history":[{"count":0,"href":"https:\/\/www.europesays.com\/fr\/wp-json\/wp\/v2\/posts\/166434\/revisions"}],"wp:featuredmedia":[{"embeddable":true,"href":"https:\/\/www.europesays.com\/fr\/wp-json\/wp\/v2\/media\/166435"}],"wp:attachment":[{"href":"https:\/\/www.europesays.com\/fr\/wp-json\/wp\/v2\/media?parent=166434"}],"wp:term":[{"taxonomy":"category","embeddable":true,"href":"https:\/\/www.europesays.com\/fr\/wp-json\/wp\/v2\/categories?post=166434"},{"taxonomy":"post_tag","embeddable":true,"href":"https:\/\/www.europesays.com\/fr\/wp-json\/wp\/v2\/tags?post=166434"}],"curies":[{"name":"wp","href":"https:\/\/api.w.org\/{rel}","templated":true}]}}