{"id":166438,"date":"2025-06-10T19:46:12","date_gmt":"2025-06-10T19:46:12","guid":{"rendered":"https:\/\/www.europesays.com\/fr\/166438\/"},"modified":"2025-06-10T19:46:12","modified_gmt":"2025-06-10T19:46:12","slug":"cinq-pays-occidentaux-sanctionnent-deux-ministres-israeliens-accuses-dincitation-a-la-violence","status":"publish","type":"post","link":"https:\/\/www.europesays.com\/fr\/166438\/","title":{"rendered":"Cinq pays occidentaux sanctionnent deux ministres isra\u00e9liens, accus\u00e9s d&rsquo;\u00abincitation \u00e0 la violence\u00bb"},"content":{"rendered":"<p>Le Royaume-Uni, l&rsquo;Australie, le Canada, la Nouvelle-Z\u00e9lande et la Norv\u00e8ge ont annonc\u00e9, ce mardi 10 juin, avoir impos\u00e9 des sanctions contre deux ministres isra\u00e9liens d&rsquo;extr\u00eame droite, Itamar Ben Gvir et Bezalel Smotrich, les accusant d&rsquo;\u00ab incitation \u00e0 la violence \u00bb contre les Palestiniens, une d\u00e9marche in\u00e9dite de la part de pays occidentaux.<\/p>\n<p>Itamar Ben Gvir et Bezalel Smotrich \u00ab ont incit\u00e9 \u00e0 une violence extr\u00e9miste et \u00e0 de graves violations des droits humains des Palestiniens \u00bb en Cisjordanie, condamnent les ministres britannique, australien, canadien, n\u00e9o-z\u00e9landais et norv\u00e9gien des Affaires \u00e9trang\u00e8res dans un communiqu\u00e9 commun. Pr\u00f4ner \u00ab le d\u00e9placement forc\u00e9 de Palestiniens et la cr\u00e9ation de nouvelles colonies isra\u00e9liennes est effroyable et dangereux \u00bb, ont-ils ajout\u00e9, parlant d&rsquo;actions \u00ab inacceptables \u00bb. Ces deux figures de l&rsquo;extr\u00eame droite en <strong><a href=\"https:\/\/www.rfi.fr\/fr\/tag\/isra\u00ebl\/\" rel=\"nofollow noopener\" target=\"_blank\" data-ylk=\"slk:Isra\u00ebl;elm:context_link;itc:0;sec:content-canvas\" class=\"link \">Isra\u00ebl<\/a><\/strong> sont d\u00e9sormais frapp\u00e9es d&rsquo;une interdiction de voyager au Royaume-Uni, en <strong><a href=\"https:\/\/www.rfi.fr\/fr\/tag\/australie\/\" rel=\"nofollow noopener\" target=\"_blank\" data-ylk=\"slk:Australie;elm:context_link;itc:0;sec:content-canvas\" class=\"link \">Australie<\/a><\/strong>, au Canada, en Nouvelle-Z\u00e9lande et en <strong><a href=\"https:\/\/www.rfi.fr\/fr\/tag\/norv\u00e8ge\/\" rel=\"nofollow noopener\" target=\"_blank\" data-ylk=\"slk:Norv\u00e8ge;elm:context_link;itc:0;sec:content-canvas\" class=\"link \">Norv\u00e8ge<\/a><\/strong>. Leurs avoirs \u00e9ventuels sont gel\u00e9s au <strong><a href=\"https:\/\/www.rfi.fr\/fr\/tag\/royaume-uni\/\" rel=\"nofollow noopener\" target=\"_blank\" data-ylk=\"slk:Royaume-Uni;elm:context_link;itc:0;sec:content-canvas\" class=\"link \">Royaume-Uni<\/a><\/strong>, au <strong><a href=\"https:\/\/www.rfi.fr\/fr\/tag\/canada\/\" rel=\"nofollow noopener\" target=\"_blank\" data-ylk=\"slk:Canada;elm:context_link;itc:0;sec:content-canvas\" class=\"link \">Canada<\/a><\/strong> et en Australie.<\/p>\n<p>Le gouvernement isra\u00e9lien a condamn\u00e9 ces sanctions avant m\u00eame leur annonce officielle. \u00ab Il est scandaleux que des repr\u00e9sentants \u00e9lus et des membres du gouvernement soient soumis \u00e0 ce type de mesures \u00bb, a d\u00e9clar\u00e9 le ministre isra\u00e9lien des Affaires \u00e9trang\u00e8res, Gideon Saar, lors d&rsquo;une conf\u00e9rence de presse.<\/p>\n<p><a href=\"https:\/\/www.rfi.fr\/fr\/moyen-orient\/20250610-cinq-pays-occidentaux-sanctionnent-deux-ministres-isra%C3%A9liens-accus%C3%A9s-d-incitation-%C3%A0-la-violence\" rel=\"nofollow noopener\" target=\"_blank\" data-ylk=\"slk:Lire la suite sur RFI;elm:context_link;itc:0;sec:content-canvas\" class=\"link \">Lire la suite sur RFI<\/a><\/p>\n","protected":false},"excerpt":{"rendered":"Le Royaume-Uni, l&rsquo;Australie, le Canada, la Nouvelle-Z\u00e9lande et la Norv\u00e8ge ont annonc\u00e9, ce mardi 10 juin, avoir impos\u00e9&hellip;\n","protected":false},"author":2,"featured_media":166439,"comment_status":"","ping_status":"","sticky":false,"template":"","format":"standard","meta":{"footnotes":""},"categories":[1588],"tags":[11,260,29993,574,1777,674,13568,12,673,13071,473,1853,1851,1850,1852],"class_list":{"0":"post-166438","1":"post","2":"type-post","3":"status-publish","4":"format-standard","5":"has-post-thumbnail","7":"category-royaume-uni","8":"tag-actualites","9":"tag-affaires-etrangeres","10":"tag-bezalel-smotrich","11":"tag-canada","12":"tag-eu","13":"tag-europe","14":"tag-itamar-ben-gvir","15":"tag-news","16":"tag-norvege","17":"tag-nouvelle-zelande","18":"tag-royaume-uni","19":"tag-royaume-uni-de-grande-bretagne-et-dirlande-du-nord","20":"tag-uk","21":"tag-united-kingdom","22":"tag-united-kingdom-of-great-britain-and-northern-ireland"},"share_on_mastodon":{"url":"","error":""},"_links":{"self":[{"href":"https:\/\/www.europesays.com\/fr\/wp-json\/wp\/v2\/posts\/166438","targetHints":{"allow":["GET"]}}],"collection":[{"href":"https:\/\/www.europesays.com\/fr\/wp-json\/wp\/v2\/posts"}],"about":[{"href":"https:\/\/www.europesays.com\/fr\/wp-json\/wp\/v2\/types\/post"}],"author":[{"embeddable":true,"href":"https:\/\/www.europesays.com\/fr\/wp-json\/wp\/v2\/users\/2"}],"replies":[{"embeddable":true,"href":"https:\/\/www.europesays.com\/fr\/wp-json\/wp\/v2\/comments?post=166438"}],"version-history":[{"count":0,"href":"https:\/\/www.europesays.com\/fr\/wp-json\/wp\/v2\/posts\/166438\/revisions"}],"wp:featuredmedia":[{"embeddable":true,"href":"https:\/\/www.europesays.com\/fr\/wp-json\/wp\/v2\/media\/166439"}],"wp:attachment":[{"href":"https:\/\/www.europesays.com\/fr\/wp-json\/wp\/v2\/media?parent=166438"}],"wp:term":[{"taxonomy":"category","embeddable":true,"href":"https:\/\/www.europesays.com\/fr\/wp-json\/wp\/v2\/categories?post=166438"},{"taxonomy":"post_tag","embeddable":true,"href":"https:\/\/www.europesays.com\/fr\/wp-json\/wp\/v2\/tags?post=166438"}],"curies":[{"name":"wp","href":"https:\/\/api.w.org\/{rel}","templated":true}]}}