{"id":166444,"date":"2025-06-10T19:49:10","date_gmt":"2025-06-10T19:49:10","guid":{"rendered":"https:\/\/www.europesays.com\/fr\/166444\/"},"modified":"2025-06-10T19:49:10","modified_gmt":"2025-06-10T19:49:10","slug":"emmanuel-macron-promet-dinterdire-les-reseaux-sociaux-aux-moins-de-15-ans-en-france-si-lunion-europeenne-ne-le-fait-pas","status":"publish","type":"post","link":"https:\/\/www.europesays.com\/fr\/166444\/","title":{"rendered":"Emmanuel Macron promet d\u2019\u00abinterdire les r\u00e9seaux sociaux aux moins de 15 ans\u00bb en France si l\u2019Union europ\u00e9enne ne le fait pas"},"content":{"rendered":"<p>\u00abJe nous donne quelques mois pour arriver \u00e0 faire la mobilisation europ\u00e9enne. Sinon (&#8230;) on commence \u00e0 le faire en France. On ne peut pas attendre\u00bb, a d\u00e9clar\u00e9 le chef de l\u2019\u00c9tat ce mardi soir.<\/p>\n<p class=\"fig-paragraph\"><a href=\"http:\/\/www.lefigaro.fr\/politique\/immigration-faits-divers-emmanuel-macron-denonce-une-surenchere-securitaire-20250608\" target=\"_blank\" data-fig-type=\"Article\" rel=\"noopener\" data-gtm-custom-categorie=\"navigation\" data-gtm-custom-action=\"crossclick\" data-gtm-custom-label=\"Contextuel\" data-gtm-event=\"customEventSPE\" data-fig-domain=\"LEFIGARO\">Emmanuel Macron<\/a>\u00a0a affirm\u00e9 mardi que la France interdira les r\u00e9seaux sociaux aux enfants de moins de quinze ans si, d\u2019ici \u00abquelques mois\u00bb, cela n\u2019est pas fait au niveau europ\u00e9en.<\/p>\n<p class=\"fig-paragraph\">\u00abOn doit interdire les r\u00e9seaux sociaux aux moins de 15 ans\u00bb, a dit le chef de l\u2019\u00c9tat sur France 2 apr\u00e8s qu\u2019une surveillante a \u00e9t\u00e9 mortellement poignard\u00e9e dans la matin\u00e9e par un \u00e9l\u00e8ve de 14 ans \u00e0 l\u2019entr\u00e9e d\u2019un coll\u00e8ge \u00e0\u00a0<a href=\"http:\/\/www.lefigaro.fr\/actualite-france\/guillaume-tabard-surveillante-tuee-a-nogent-un-drame-qui-n-est-pas-qu-un-fait-divers-20250610\" target=\"_blank\" data-fig-type=\"Article\" rel=\"noopener\" data-gtm-custom-categorie=\"navigation\" data-gtm-custom-action=\"crossclick\" data-gtm-custom-label=\"Contextuel\" data-gtm-event=\"customEventSPE\" data-fig-domain=\"LEFIGARO\">Nogent<\/a>, en Haute-Marne. \u00abJe nous donne quelques mois pour arriver \u00e0 faire la mobilisation europ\u00e9enne. Sinon (&#8230;) on commence \u00e0 le faire en France. On ne peut pas attendre\u00bb, a-t-il d\u00e9clar\u00e9.<\/p>\n","protected":false},"excerpt":{"rendered":"\u00abJe nous donne quelques mois pour arriver \u00e0 faire la mobilisation europ\u00e9enne. Sinon (&#8230;) on commence \u00e0 le&hellip;\n","protected":false},"author":2,"featured_media":166445,"comment_status":"","ping_status":"","sticky":false,"template":"","format":"standard","meta":{"footnotes":""},"categories":[1586],"tags":[11,426,427,422,423,1777,674,1779,1011,27,418,424,425,420,421,11514,12,419,316,429,25,938,1778,428,364],"class_list":{"0":"post-166444","1":"post","2":"type-post","3":"status-publish","4":"format-standard","5":"has-post-thumbnail","7":"category-europe","8":"tag-actualites","9":"tag-candidat","10":"tag-candidats","11":"tag-depute","12":"tag-deputes","13":"tag-eu","14":"tag-europe","15":"tag-european-union","16":"tag-fr","17":"tag-france","18":"tag-gouvernement","19":"tag-institution","20":"tag-institutions","21":"tag-loi","22":"tag-lois","23":"tag-macron","24":"tag-news","25":"tag-opposition","26":"tag-politique","27":"tag-ps","28":"tag-republique-francaise","29":"tag-reseaux-sociaux","30":"tag-ue","31":"tag-ump","32":"tag-union-europeenne"},"share_on_mastodon":{"url":"https:\/\/pubeurope.com\/@fr\/114660806719037046","error":""},"_links":{"self":[{"href":"https:\/\/www.europesays.com\/fr\/wp-json\/wp\/v2\/posts\/166444","targetHints":{"allow":["GET"]}}],"collection":[{"href":"https:\/\/www.europesays.com\/fr\/wp-json\/wp\/v2\/posts"}],"about":[{"href":"https:\/\/www.europesays.com\/fr\/wp-json\/wp\/v2\/types\/post"}],"author":[{"embeddable":true,"href":"https:\/\/www.europesays.com\/fr\/wp-json\/wp\/v2\/users\/2"}],"replies":[{"embeddable":true,"href":"https:\/\/www.europesays.com\/fr\/wp-json\/wp\/v2\/comments?post=166444"}],"version-history":[{"count":0,"href":"https:\/\/www.europesays.com\/fr\/wp-json\/wp\/v2\/posts\/166444\/revisions"}],"wp:featuredmedia":[{"embeddable":true,"href":"https:\/\/www.europesays.com\/fr\/wp-json\/wp\/v2\/media\/166445"}],"wp:attachment":[{"href":"https:\/\/www.europesays.com\/fr\/wp-json\/wp\/v2\/media?parent=166444"}],"wp:term":[{"taxonomy":"category","embeddable":true,"href":"https:\/\/www.europesays.com\/fr\/wp-json\/wp\/v2\/categories?post=166444"},{"taxonomy":"post_tag","embeddable":true,"href":"https:\/\/www.europesays.com\/fr\/wp-json\/wp\/v2\/tags?post=166444"}],"curies":[{"name":"wp","href":"https:\/\/api.w.org\/{rel}","templated":true}]}}