{"id":166454,"date":"2025-06-10T19:54:12","date_gmt":"2025-06-10T19:54:12","guid":{"rendered":"https:\/\/www.europesays.com\/fr\/166454\/"},"modified":"2025-06-10T19:54:12","modified_gmt":"2025-06-10T19:54:12","slug":"un-truc-qui-nous-a-tous-depasses-medaille-dix-mois-plus-tard-le-kine-montpellierain-de-lequipe-de-france-de-volley-est-lui-aussi-champion-olympique","status":"publish","type":"post","link":"https:\/\/www.europesays.com\/fr\/166454\/","title":{"rendered":"\u00ab\u00a0Un truc qui nous a tous d\u00e9pass\u00e9s\u00a0\u00bb\u00a0: m\u00e9daill\u00e9 dix mois plus tard, le kin\u00e9 (montpelli\u00e9rain) de l\u2019\u00e9quipe de France de volley est lui aussi champion olympique"},"content":{"rendered":"<p>\n                                                                Kin\u00e9 au Mill\u00e9naire, \u00e0 Montpellier, Romain Raulet-Orfanotti est l\u2019un des deux praticiens de l\u2019\u00e9quipe de France double championne olympique. Il vient d\u2019\u00eatre honor\u00e9 par la F\u00e9d\u00e9ration fran\u00e7aise de volley avant de partir au Canada o\u00f9 les Bleus disputent la Ligue mondiale.\n                            <\/p>\n<p>\u00ab\u00a0Ce souvenir, il me marquera \u00e0 vie\u00a0: c\u2019est apr\u00e8s la finale des Jeux olympiques. Une heure apr\u00e8s environ. Tout le monde sort du terrain. Le public est encore l\u00e0 et le protocole, juste avant la remise des m\u00e9dailles, c\u2019est de faire revenir les \u00e9quipes une \u00e0 une. Et l\u00e0, on s\u2019est retrouv\u00e9 au milieu du terrain avec tout le staff et les joueurs, en rang devant les 15\u00a0000 personnes du stade. \u00c7a chantait La Marseillaise a cappella. C\u2019\u00e9tait un moment vibrant, incroyable. C\u2019est quelque chose qui nous a tous d\u00e9pass\u00e9s, submerg\u00e9s. La puissance du truc\u2026 J\u2019en ai encore les frissons.\u00a0\u00bb<\/p>\n<p>\u00ab\u00a0Voil\u00e0, c\u2019est \u00e7a que je veux faire\u00a0\u00bb<\/p>\n<p>Romain Raulet-Orfanotti \u00e9tait bien sur le parquet de la finale olympique du volley, le 10\u00a0ao\u00fbt 2024, \u00e0 Paris, porte de la Chapelle, mais pas en tant que joueur. Lui est kin\u00e9. \u00c0 Montpellier d\u00e9j\u00e0, dans son cabinet \u00e0 deux pas de la clinique du Mill\u00e9naire, avenue Nina-Simone, mais aussi aupr\u00e8s de l\u2019\u00e9quipe de France volley, des Earvin Ngapeth, Nicolas Le Goff et consorts, doubles champions olympiques en titre. Le corps m\u00e9dical est-il partie prenante de cette r\u00e9ussite\u00a0? Sans aucun doute. Au point que notre kin\u00e9 montpelli\u00e9rain aura lui aussi \u00e9t\u00e9 honor\u00e9 de sa m\u00e9daille.<\/p>\n<p>Bon, il aura d\u00fb attendre un peu puisque la remise officielle, de la part de la F\u00e9d\u00e9ration fran\u00e7aise aux membres du staff, vient tout juste d\u2019avoir lieu, \u00e0 Tours, \u00e0 l\u2019occasion des retrouvailles des Bleus dans le cadre de la pr\u00e9paration \u00e0 la Ligue mondiale, qui d\u00e9marre ce mercredi 11\u00a0juin au Canada, puis le championnat du monde, en septembre aux Philippines. Un joli parcours et de superbes objectifs pour ce Montpelli\u00e9rain, n\u00e9 dans le volley, de parents volleyeurs, dirigeant pour le paternel au Montpellier Volley. Aupr\u00e8s de l\u2019\u00e9quipe professionnelle.<\/p>\n<p>\u00ab\u00a0Petit, j\u2019ai \u00e9t\u00e9 en contact avec l\u2019\u00e9quipe pro. J\u2019\u00e9tais souvent aux entra\u00eenements, aux matchs. \u00c0 Bougnol \u00e0 l\u2019\u00e9poque. Le kin\u00e9, c\u2019\u00e9tait Igor Klander. De le voir fonctionner, \u00e7a a toujours \u00e9t\u00e9 un truc qui m\u2019a fait r\u00eaver, qui m\u2019a fait dire\u00a0: \u201cvoil\u00e0, c\u2019est \u00e7a que je veux faire\u201d.\u00a0\u00bb<\/p>\n<p>Le dipl\u00f4me en Belgique puis la suite logique<\/p>\n<p>Apr\u00e8s le bac, pas de tergiversations, Romain a fil\u00e9 direct chercher son dipl\u00f4me professionnel en Belgique. Puis retour \u00e0 Montpellier, il enquille au centre de formation en tant que joueur pour encadrer les jeunes. En termes de kin\u00e9s, Montpellier est alors bien loti. \u00c0 commencer par le pr\u00e9sident du club, Jean-Pierre Brachard, dont il reprendra le cabinet. Mais aussi Jean-Paul Andr\u00e9a et Luc Jouffray. Le premier est sur l\u2019\u00e9quipe de France, la grande\u00a0; le second sur les jeunes. Romain Raulet-Orfanotti suivra leur sillon, lentement, sans br\u00fbler les \u00e9tapes. Et puis viendra la bascule, le tournoi de qualification olympique en 2020, \u00e0 Berlin. Les Bleus sont au fond du trou, pas donn\u00e9s vainqueurs pour un sou. Et pourtant ils gagnent. Le kin\u00e9 montpelli\u00e9rain est de la partie.<\/p>\n<p>Nicolas Le Goff\u00a0: \u00ab\u00a0Romain, il a pratiqu\u00e9\u00a0\u00bb<\/p>\n<p>\u00ab\u00a0Romain, il conna\u00eet le volley, appr\u00e9cie Nicolas Le Goff. Il a pratiqu\u00e9, il conna\u00eet les bobos sp\u00e9cifiques, il est performant, \u00e0 l\u2019\u00e9coute, il prend le temps. Son r\u00f4le est super important. Les kin\u00e9s nous aident \u00e0 performer \u00e0 l\u2019instant T, ce sont un peu les garagistes de notre corps.\u00a0\u00bb<br \/>\u00c0 37 ans, ce m\u00e9canicien de la haute pr\u00e9cision du sportif a encore un joli chemin \u00e0 parcourir, un chemin dans lequel il devra int\u00e9grer un heureux \u00e9v\u00e9nement, annonc\u00e9 pour octobre, avec son \u00e9pouse Florie, kin\u00e9 elle aussi.<\/p>\n<p>    Au rugby et au basket aussi<\/p>\n<p>\u00c0 croire que l\u2019air montpelli\u00e9rain est propice aux kin\u00e9s montpelli\u00e9rains. <strong>Romain Raulet-Orfanotti<\/strong> n\u2019est pas le seul kin\u00e9 issu de Montpellier actuellement en poste aupr\u00e8s d\u2019une \u00e9quipe de France d\u2019un sport collectif.<\/p>\n<p>Au rugby, <strong>Bruno Boussagol<\/strong>, historique kin\u00e9 du MHR est mont\u00e9 \u00e0 Marcoussis dans les bagages de Fabien Galthi\u00e9, une fois celui-ci nomm\u00e9 s\u00e9lectionneur national.<\/p>\n<p><strong>Serge Krakowiak<\/strong> a eu son dipl\u00f4me \u00e0 Montpellier et a mass\u00e9 les bobos des basketteurs du Montpellier Paillade Basket, avant que le club ne disparaisse, en 2002. Il est depuis 2006, le kin\u00e9 de l\u2019\u00e9quipe de France de basket. Sa cons\u0153ur<strong> Cl\u00e9mence Hallard<\/strong> est, elle, en charge de l\u2019\u00e9quipe de France f\u00e9minine, ainsi que du BLMA.<\/p>\n<p>Plus qu\u2019un filon bien \u00e9tabli, il s\u2019agit plut\u00f4t d\u2019opportunit\u00e9s individuelles et d\u2019une belle reconnaissance professionnelle. Pour Romain Raulet-Orfanotti, \u00ab\u00a0clairement, il y a une part de hasard mais il y a aussi des comp\u00e9tences, du travail, des sacrifices\u00a0!\u00a0\u00bb<\/p>\n","protected":false},"excerpt":{"rendered":"Kin\u00e9 au Mill\u00e9naire, \u00e0 Montpellier, Romain Raulet-Orfanotti est l\u2019un des deux praticiens de l\u2019\u00e9quipe de France double championne&hellip;\n","protected":false},"author":2,"featured_media":166455,"comment_status":"","ping_status":"","sticky":false,"template":"","format":"standard","meta":{"footnotes":""},"categories":[1417],"tags":[1011,27,60,1470,1469],"class_list":{"0":"post-166454","1":"post","2":"type-post","3":"status-publish","4":"format-standard","5":"has-post-thumbnail","7":"category-volley","8":"tag-fr","9":"tag-france","10":"tag-sports","11":"tag-volley","12":"tag-volleyball"},"share_on_mastodon":{"url":"https:\/\/pubeurope.com\/@fr\/114660826301468271","error":""},"_links":{"self":[{"href":"https:\/\/www.europesays.com\/fr\/wp-json\/wp\/v2\/posts\/166454","targetHints":{"allow":["GET"]}}],"collection":[{"href":"https:\/\/www.europesays.com\/fr\/wp-json\/wp\/v2\/posts"}],"about":[{"href":"https:\/\/www.europesays.com\/fr\/wp-json\/wp\/v2\/types\/post"}],"author":[{"embeddable":true,"href":"https:\/\/www.europesays.com\/fr\/wp-json\/wp\/v2\/users\/2"}],"replies":[{"embeddable":true,"href":"https:\/\/www.europesays.com\/fr\/wp-json\/wp\/v2\/comments?post=166454"}],"version-history":[{"count":0,"href":"https:\/\/www.europesays.com\/fr\/wp-json\/wp\/v2\/posts\/166454\/revisions"}],"wp:featuredmedia":[{"embeddable":true,"href":"https:\/\/www.europesays.com\/fr\/wp-json\/wp\/v2\/media\/166455"}],"wp:attachment":[{"href":"https:\/\/www.europesays.com\/fr\/wp-json\/wp\/v2\/media?parent=166454"}],"wp:term":[{"taxonomy":"category","embeddable":true,"href":"https:\/\/www.europesays.com\/fr\/wp-json\/wp\/v2\/categories?post=166454"},{"taxonomy":"post_tag","embeddable":true,"href":"https:\/\/www.europesays.com\/fr\/wp-json\/wp\/v2\/tags?post=166454"}],"curies":[{"name":"wp","href":"https:\/\/api.w.org\/{rel}","templated":true}]}}