{"id":166475,"date":"2025-06-10T20:06:10","date_gmt":"2025-06-10T20:06:10","guid":{"rendered":"https:\/\/www.europesays.com\/fr\/166475\/"},"modified":"2025-06-10T20:06:10","modified_gmt":"2025-06-10T20:06:10","slug":"mort-de-nicole-croisille-elle-avait-programme-son-depart-une-terrible-interview-posthume-publiee","status":"publish","type":"post","link":"https:\/\/www.europesays.com\/fr\/166475\/","title":{"rendered":"Mort de Nicole Croisille : elle avait programm\u00e9 son \u201cd\u00e9part\u201d, une terrible interview posthume publi\u00e9e"},"content":{"rendered":"<p><a href=\"https:\/\/www.closermag.fr\/people\/mort-de-nicole-croisille-ses-humbles-dernieres-volontes-devoilees-3552174\" target=\"_blank\" rel=\"noopener\"><br \/>\nNicole Croisille<\/a>, figure incontournable de la sc\u00e8ne musicale<br \/>\nfran\u00e7aise des ann\u00e9es 70, s\u2019est \u00e9teinte le 4 juin \u00e0 l\u2019\u00e2ge de 88 ans.<br \/>\nConnue pour ses titres embl\u00e9matiques Parlez-moi de lui,<br \/>\nT\u00e9l\u00e9phone-moi ou encore le c\u00e9l\u00e8bre \u00ab\u00a0dabadabada\u00a0\u00bb.<br \/>\nElle avait \u00e9t\u00e9 admise en urgence dans un \u00e9tablissement parisien le<br \/>\n1er juin, avant d\u2019\u00eatre plac\u00e9e sous <strong>s\u00e9dation<br \/>\nprofonde<\/strong>.<\/p>\n<p>Dans un entretien accord\u00e9 d\u00e9but mai au magazine Elle,<br \/>\nmais publi\u00e9 seulement apr\u00e8s sa disparition, l\u2019artiste avait \u00e9voqu\u00e9<br \/>\nson souhait de recourir \u00e0 l\u2019aide m\u00e9dicale \u00e0 mourir en Belgique.<\/p>\n<p>Pas d&rsquo;obs\u00e8ques pour la chanteuse<\/p>\n<p>Comme l\u2019a rapport\u00e9 le journaliste de l\u2019AFP Jean-Fran\u00e7ois Guyot,<br \/>\naucun hommage officiel ne sera organis\u00e9 pour Nicole Croisille,<br \/>\nmalgr\u00e9 son statut de l\u00e9gende de la chanson fran\u00e7aise. \u00ab\u00a0Selon<br \/>\nles souhaits de l\u2019artiste, il n\u2019y aura aucune c\u00e9r\u00e9monie\u00a0\u00bb,<br \/>\na-t-il pr\u00e9cis\u00e9. Ses <a href=\"https:\/\/www.closermag.fr\/people\/nicole-croisille-ruinee-cette-decision-radicale-et-amerement-regrettee-qui-a-change-le-cours-de-sa-vie-3551758\" target=\"_blank\" rel=\"noopener\"><br \/>\nobs\u00e8ques<\/a> se d\u00e9rouleront dans la plus <strong>stricte<br \/>\nintimit\u00e9<\/strong>. Sans public ni c\u00e9l\u00e9brit\u00e9s, uniquement en<br \/>\npr\u00e9sence de ses proches, d\u2019apr\u00e8s les informations de Pure People<br \/>\npubli\u00e9es ce vendredi 6 juin.<\/p>\n<p>En d\u00e9pit de cette discr\u00e9tion, les hommages ont afflu\u00e9. <a href=\"https:\/\/www.closermag.fr\/people\/mort-de-nicole-croisille-veuf-aujourdhui-claude-lelouch-devaste-3551429\" target=\"_blank\" rel=\"noopener\"><br \/>\nClaude Lelouch<\/a>, tr\u00e8s \u00e9mu sur le plateau de Bonjour ! La<br \/>\nMatinale TF1, a d\u00e9clar\u00e9 : \u00ab\u00a0Elle a \u00e9t\u00e9 la voix de ma vie.<br \/>\n<strong>Elle a \u00e9t\u00e9 une confidente, une amie, une muse<\/strong>.<br \/>\nC\u2019est une femme formidable \u00e0 la fois derri\u00e8re un micro, mais dans<br \/>\nla vie, elle avait tout. Elle savait tout faire. Elle savait<br \/>\nrebondir en permanence, avait un sens de l\u2019improvisation<br \/>\nincroyable. Pour moi, \u00e0 titre personnel, c\u2019est un grand<br \/>\nd\u00e9part\u00a0\u00bb.<\/p>\n<p>Nicole Croisille : sa mort \u00e9tait<br \/>\nprogramm\u00e9e<\/p>\n<p>Un mois avant sa disparition, Nicole Croisille, consciente de<br \/>\nl\u2019issue in\u00e9vitable de son combat contre un cancer incurable, avait<br \/>\nexprim\u00e9 son souhait de ma\u00eetriser sa fin de vie. Elle avait alors<br \/>\nsollicit\u00e9 une journaliste du magazine Elle pour lui<br \/>\nconfier, \u00e0 huis clos, son projet de recourir \u00e0 <strong>l\u2019aide au<br \/>\nsuicide en Belgique<\/strong>. L\u2019entretien, conditionn\u00e9 \u00e0 une<br \/>\npublication posthume, revenait sur son choix r\u00e9fl\u00e9chi et les<br \/>\nd\u00e9marches entreprises, \u00e9paul\u00e9e notamment par un proche oncologue<br \/>\nengag\u00e9 dans l\u2019Association pour le droit de mourir dans la dignit\u00e9.<br \/>\nLe destin a voulu qu\u2019<strong>elle s\u2019\u00e9teigne pr\u00e9cis\u00e9ment \u00e0 la date<br \/>\nqu\u2019elle avait inscrite<\/strong> dans son agenda pour son<br \/>\nd\u00e9part.<\/p>\n<p>Elle a \u00e9t\u00e9 plong\u00e9e dans une s\u00e9dation profonde conform\u00e9ment \u00e0 la<br \/>\nloi Leonetti. Nicole Croisille s\u2019est \u00e9teinte dans une clinique<br \/>\nparisienne \u00e0 la date qu\u2019elle avait elle-m\u00eame fix\u00e9e. \u00ab\u00a0<strong>Le<br \/>\ngrand d\u00e9part<\/strong>\u00a0\u00bb avait-elle \u00e9crit dans son agenda.<br \/>\n\u00ab\u00a0\u00c7a ne vous fait pas peur ?\u00a0\u00bb, lui demande la journaliste.<br \/>\n\u00ab\u00a0Non, je n\u2019attends que \u00e7a\u00a0\u00bb, r\u00e9pond-elle sans d\u00e9tour. Une<br \/>\nconviction qu\u2019elle assume pleinement. \u00ab\u00a0C\u2019est moi seule qui<br \/>\nd\u00e9cide, <strong>je suis libre<\/strong>\u00ab\u00a0, avant d\u2019ajouter, sans<br \/>\nfiltre : \u00ab\u00a0La soci\u00e9t\u00e9, telle qu\u2019elle est aujourd\u2019hui, n\u2019en a<br \/>\nrien \u00e0 foutre des vieux qui meurent\u00a0\u00bb.<\/p>\n","protected":false},"excerpt":{"rendered":"Nicole Croisille, figure incontournable de la sc\u00e8ne musicale fran\u00e7aise des ann\u00e9es 70, s\u2019est \u00e9teinte le 4 juin \u00e0&hellip;\n","protected":false},"author":2,"featured_media":166476,"comment_status":"","ping_status":"","sticky":false,"template":"","format":"standard","meta":{"footnotes":""},"categories":[1355],"tags":[548,58,59,1011,27,1361,873,28047],"class_list":{"0":"post-166475","1":"post","2":"type-post","3":"status-publish","4":"format-standard","5":"has-post-thumbnail","7":"category-musique","8":"tag-article-simple","9":"tag-divertissement","10":"tag-entertainment","11":"tag-fr","12":"tag-france","13":"tag-music","14":"tag-musique","15":"tag-nicole-croisille"},"share_on_mastodon":{"url":"https:\/\/pubeurope.com\/@fr\/114660873597319392","error":""},"_links":{"self":[{"href":"https:\/\/www.europesays.com\/fr\/wp-json\/wp\/v2\/posts\/166475","targetHints":{"allow":["GET"]}}],"collection":[{"href":"https:\/\/www.europesays.com\/fr\/wp-json\/wp\/v2\/posts"}],"about":[{"href":"https:\/\/www.europesays.com\/fr\/wp-json\/wp\/v2\/types\/post"}],"author":[{"embeddable":true,"href":"https:\/\/www.europesays.com\/fr\/wp-json\/wp\/v2\/users\/2"}],"replies":[{"embeddable":true,"href":"https:\/\/www.europesays.com\/fr\/wp-json\/wp\/v2\/comments?post=166475"}],"version-history":[{"count":0,"href":"https:\/\/www.europesays.com\/fr\/wp-json\/wp\/v2\/posts\/166475\/revisions"}],"wp:featuredmedia":[{"embeddable":true,"href":"https:\/\/www.europesays.com\/fr\/wp-json\/wp\/v2\/media\/166476"}],"wp:attachment":[{"href":"https:\/\/www.europesays.com\/fr\/wp-json\/wp\/v2\/media?parent=166475"}],"wp:term":[{"taxonomy":"category","embeddable":true,"href":"https:\/\/www.europesays.com\/fr\/wp-json\/wp\/v2\/categories?post=166475"},{"taxonomy":"post_tag","embeddable":true,"href":"https:\/\/www.europesays.com\/fr\/wp-json\/wp\/v2\/tags?post=166475"}],"curies":[{"name":"wp","href":"https:\/\/api.w.org\/{rel}","templated":true}]}}