{"id":166481,"date":"2025-06-10T20:09:09","date_gmt":"2025-06-10T20:09:09","guid":{"rendered":"https:\/\/www.europesays.com\/fr\/166481\/"},"modified":"2025-06-10T20:09:09","modified_gmt":"2025-06-10T20:09:09","slug":"cherki-rejoint-manchester-city-pour-plus-de-40-me","status":"publish","type":"post","link":"https:\/\/www.europesays.com\/fr\/166481\/","title":{"rendered":"Cherki rejoint Manchester City pour plus de 40 M\u20ac"},"content":{"rendered":"<p>                            <img width=\"770\" height=\"433\" src=\"https:\/\/www.europesays.com\/fr\/wp-content\/uploads\/2025\/06\/Cherki-3-770x433.jpg\" class=\"attachment-article size-article wp-post-image\" alt=\"\" decoding=\"async\" fetchpriority=\"high\"  \/><\/p>\n<p>Rayan Cherki \u00e0 Manchester City (@ManCity)<\/p>\n<p>Il \u00e9tait la grosse vente attendue du d\u00e9but du mercato. Rayan Cherki a officiellement sign\u00e9 en faveur de Manchester City. Montant de la transaction, 42,5 millions d&rsquo;euros, bonus inclus.<\/p>\n<p>Voil\u00e0, cette fois-ci, c&rsquo;est officiellement termin\u00e9. Plus de cinq ans et demi apr\u00e8s ses d\u00e9buts professionnels, Rayan <strong>Cherki <\/strong>quitte l&rsquo;OL. Le meneur de jeu est d\u00e9sormais un joueur de Manchester City. Le club anglais, qui comptera sur lui pour la Coupe du monde des clubs, a d\u00e9bours\u00e9 36,5 millions d&rsquo;euros pour le recruter. Un montant auquel on peut ajouter 6 (dont 4 facilement accessibles) millions de bonus suppl\u00e9mentaires. Il pourrait aussi \u00eatre amen\u00e9 \u00e0 verser 15% \u00e0 son homologue sur une \u00e9ventuelle plus-value future.<\/p>\n<p>Une somme qui va soulager l&rsquo;Olympique lyonnais, \u00e0 deux semaines de se pr\u00e9senter devant la DNCG. Rappelons que <a href=\"https:\/\/www.olympique-et-lyonnais.com\/cherki-60e-international-francais-avec-lol,364850.html\" target=\"_blank\" rel=\"noopener\">l&rsquo;international fran\u00e7ais<\/a> (deux s\u00e9lections) \u00e9tait sous contrat pour encore un an (une prolongation d&rsquo;une saison suppl\u00e9mentaire s&rsquo;activait s&rsquo;il n&rsquo;\u00e9tait pas parti en septembre).<\/p>\n<p>Une saison presque pleine avant le d\u00e9part<\/p>\n<p>Un transfert qui r\u00e9compense un exercice 2024-2025 plein ou presque pour le Gone. S&rsquo;il l&rsquo;a commenc\u00e9 \u00e0 l&rsquo;\u00e9cart du groupe, il a ensuite d\u00e9montr\u00e9 des progr\u00e8s ind\u00e9niables. Sa facult\u00e9 \u00e0 se montrer d\u00e9cisif, notamment, lui a permis de marquer douze buts toutes comp\u00e9titions confondues, un record pour lui. Il a \u00e9galement termin\u00e9 meilleur passeur <a href=\"https:\/\/www.olympique-et-lyonnais.com\/rayan-cherki-ol-termine-meilleur-passeur-de-ligue-1,362102.html\" target=\"_blank\" rel=\"noopener\">en Ligue 1 (11)<\/a> et en <a href=\"https:\/\/www.olympique-et-lyonnais.com\/ligue-europa-cherki-ol-nomme-meilleur-jeune-joueur-et-present-dans-le-onze-type,362628.html\" target=\"_blank\" rel=\"noopener\">Ligue Europa (8)<\/a>.  <\/p>\n<p>En point d&rsquo;orgue de cette saison r\u00e9ussie, cette convocation en \u00e9quipe de France au mois de juin. D\u00e9sormais entr\u00e9 dans une autre dimension, encore plus avec cette arriv\u00e9e \u00e0 City, Cherki doit maintenant montrer qu&rsquo;il a bel et bien pass\u00e9 un cap. Le tout sous les ordres d&rsquo;un des plus grands entra\u00eeneurs de l&rsquo;histoire, Pep <strong>Guardiola<\/strong>.<\/p>\n<p>185 matchs avec l&rsquo;OL <\/p>\n<p>Pour l&rsquo;OL aussi, c&rsquo;est une page qui se tourne. Apr\u00e8s <a href=\"https:\/\/www.olympique-et-lyonnais.com\/il-y-a-3-ans-alexandre-lacazette-faisait-son-retour-a-lol,364894.html\" target=\"_blank\" rel=\"noopener\">Alexandre <strong>Lacazette<\/strong><\/a>, voil\u00e0 un autre gar\u00e7on form\u00e9 au club qui tire sa r\u00e9v\u00e9rence. Un footballeur qui fut lanc\u00e9 dans le grand bain \u00e0 16 ans, contre Dijon, en octobre 2019. Depuis, il a disput\u00e9 185 matchs avec l&rsquo;Olympique lyonnais, pour 29 buts. A 21 ans, le milieu offensif entame un nouveau chapitre de sa carri\u00e8re, celui de la confirmation.<\/p>\n","protected":false},"excerpt":{"rendered":"Rayan Cherki \u00e0 Manchester City (@ManCity) Il \u00e9tait la grosse vente attendue du d\u00e9but du mercato. Rayan Cherki&hellip;\n","protected":false},"author":2,"featured_media":166482,"comment_status":"","ping_status":"","sticky":false,"template":"","format":"standard","meta":{"footnotes":""},"categories":[9],"tags":[4672,1011,27,16663,241,60],"class_list":{"0":"post-166481","1":"post","2":"type-post","3":"status-publish","4":"format-standard","5":"has-post-thumbnail","7":"category-sports","8":"tag-cherki","9":"tag-fr","10":"tag-france","11":"tag-manchester-city","12":"tag-ol","13":"tag-sports"},"share_on_mastodon":{"url":"https:\/\/pubeurope.com\/@fr\/114660885433376814","error":""},"_links":{"self":[{"href":"https:\/\/www.europesays.com\/fr\/wp-json\/wp\/v2\/posts\/166481","targetHints":{"allow":["GET"]}}],"collection":[{"href":"https:\/\/www.europesays.com\/fr\/wp-json\/wp\/v2\/posts"}],"about":[{"href":"https:\/\/www.europesays.com\/fr\/wp-json\/wp\/v2\/types\/post"}],"author":[{"embeddable":true,"href":"https:\/\/www.europesays.com\/fr\/wp-json\/wp\/v2\/users\/2"}],"replies":[{"embeddable":true,"href":"https:\/\/www.europesays.com\/fr\/wp-json\/wp\/v2\/comments?post=166481"}],"version-history":[{"count":0,"href":"https:\/\/www.europesays.com\/fr\/wp-json\/wp\/v2\/posts\/166481\/revisions"}],"wp:featuredmedia":[{"embeddable":true,"href":"https:\/\/www.europesays.com\/fr\/wp-json\/wp\/v2\/media\/166482"}],"wp:attachment":[{"href":"https:\/\/www.europesays.com\/fr\/wp-json\/wp\/v2\/media?parent=166481"}],"wp:term":[{"taxonomy":"category","embeddable":true,"href":"https:\/\/www.europesays.com\/fr\/wp-json\/wp\/v2\/categories?post=166481"},{"taxonomy":"post_tag","embeddable":true,"href":"https:\/\/www.europesays.com\/fr\/wp-json\/wp\/v2\/tags?post=166481"}],"curies":[{"name":"wp","href":"https:\/\/api.w.org\/{rel}","templated":true}]}}