{"id":16651,"date":"2025-04-11T06:15:12","date_gmt":"2025-04-11T06:15:12","guid":{"rendered":"https:\/\/www.europesays.com\/fr\/16651\/"},"modified":"2025-04-11T06:15:12","modified_gmt":"2025-04-11T06:15:12","slug":"il-est-deteste-dans-larmee-latypique-profil-de-cet-ancien-militaire-suspecte-dintelligence-avec-la-chine","status":"publish","type":"post","link":"https:\/\/www.europesays.com\/fr\/16651\/","title":{"rendered":"\u00ab\u00a0Il est d\u00e9test\u00e9 dans l\u2019arm\u00e9e\u00a0\u00bb\u00a0: l\u2019atypique profil \ufeffde cet ancien militaire suspect\u00e9 d\u2019intelligence avec la Chine"},"content":{"rendered":"<p>Un tr\u00e8s long profil LinkedIn. Trente lignes d\u2019introduction, une vingtaine d\u2019items dans la rubrique \u00ab\u00a0exp\u00e9riences\u00a0\u00bb, une demi-douzaine de dipl\u00f4mes. Ce CV est celui d\u2019un ancien pilote de l\u2019a\u00e9ronavale, d\u00e9sormais Youtubeur et conf\u00e9rencier. Il ne comporte aucune mention de quelconques s\u00e9minaires anim\u00e9s en Chine. Et pourtant\u2026 \ufeffCe trentenaire est soup\u00e7onn\u00e9 d\u2019intelligence avec une puissance \u00e9trang\u00e8re, divulgation de secret de d\u00e9fense nationale, violation de consignes, cumul d\u2019activit\u00e9s et blanchiment de fraude fiscale. Une enqu\u00eate a \u00e9t\u00e9 ouverte par le parquet de Paris, comme l\u2019a r\u00e9v\u00e9l\u00e9 <a href=\"https:\/\/www.lecanardenchaine.fr\/defense\/50614-le-taupe-gun-francais-qui-volait-trop-pres-des-chinois\" target=\"_blank\" rel=\"noopener\">Le Canard Encha\u00een\u00e9<\/a>.<\/p>\n<p>Cet ancien militaire pass\u00e9 par la base d\u2019a\u00e9ronautique navale de Landivisiau (29), entre 2010 et 2014, est suspect\u00e9 d\u2019avoir donn\u00e9 des informations confidentielles \u00e0 des militaires et des civils chinois. Il a anim\u00e9 des s\u00e9minaires en Chine, en 2018 et 2019. Des interventions tr\u00e8s lucratives\u00a0: celle de 2018 aurait \u00e9t\u00e9 factur\u00e9e 20\u00a0000 euros, selon <a href=\"https:\/\/www.mediapart.fr\/journal\/international\/030423\/les-discrets-mais-lucratifs-seminaires-d-un-pilote-de-chasse-francais-en-chine\" target=\"_blank\" rel=\"noopener\">Mediapart<\/a>. Le site d\u2019investigation assure que le pilote, qui \u00e9tait encore militaire d\u2019active, aurait notamment communiqu\u00e9 \u00e0 ses interlocuteurs des informations sur un syst\u00e8me d\u2019atterrissage de pr\u00e9cision.<\/p>\n<p>\u00ab\u00a0Je n\u2019ai jamais trahi le moindre secret\u00a0\u00bb<\/p>\n<p>La publication sp\u00e9cialis\u00e9e <a href=\"https:\/\/www.intelligenceonline.fr\/renseignement-d-etat\/2025\/04\/09\/enquete-du-parquet-sur-un-ex-pilote--les-modus-operandi-de-pekin-mis-en-lumiere%2C110411513-gra?did=110364292\" target=\"_blank\" rel=\"noopener\">Intelligence Online<\/a> \u00e9crit que ces formations permettaient \u00ab\u00a0d\u2019apprendre \u00e0 l\u2019arm\u00e9e chinoise, en qu\u00eate de comp\u00e9tences et d\u2019informations sur ses adversaires, les modus operandi et les r\u00e8gles d\u2019engagement des arm\u00e9es occidentales, et d\u2019en comprendre les r\u00e9actions\u00a0\u00bb. Selon ces journalistes sp\u00e9cialis\u00e9s dans le renseignement, il s\u2019agissait donc aussi \u00ab\u00a0d\u2019observer les r\u00e9flexes et les m\u00e9thodes de combat des pilotes.\u00a0\u00bb<\/p>\n<p>Un membre de la Direction du renseignement et de la s\u00e9curit\u00e9 de la d\u00e9fense (DRSD) a m\u00eame affirm\u00e9, sur <a href=\"https:\/\/www.m6.fr\/enquete-exclusive-p_831?at_medium=blog_m6plusactu&amp;at_campaign=enquete-exclusive&amp;at_format=google&amp;at_type=seo&amp;at_term=m6plus\" target=\"_blank\" rel=\"noopener\">M6,<\/a> que certains pilotes occidentaux sollicit\u00e9s lors de ces s\u00e9minaires ont d\u00e9voil\u00e9 des proc\u00e9dures Otan aux Chinois. \u00ab\u00a0Une certaine forme de tra\u00eetrise\u00a0\u00bb, indiquait cette source \u00e0 la cha\u00eene de t\u00e9l\u00e9vision. D\u2019autant que la Chine a mis plusieurs porte-avions en service ces derni\u00e8res ann\u00e9es. \u00ab\u00a0Je n\u2019ai jamais trahi le moindre secret\u00a0\u00bb, s\u2019est d\u00e9fendu l\u2019ex-pilote dans une vid\u00e9o Youtube. Il y reconna\u00eet s\u2019\u00eatre rendu en Chine mais assure \u00ab\u00a0ne pas y \u00eatre retourn\u00e9 depuis 2019\u00a0\u00bb. \u00ab Je me suis content\u00e9 d\u2019animer deux s\u00e9minaires de trois jours chacun [\u2026]. Mon voyage de 2019 ne s\u2019est pas tr\u00e8s bien pass\u00e9, je n\u2019ai plus jamais remis un pied en Chine ensuite \u00bb, a-t-il \u00e9galement d\u00e9clar\u00e9 au Canard encha\u00een\u00e9.<\/p>\n<p>\u00ab\u00a0Notre travail est un peu plus dangereux \u00e0 cause de lui\u00a0\u00bb<\/p>\n<p>L\u2019ancien militaire au c\u0153ur de l\u2019enqu\u00eate ouverte r\u00e9cemment est \u00ab\u00a0d\u00e9test\u00e9 dans l\u2019arm\u00e9e, o\u00f9 l\u2019affaire a fait grand bruit\u00a0\u00bb, assure un ancien militaire, joint par Le T\u00e9l\u00e9gramme\u00a0: \u00ab\u00a0C\u2019est de la trahison\u00a0\u00bb, estime cet interlocuteur. Il \u00e9tait devenu \u00ab\u00a0radioactif, personne dans l\u2019arm\u00e9e ne s\u2019approchait de lui, je n\u2019ai jamais vu une telle aversion\u00a0\u00bb, assure un r\u00e9serviste. Sur un forum, un pilote s\u2019agace\u00a0: \u00ab\u00a0Qu\u2019il aille se faire f***. Notre travail est un peu plus dangereux et nos pays sont un peu plus \u00e0 risque \u00e0 cause de lui.\u00a0\u00bb<\/p>\n<p>Le profil de l\u2019ancien pilote a toujours d\u00e9tonn\u00e9. Sur ses r\u00e9seaux sociaux, il se vante d\u2019\u00eatre devenu, \u00e0 l\u2019\u00e2ge de 15 ans, \u00ab\u00a0le plus jeune commandant de bord de France\u00a0\u00bb ou d\u2019avoir particip\u00e9 \u00e0 des championnats du monde dans trois disciplines sportives diff\u00e9rentes (triathlon, duathlon, pilotage de pr\u00e9cision). De nationalit\u00e9 franco-canadienne, form\u00e9 par la Marine am\u00e9ricaine avant de rejoindre l\u2019a\u00e9ronavale fran\u00e7aise, il a notamment pilot\u00e9 des Rafale entre juin 2014 et 2018. Il dit d\u2019ailleurs avoir \u00e9t\u00e9 d\u00e9cor\u00e9 de la Croix de la valeur militaire apr\u00e8s avoir particip\u00e9 \u00e0 des op\u00e9rations en Irak. Il explique avoir ensuite quitt\u00e9 la Marine pour devenir pilote de ligne, avant de faire un AVC \u00e0 l\u2019\u00e2ge de 31 ans.<\/p>\n<p>Devenu conf\u00e9rencier, tr\u00e8s actif sur YouTube, o\u00f9 il compte pr\u00e8s de 500\u00a0000 abonn\u00e9s, l\u2019ancien pilote \u00e9tait aussi, jusqu\u2019\u00e0 r\u00e9cemment, un habitu\u00e9 des plateaux t\u00e9l\u00e9, notamment de BFM. Sur son site personnel, o\u00f9 il fait sa promotion et celle de ses conf\u00e9rences, il assure que l\u2019int\u00e9grit\u00e9 est \u00ab\u00a0un des fondamentaux pour \u00eatre un bon commandant de bord\u00a0\u00bb\u00a0: \u00ab\u00a0Faire ce qui est juste, m\u00eame quand personne ne vous regarde\u00a0\u00bb.<\/p>\n","protected":false},"excerpt":{"rendered":"Un tr\u00e8s long profil LinkedIn. Trente lignes d\u2019introduction, une vingtaine d\u2019items dans la rubrique \u00ab\u00a0exp\u00e9riences\u00a0\u00bb, une demi-douzaine de&hellip;\n","protected":false},"author":2,"featured_media":16652,"comment_status":"","ping_status":"","sticky":false,"template":"","format":"standard","meta":{"footnotes":""},"categories":[4],"tags":[11,829,765,1011,27,6821,12,25],"class_list":{"0":"post-16651","1":"post","2":"type-post","3":"status-publish","4":"format-standard","5":"has-post-thumbnail","7":"category-france","8":"tag-actualites","9":"tag-bretagne","10":"tag-en-continu","11":"tag-fr","12":"tag-france","13":"tag-landivisiau","14":"tag-news","15":"tag-republique-francaise"},"share_on_mastodon":{"url":"https:\/\/pubeurope.com\/@fr\/114317867344901958","error":""},"_links":{"self":[{"href":"https:\/\/www.europesays.com\/fr\/wp-json\/wp\/v2\/posts\/16651","targetHints":{"allow":["GET"]}}],"collection":[{"href":"https:\/\/www.europesays.com\/fr\/wp-json\/wp\/v2\/posts"}],"about":[{"href":"https:\/\/www.europesays.com\/fr\/wp-json\/wp\/v2\/types\/post"}],"author":[{"embeddable":true,"href":"https:\/\/www.europesays.com\/fr\/wp-json\/wp\/v2\/users\/2"}],"replies":[{"embeddable":true,"href":"https:\/\/www.europesays.com\/fr\/wp-json\/wp\/v2\/comments?post=16651"}],"version-history":[{"count":0,"href":"https:\/\/www.europesays.com\/fr\/wp-json\/wp\/v2\/posts\/16651\/revisions"}],"wp:featuredmedia":[{"embeddable":true,"href":"https:\/\/www.europesays.com\/fr\/wp-json\/wp\/v2\/media\/16652"}],"wp:attachment":[{"href":"https:\/\/www.europesays.com\/fr\/wp-json\/wp\/v2\/media?parent=16651"}],"wp:term":[{"taxonomy":"category","embeddable":true,"href":"https:\/\/www.europesays.com\/fr\/wp-json\/wp\/v2\/categories?post=16651"},{"taxonomy":"post_tag","embeddable":true,"href":"https:\/\/www.europesays.com\/fr\/wp-json\/wp\/v2\/tags?post=16651"}],"curies":[{"name":"wp","href":"https:\/\/api.w.org\/{rel}","templated":true}]}}