{"id":166510,"date":"2025-06-10T20:24:10","date_gmt":"2025-06-10T20:24:10","guid":{"rendered":"https:\/\/www.europesays.com\/fr\/166510\/"},"modified":"2025-06-10T20:24:10","modified_gmt":"2025-06-10T20:24:10","slug":"on-est-des-gens-serieux-mais-on-a-des-contraintes-un-site-web-pour-aider-les-internes-en-medecine-a-trouver-un-logement","status":"publish","type":"post","link":"https:\/\/www.europesays.com\/fr\/166510\/","title":{"rendered":"\u00ab On est des gens s\u00e9rieux mais on a des contraintes \u00bb : un site web pour aider les internes en m\u00e9decine \u00e0 trouver un logement"},"content":{"rendered":"<p class=\"paragraph text_align_left\">Bien partis pour devenir m\u00e9decin, chirurgien ou m\u00eame cardiologue comme c\u2019est le cas du Rouennais Olivier Dosseh, les internes en m\u00e9decine ont pourtant les pires difficult\u00e9s \u00e0 se loger \u00e0 proximit\u00e9 des h\u00f4pitaux o\u00f9 ils exercent. Install\u00e9 \u00e0 la clinique de l\u2019Europe depuis 2024 et l\u2019obtention de son dipl\u00f4me, ce dernier se souvient avoir choisi Rouen depuis Paris o\u00f9 il avait commenc\u00e9 ses \u00e9tudes \u00ab pour sa proximit\u00e9 \u00bb. <\/p>\n<p class=\"paragraph text_align_left\">\u00ab Cela me permettait de faire plusieurs visites d\u2019appartements dans une m\u00eame journ\u00e9e alors que j\u2019avais des opportunit\u00e9s \u00e0 Dijon, Tours, Reims&#8230; Du coup, j\u2019ai fait mon choix en fonction de mon futur lieu de r\u00e9sidence plut\u00f4t qu\u2019en lien avec ma formation. \u00bb M\u00eame si aujourd\u2019hui il ne regrette pas son installation en Normandie, le jeune homme de 30 ans n\u2019a pas oubli\u00e9 ces difficult\u00e9s. Ce qui l\u2019a pouss\u00e9 \u00e0 cr\u00e9er un plateforme web, baptis\u00e9e HomeDoc, pour mettre en relation propri\u00e9taires priv\u00e9s et internes \u00e0 travers la France.<\/p>\n<p class=\"paragraph text_align_left\">\u00ab Un interne, c\u2019est g\u00e9n\u00e9ralement quelqu\u2019un de s\u00e9rieux qui a des revenus r\u00e9guliers &#8211; dans une fourchette comprise selon lui entre un peu plus de 2 000 \u20ac au d\u00e9but et jusqu\u2019\u00e0 plus de 3 000 \u20ac en fin de cycle, suivant les gardes -, mais qui a aussi des contraintes sp\u00e9cifiques \u00bb, assure Olivier Dosseh. Horaires \u00e0 rallonge qui compliquent les visites, mouvements r\u00e9guliers par cycle de six mois suivant les parcours&#8230; <\/p>\n<p>Une instabilit\u00e9 qui peut constituer un frein pour les propri\u00e9taires<\/p>\n<p class=\"paragraph text_align_left\">\u00ab 70 % des internes changent de ville \u00e0 l\u2019issue du concours de l\u2019internat. En outre, leur formation comprend syst\u00e9matiquement un stage en p\u00e9riph\u00e9rie, pouvant n\u00e9cessiter un d\u00e9m\u00e9nagement temporaire ou le cumul d\u2019un logement principal avec un autre lieu de r\u00e9sidence \u00bb, continue le jeune homme. Une situation pas forc\u00e9ment connue des propri\u00e9taires priv\u00e9s qui peut constituer un frein&#8230; <\/p>\n<p class=\"paragraph text_align_left\">Sans compter que les offres qui leur sont sp\u00e9cifiquement d\u00e9di\u00e9es \u00e0 proximit\u00e9 des lieux de soin sont souvent satur\u00e9es. \u00ab Les places en internat au sein des CHU sont parfois r\u00e9serv\u00e9s \u00e0 des m\u00e9decins \u00e9trangers qui, avec les internes, sont des rouages essentiels pour faire tourner la machine \u00bb, assure le cardiologue. <\/p>\n<p class=\"paragraph text_align_left\">Pour l\u2019heure le site compte pr\u00e8s de 2 300 inscrit, dont 600 \u00e9tudiants dont le statut a \u00e9t\u00e9 v\u00e9rifi\u00e9. \u00ab Chaque interne, pr\u00e9cise-t-il, est r\u00e9f\u00e9renc\u00e9 avec son num\u00e9ro RPPS qui, pour faire court, permet de d\u00e9livrer des ordonnances et atteste la r\u00e9alit\u00e9 de sa fonction. Il le suivra d\u2019ailleurs toute sa vie de professionnel de sant\u00e9. \u00bb<\/p>\n<p class=\"paragraph text_align_left\">Pour l\u2019heure, la plateforme est encore en d\u00e9veloppement, m\u00eame si les premi\u00e8res mises en relation \u2013 une quinzaine en quelques semaines &#8211; ont d\u00e9j\u00e0 \u00e9t\u00e9 r\u00e9alis\u00e9es. Majoritairement pour des meubl\u00e9s. Et sans frais pour l\u2019instant.<\/p>\n<p class=\"paragraph text_align_left\">\u00ab Un interne qui trouvera un logement o\u00f9 il se sent bien aura plus de chance de s\u2019installer dans la ville o\u00f9 il s\u2019est form\u00e9. S\u2019il passe son temps sur la route, il ne s\u2019attachera pas \u00bb, conclut Olivier Dosseh qui esp\u00e8re pour la premi\u00e8re ann\u00e9e d\u2019existence d\u2019HomeDoc avoisiner les 250 mises en relation, ce qui permettrait \u00e0 la plateforme d\u2019\u00eatre quasiment \u00e0 l\u2019\u00e9quilibre financi\u00e8rement parlant. \u00ab \u00c7a ne repr\u00e9sente que 0,6% des 35 000 internes en France. Le potentiel est grand. \u00bb<\/p>\n","protected":false},"excerpt":{"rendered":"Bien partis pour devenir m\u00e9decin, chirurgien ou m\u00eame cardiologue comme c\u2019est le cas du Rouennais Olivier Dosseh, les&hellip;\n","protected":false},"author":2,"featured_media":166511,"comment_status":"","ping_status":"","sticky":false,"template":"","format":"standard","meta":{"footnotes":""},"categories":[9587],"tags":[1111,917,11,459,1777,674,1011,27,2684,12,5161,25,9590,11074],"class_list":{"0":"post-166510","1":"post","2":"type-post","3":"status-publish","4":"format-standard","5":"has-post-thumbnail","7":"category-rouen","8":"tag-actu","9":"tag-actu-locale","10":"tag-actualites","11":"tag-departements-horsidfo","12":"tag-eu","13":"tag-europe","14":"tag-fr","15":"tag-france","16":"tag-le-parisien-etudiant","17":"tag-news","18":"tag-normandie","19":"tag-republique-francaise","20":"tag-rouen","21":"tag-seine-maritime-76"},"share_on_mastodon":{"url":"https:\/\/pubeurope.com\/@fr\/114660944411797201","error":""},"_links":{"self":[{"href":"https:\/\/www.europesays.com\/fr\/wp-json\/wp\/v2\/posts\/166510","targetHints":{"allow":["GET"]}}],"collection":[{"href":"https:\/\/www.europesays.com\/fr\/wp-json\/wp\/v2\/posts"}],"about":[{"href":"https:\/\/www.europesays.com\/fr\/wp-json\/wp\/v2\/types\/post"}],"author":[{"embeddable":true,"href":"https:\/\/www.europesays.com\/fr\/wp-json\/wp\/v2\/users\/2"}],"replies":[{"embeddable":true,"href":"https:\/\/www.europesays.com\/fr\/wp-json\/wp\/v2\/comments?post=166510"}],"version-history":[{"count":0,"href":"https:\/\/www.europesays.com\/fr\/wp-json\/wp\/v2\/posts\/166510\/revisions"}],"wp:featuredmedia":[{"embeddable":true,"href":"https:\/\/www.europesays.com\/fr\/wp-json\/wp\/v2\/media\/166511"}],"wp:attachment":[{"href":"https:\/\/www.europesays.com\/fr\/wp-json\/wp\/v2\/media?parent=166510"}],"wp:term":[{"taxonomy":"category","embeddable":true,"href":"https:\/\/www.europesays.com\/fr\/wp-json\/wp\/v2\/categories?post=166510"},{"taxonomy":"post_tag","embeddable":true,"href":"https:\/\/www.europesays.com\/fr\/wp-json\/wp\/v2\/tags?post=166510"}],"curies":[{"name":"wp","href":"https:\/\/api.w.org\/{rel}","templated":true}]}}