{"id":166512,"date":"2025-06-10T20:25:12","date_gmt":"2025-06-10T20:25:12","guid":{"rendered":"https:\/\/www.europesays.com\/fr\/166512\/"},"modified":"2025-06-10T20:25:12","modified_gmt":"2025-06-10T20:25:12","slug":"un-matelas-prend-feu-une-victime-en-etat-durgence-relative-et-neuf-personnes-relogees","status":"publish","type":"post","link":"https:\/\/www.europesays.com\/fr\/166512\/","title":{"rendered":"un matelas prend feu, une victime en \u00ab\u00a0\u00e9tat d&rsquo;urgence relative\u00a0\u00bb et neuf personnes relog\u00e9es"},"content":{"rendered":"<p>            Par<br \/>\n        <strong><br \/>\n            <a href=\"https:\/\/actu.fr\/auteur\/aurelien-delavaud\" title=\"Consulter tous les articles de Aur\u00e9lien Delavaud\" rel=\"nofollow noopener\" target=\"_blank\">Aur\u00e9lien Delavaud<\/a><br \/>\n        <\/strong><\/p>\n<p>        Publi\u00e9 le<\/p>\n<p>            10 juin 2025 \u00e0 19h32        <\/p>\n<p>Plusieurs camions de pompiers, GrDF, la police nationale\u2026 Plusieurs lecteurs et internautes ont relev\u00e9 la pr\u00e9sence de <b>nombreux moyens de secours<\/b>, le mardi 10 juin 2025, en d\u00e9but de soir\u00e9e, dans le centre d\u2019<a href=\"https:\/\/actu.fr\/normandie\/elbeuf_76231\" rel=\"nofollow noopener\" target=\"_blank\">Elbeuf (Seine-Maritime)<\/a>.<\/p>\n<p>D\u00e9part de feu dans un appartement<\/p>\n<p class=\" wall-content\">Juste avant 18 h, les <b>pompiers<\/b> ont \u00e9t\u00e9 alert\u00e9s pour un <b>d\u00e9gagement de fum\u00e9e<\/b>, dans un immeuble situ\u00e9 rue Augustin-Henry, pr\u00e8s du champ de foire.<\/p>\n<p>    <a href=\"https:\/\/maps.google.com\/maps?q=49.290466108723116,1.0109601356124776&amp;z=15&amp;output=embed\" title=\"Ouvrie le lien\" rel=\"nofollow noopener\" target=\"_blank\">Cliquez ici pour visualiser le contenu<\/a><\/p>\n<p class=\" wall-content\">\u00c0 leur arriv\u00e9e sur place, les secours constatent qu\u2019un matelas a pris feu, au premier \u00e9tage d\u2019un immeuble qui en compte quatre. Le b\u00e2timent a \u00e9t\u00e9 \u00e9vacu\u00e9 et le feu \u00e9teint avant leur intervention.<\/p>\n<p>Une victime en \u00e9tat d\u2019urgence relative<\/p>\n<p class=\" wall-content\">La vingtaine de soldats du feu ont alors s\u00e9curis\u00e9 les lieux, refroidi les lieux du sinistre avec une lance \u00e0 incendie et proc\u00e9d\u00e9 au d\u00e9garnissage et \u00e0 la ventilation du logement.<\/p>\n<p>Vid\u00e9os : en ce moment sur Actu<\/p>\n<p class=\" wall-content\">Pour le bilan humain, une femme qui a inhal\u00e9 des fum\u00e9es a \u00e9t\u00e9 prise en charge par le Smur. Consid\u00e9r\u00e9e en <b>\u00e9tat d\u2019urgence relative<\/b>, elle a \u00e9t\u00e9 <b>conduite vers le centre hospitalier le plus proche<\/b>, aux Feugrais.<\/p>\n<p class=\" wall-content\">Le logement, lui, est maintenant inhabitable pour un certain temps. La famille de deux adultes et sept enfants sont relog\u00e9s par la mairie.<\/p>\n<p class=\" wall-content\">Suivez toute l\u2019actualit\u00e9 de vos villes et m\u00e9dias favoris en vous inscrivant \u00e0 <a href=\"https:\/\/moncompte.actu.fr\" title=\"D\u00e9couvez Mon Actu\" rel=\"nofollow noopener\" data-trk=\"{&quot;cta&quot;:{&quot;action&quot;:&quot;https:\\\/\\\/moncompte.actu.fr&quot;,&quot;category&quot;:&quot;mon compte&quot;,&quot;from&quot;:&quot;article footer&quot;,&quot;name&quot;:&quot;Mon actu&quot;,&quot;type&quot;:&quot;cta&quot;}}\" target=\"_blank\">Mon Actu<\/a>.<\/p>\n","protected":false},"excerpt":{"rendered":"Par Aur\u00e9lien Delavaud Publi\u00e9 le 10 juin 2025 \u00e0 19h32 Plusieurs camions de pompiers, GrDF, la police nationale\u2026&hellip;\n","protected":false},"author":2,"featured_media":166513,"comment_status":"","ping_status":"","sticky":false,"template":"","format":"standard","meta":{"footnotes":""},"categories":[9587],"tags":[1111,11,1777,674,118,1011,27,1310,12,5161,1311,25,9590],"class_list":{"0":"post-166512","1":"post","2":"type-post","3":"status-publish","4":"format-standard","5":"has-post-thumbnail","7":"category-rouen","8":"tag-actu","9":"tag-actualites","10":"tag-eu","11":"tag-europe","12":"tag-faits-divers","13":"tag-fr","14":"tag-france","15":"tag-incendie","16":"tag-news","17":"tag-normandie","18":"tag-pompiers","19":"tag-republique-francaise","20":"tag-rouen"},"share_on_mastodon":{"url":"https:\/\/pubeurope.com\/@fr\/114660948259113402","error":""},"_links":{"self":[{"href":"https:\/\/www.europesays.com\/fr\/wp-json\/wp\/v2\/posts\/166512","targetHints":{"allow":["GET"]}}],"collection":[{"href":"https:\/\/www.europesays.com\/fr\/wp-json\/wp\/v2\/posts"}],"about":[{"href":"https:\/\/www.europesays.com\/fr\/wp-json\/wp\/v2\/types\/post"}],"author":[{"embeddable":true,"href":"https:\/\/www.europesays.com\/fr\/wp-json\/wp\/v2\/users\/2"}],"replies":[{"embeddable":true,"href":"https:\/\/www.europesays.com\/fr\/wp-json\/wp\/v2\/comments?post=166512"}],"version-history":[{"count":0,"href":"https:\/\/www.europesays.com\/fr\/wp-json\/wp\/v2\/posts\/166512\/revisions"}],"wp:featuredmedia":[{"embeddable":true,"href":"https:\/\/www.europesays.com\/fr\/wp-json\/wp\/v2\/media\/166513"}],"wp:attachment":[{"href":"https:\/\/www.europesays.com\/fr\/wp-json\/wp\/v2\/media?parent=166512"}],"wp:term":[{"taxonomy":"category","embeddable":true,"href":"https:\/\/www.europesays.com\/fr\/wp-json\/wp\/v2\/categories?post=166512"},{"taxonomy":"post_tag","embeddable":true,"href":"https:\/\/www.europesays.com\/fr\/wp-json\/wp\/v2\/tags?post=166512"}],"curies":[{"name":"wp","href":"https:\/\/api.w.org\/{rel}","templated":true}]}}