{"id":166518,"date":"2025-06-10T20:31:19","date_gmt":"2025-06-10T20:31:19","guid":{"rendered":"https:\/\/www.europesays.com\/fr\/166518\/"},"modified":"2025-06-10T20:31:19","modified_gmt":"2025-06-10T20:31:19","slug":"comment-la-ville-de-rennes-veut-mettre-fin-aux-conflits-entre-usagers-de-la-route","status":"publish","type":"post","link":"https:\/\/www.europesays.com\/fr\/166518\/","title":{"rendered":"comment la Ville de Rennes veut mettre fin aux conflits entre usagers de la route"},"content":{"rendered":"<p>            Par<br \/>\n        <strong><br \/>\n            <a href=\"https:\/\/actu.fr\/auteur\/clemence-pays02-actu-fr\" title=\"Consulter tous les articles de Cl\u00e9mence Pays\" rel=\"nofollow noopener\" target=\"_blank\">Cl\u00e9mence Pays<\/a><br \/>\n        <\/strong><\/p>\n<p>        Publi\u00e9 le<\/p>\n<p>            10 juin 2025 \u00e0 17h57        <\/p>\n<p>\u00c7a klaxonne, \u00e7a l\u00e8ve les yeux au ciel et parfois \u00e7a crie. Sur la voie publique, pas toujours simple de<strong> cohabiter<\/strong> entre usagers. Depuis quelques mois, ce constat semble s\u2019accentuer puisque la Ville de Rennes a enregistr\u00e9 une<strong> multiplication des signalements de conflits<\/strong> entre usagers de la rue, et ce, pour \u00ab\u2009tous les modes de d\u00e9placement\u2009\u00bb.<\/p>\n<p class=\" wall-content\">\u00ab\u2009Il y a <strong>de la col\u00e8re et de l\u2019agressivit\u00e9 forte<\/strong> le matin et \u00e0 tout moment de la journ\u00e9e, observe Val\u00e9rie Faucheux, adjointe \u00e0 la Ville de Rennes, en charge des mobilit\u00e9s et d\u00e9placements. Il y a une hausse du sentiment d\u2019ins\u00e9curit\u00e9. Ce n\u2019est pas un \u00e9piph\u00e9nom\u00e8ne.\u2009\u00bb<\/p>\n<p class=\" wall-content\">Et<strong> les accidents<\/strong> n\u2019aident pas \u00e0 rassurer les Rennaises et Rennais. \u00ab\u2009L\u2019ann\u00e9e derni\u00e8re, nous avons eu deux accidents graves avec <a href=\"https:\/\/actu.fr\/bretagne\/rennes_35238\/rennes-la-femme-percutee-par-le-conducteur-d-un-trottinette-est-morte_61250977.html\" rel=\"nofollow noopener\" target=\"_blank\">la mort de St\u00e9phanie Cadeau percut\u00e9e par une trottinette sur le mail Fran\u00e7ois-Mitterrand<\/a> et <a href=\"https:\/\/actu.fr\/bretagne\/rennes_35238\/rennes-percutee-en-trottinette-quartier-saint-martin-une-femme-dans-un-etat-grave_61840509.html\" rel=\"nofollow noopener\" target=\"_blank\">aux prairies Saint-Martin o\u00f9 une femme a \u00e9t\u00e9 renvers\u00e9e par une trottinette<\/a> et plac\u00e9e en coma artificiel\u2009\u00bb, rappelle l\u2019\u00e9lue.<\/p>\n<p>Une augmentation de d\u00e9c\u00e8s sur les routes de la m\u00e9tropole<\/p>\n<p>L&rsquo;Observatoire de la s\u00e9curit\u00e9 routi\u00e8re de Rennes M\u00e9tropole (outil cr\u00e9\u00e9 en interne par la Direction de la voirie) r\u00e9v\u00e8le que \u00ab\u00a0l&rsquo;ann\u00e9e 2024 a vu une forte augmentation du nombre de d\u00e9c\u00e8s sur la M\u00e9tropole, mais \u00e9galement sur l&rsquo;ensemble du d\u00e9partement d&rsquo;Ille-et-Vilaine\u00a0\u00bb.<\/p>\n<p>Si les accidents corporels baissent (-10\u2009% entre 2023 et 2024), \u00ab\u00a0le nombre d&rsquo;accidents mortels a connu une augmentation inqui\u00e9tante, en particulier aupr\u00e8s des usagers vuln\u00e9rables\u00a0\u00bb, \u00e0 savoir les pi\u00e9tons, cyclistes, deux-roues et usagers d&rsquo;engins de d\u00e9placement personnel motoris\u00e9s (EDPM).<\/p>\n<p>Sept pancartes, sept messages<\/p>\n<p class=\" wall-content\">La municipalit\u00e9 veut donc prendre ce probl\u00e8me \u00e0 bras-le-corps et lance <strong>une campagne d\u2019affichage<\/strong> pour \u00ab\u2009remettre au go\u00fbt du jour <strong>les principes de s\u00e9curit\u00e9 routi\u00e8re, d\u2019indulgence et de courtoisie\u2009\u00bb.<\/strong><\/p>\n<p>Vid\u00e9os : en ce moment sur Actu<\/p>\n<p class=\" wall-content\">Concr\u00e8tement, <strong>sept mod\u00e8les de pancartes jaunes<\/strong> ont \u00e9t\u00e9 \u00e9labor\u00e9s. Sur chacune d\u2019elles, \u00ab\u2009des phrases montrent ce qu\u2019il faut faire\u2009\u00bb, accompagn\u00e9 d\u2019un dessin illustrant les usagers concern\u00e9s, a d\u00e9voil\u00e9 Val\u00e9rie Faucheux, lors d\u2019un point presse, mardi 10\u00a0juin 2025.<\/p>\n<p class=\" wall-content\">Que ce soit en mati\u00e8re de distance de s\u00e9curit\u00e9 non respect\u00e9e entre les voitures, ou les v\u00e9los et trottinettes qui roulent sur les trottoirs, ces messages \u2013 qui se basent sur des exemples concerts rencontr\u00e9s \u00e0 Rennes \u2013 indiquent <strong>quel comportement adopter\u2009:<\/strong> ralentir, s\u2019arr\u00eater, marcher sur la voie pi\u00e9tonne.<\/p>\n<blockquote class=\"ac-article-quote wall-content\">\n<p>Nous faisons tous des erreurs. C&rsquo;est une campagne qui ne stigmatise pas, elle parle \u00e0 l&rsquo;ensemble des usagers.<\/p>\n<p>    <strong>Val\u00e9rie Faucheux<\/strong><br \/>\n        Adjointe \u00e0 la Ville de Rennes, en charge des mobilit\u00e9s et d\u00e9placements    <\/p><\/blockquote>\n<p class=\" wall-content\">Certains de ces panneaux ont <strong>d\u00e9j\u00e0 \u00e9t\u00e9 pos\u00e9s<\/strong> dans l\u2019espace public, comme sur le quai Chateaubriand, lieu de rencontre entre les cyclistes et pi\u00e9tons, au niveau de la station de m\u00e9tro Saint-Germain et de la passerelle Zola\/Chateaubriand.<\/p>\n<p>    <img   decoding=\"async\" loading=\"lazy\" src=\"https:\/\/www.europesays.com\/fr\/wp-content\/uploads\/2025\/06\/priorite-au-respect-campagne-de-communication-rennes-960x640.jpeg\" alt=\"Sept pancartes diff\u00e9rentes vont \u00eatre affich\u00e9es dans diff\u00e9rents lieux strat\u00e9giques de la ville pour r\u00e9duire les conflits entre usagers de la route.\" width=\"960\" height=\"640\"\/><br \/>\n    Sept pancartes diff\u00e9rentes vont \u00eatre affich\u00e9es dans diff\u00e9rents lieux strat\u00e9giques de la ville pour r\u00e9duire les conflits entre usagers de la route. (\u00a9Cl\u00e9mence Pays\/actu Rennes)Quels lieux sont concern\u00e9s\u2009?<\/p>\n<p class=\" wall-content\">La majorit\u00e9 de ces pancartes sera <strong>install\u00e9e \u00ab\u2009en septembre\u2009\u00bb<\/strong> dans des espaces strat\u00e9giques identifi\u00e9s par la Ville.<\/p>\n<p class=\" wall-content\"><strong>Les zones de cohabitation sur les voies vertes et chemins partag\u00e9s\u2009:<\/strong><\/p>\n<ul class=\" wall-content\">\n<li>canal d\u2019Ille et Rance\u2009;<\/li>\n<li>promenade des Bonnets Rouges\u2009;<\/li>\n<li>promenade Georges Brassens\u2009;<\/li>\n<li>prairies Saint-Martin\u2009;<\/li>\n<li>coul\u00e9e verte Patton\u2009;<\/li>\n<li>quai d\u2019Auchel\u2026<\/li>\n<\/ul>\n<p class=\" wall-content\"><strong>Aux abords des passages pi\u00e9tons\u2009:<\/strong><\/p>\n<ul class=\" wall-content\">\n<li>rue Saint-H\u00e9lier\u2009;<\/li>\n<li>avenue Mou\u00e9zy\u2009;<\/li>\n<li>rue d\u2019Isly\u2009;<\/li>\n<li>rue de Ch\u00e2tillon\u2026<\/li>\n<\/ul>\n<p>    <img   decoding=\"async\" loading=\"lazy\" src=\"https:\/\/www.europesays.com\/fr\/wp-content\/uploads\/2025\/06\/rennes-priorite-au-respect-conflits-usagers-rue-cyclistes-automobilistes-pietons-edpm-960x640.jpg\" alt=\"Quai Chateaubriand, l'affichage a \u00e9t\u00e9 install\u00e9 pr\u00e8s d'un passage pi\u00e9ton au niveau de la station de m\u00e9tro Saint-Germain, de la piste cyclable et de la passerelle.\" width=\"960\" height=\"640\"\/><br \/>\n    Quai Chateaubriand, l\u2019affichage a \u00e9t\u00e9 install\u00e9 pr\u00e8s d\u2019un passage pi\u00e9ton au niveau de la station de m\u00e9tro Saint-Germain, de la piste cyclable et de la passerelle. (\u00a9Cl\u00e9mence Pays\/actu Rennes)<\/p>\n<p class=\" wall-content\"><strong>Aux intersections\u2009:<\/strong><\/p>\n<ul class=\" wall-content\">\n<li>rue de Quineleu\u2009;<\/li>\n<li>boulevard de la Duchesse-Anne\u2009;<\/li>\n<li>quai Saint-Cast\u2009;<\/li>\n<li>place Mar\u00e9chal Foch\u2009;<\/li>\n<li>place de Bretagne\u2009;<\/li>\n<li>avenue de Cucill\u00e9\u2026<\/li>\n<\/ul>\n<p class=\" wall-content\">La campagne pourra \u00eatre d\u00e9ploy\u00e9e dans d\u2019autres lieux que ceux cibl\u00e9s par la Ville. \u00ab\u2009C\u2019est <strong>amen\u00e9 \u00e0 \u00e9voluer<\/strong> en fonction des signalements\u2009\u00bb, souligne l\u2019\u00e9lue rennaise.<\/p>\n<p>Des actions de sensibilisation<\/p>\n<p class=\" wall-content\">En parall\u00e8le, \u00ab\u2009des <strong>actions de sensibilisation<\/strong> avec Rayon d\u2019action\u2009\u00bb doivent \u00eatre men\u00e9es \u00e0 partir de la rentr\u00e9e de septembre.<\/p>\n<blockquote class=\"ac-article-quote wall-content\">\n<p>L&rsquo;objectif, c&rsquo;est d&rsquo;expliquer les r\u00e8gles, de leur donner du sens et montrer leur int\u00e9r\u00eat pour l&rsquo;autre.<\/p>\n<p>    <strong>Val\u00e9rie Faucheux<\/strong><br \/>\n        Adjointe \u00e0 la Ville de Rennes, en charge des mobilit\u00e9s et d\u00e9placements    <\/p><\/blockquote>\n<p class=\" wall-content\">La Ville s\u2019engage \u00e9galement \u00e0 poursuivre ses actions de pr\u00e9vention, comme avec la campagne \u00ab\u2009Cyclistes, brillez\u2009\u00bb ou encore diff\u00e9rents \u00e9v\u00e9nements autour du v\u00e9lo (Mai \u00e0 V\u00e9lo, F\u00eate du V\u00e9lo, convergence \u00e0 v\u00e9lo, v\u00e9lobus, Le Tour de Reine\u2026). Des <strong>formations<\/strong> pour tous les \u00e2ges sont aussi en place.<\/p>\n<p class=\" wall-content\">En parall\u00e8le, la municipalit\u00e9 poursuit <strong>l\u2019am\u00e9nagement des espaces accidentog\u00e8nes<\/strong> (nouveau carrefour Vitr\u00e9-Danton-Foulon, <a href=\"https:\/\/actu.fr\/bretagne\/rennes_35238\/rennes-non-loin-de-l-accident-qui-a-coute-la-vie-a-un-cycliste-ce-boulevard-ferme-pour-4-mois_62227575.html\" rel=\"nofollow noopener\" target=\"_blank\">Chateaugiron-Villebois-Mareuil<\/a>, boulevard d\u2019Armorique-G\u00e9n\u00e9ral George S. Patton, dispositif Rue aux \u00e9coles, <a href=\"https:\/\/actu.fr\/bretagne\/rennes_35238\/reseau-express-velo-a-rennes-de-nouvelles-lignes-attendues-en-2025-ou-en-sont-les-travaux_62228153.html\" rel=\"nofollow noopener\" target=\"_blank\">d\u00e9veloppement du REV<\/a>, etc.).<\/p>\n<p class=\" wall-content\">Suivez toute l\u2019actualit\u00e9 de vos villes et m\u00e9dias favoris en vous inscrivant \u00e0 <a href=\"https:\/\/moncompte.actu.fr\" title=\"D\u00e9couvez Mon Actu\" rel=\"nofollow noopener\" data-trk=\"{&quot;cta&quot;:{&quot;action&quot;:&quot;https:\\\/\\\/moncompte.actu.fr&quot;,&quot;category&quot;:&quot;mon compte&quot;,&quot;from&quot;:&quot;article footer&quot;,&quot;name&quot;:&quot;Mon actu&quot;,&quot;type&quot;:&quot;cta&quot;}}\" target=\"_blank\">Mon Actu<\/a>.<\/p>\n","protected":false},"excerpt":{"rendered":"Par Cl\u00e9mence Pays Publi\u00e9 le 10 juin 2025 \u00e0 17h57 \u00c7a klaxonne, \u00e7a l\u00e8ve les yeux au ciel&hellip;\n","protected":false},"author":2,"featured_media":166519,"comment_status":"","ping_status":"","sticky":false,"template":"","format":"standard","meta":{"footnotes":""},"categories":[2821],"tags":[1111,11,829,3542,1777,674,1011,27,12,584,25,104,2803,208],"class_list":{"0":"post-166518","1":"post","2":"type-post","3":"status-publish","4":"format-standard","5":"has-post-thumbnail","7":"category-rennes","8":"tag-actu","9":"tag-actualites","10":"tag-bretagne","11":"tag-circulation","12":"tag-eu","13":"tag-europe","14":"tag-fr","15":"tag-france","16":"tag-news","17":"tag-rennes","18":"tag-republique-francaise","19":"tag-societe","20":"tag-transport","21":"tag-velo"},"share_on_mastodon":{"url":"https:\/\/pubeurope.com\/@fr\/114660972049084148","error":""},"_links":{"self":[{"href":"https:\/\/www.europesays.com\/fr\/wp-json\/wp\/v2\/posts\/166518","targetHints":{"allow":["GET"]}}],"collection":[{"href":"https:\/\/www.europesays.com\/fr\/wp-json\/wp\/v2\/posts"}],"about":[{"href":"https:\/\/www.europesays.com\/fr\/wp-json\/wp\/v2\/types\/post"}],"author":[{"embeddable":true,"href":"https:\/\/www.europesays.com\/fr\/wp-json\/wp\/v2\/users\/2"}],"replies":[{"embeddable":true,"href":"https:\/\/www.europesays.com\/fr\/wp-json\/wp\/v2\/comments?post=166518"}],"version-history":[{"count":0,"href":"https:\/\/www.europesays.com\/fr\/wp-json\/wp\/v2\/posts\/166518\/revisions"}],"wp:featuredmedia":[{"embeddable":true,"href":"https:\/\/www.europesays.com\/fr\/wp-json\/wp\/v2\/media\/166519"}],"wp:attachment":[{"href":"https:\/\/www.europesays.com\/fr\/wp-json\/wp\/v2\/media?parent=166518"}],"wp:term":[{"taxonomy":"category","embeddable":true,"href":"https:\/\/www.europesays.com\/fr\/wp-json\/wp\/v2\/categories?post=166518"},{"taxonomy":"post_tag","embeddable":true,"href":"https:\/\/www.europesays.com\/fr\/wp-json\/wp\/v2\/tags?post=166518"}],"curies":[{"name":"wp","href":"https:\/\/api.w.org\/{rel}","templated":true}]}}