{"id":166522,"date":"2025-06-10T20:33:10","date_gmt":"2025-06-10T20:33:10","guid":{"rendered":"https:\/\/www.europesays.com\/fr\/166522\/"},"modified":"2025-06-10T20:33:10","modified_gmt":"2025-06-10T20:33:10","slug":"strasbourg-a-la-cite-ampere-le-prefet-au-contact-de-la-pauvrete","status":"publish","type":"post","link":"https:\/\/www.europesays.com\/fr\/166522\/","title":{"rendered":"Strasbourg. A la cit\u00e9 Amp\u00e8re, le pr\u00e9fet au contact de la pauvret\u00e9"},"content":{"rendered":"<p>Le repr\u00e9sentant de l\u2019\u00c9tat avait annonc\u00e9 sa venue, accompagn\u00e9 d\u2019un cort\u00e8ge d\u2019officiels. \u00ab\u00a0\u00c7a fait une semaine qu\u2019ils ramassent les d\u00e9chets\u00a0\u00bb pour l\u2019occasion. \u00ab\u00a0Ils ont tout karch\u00e9ris\u00e9\u00a0\u00bb, s\u2019amuse Tanja, 38 ans. \u00ab\u00a0Pas un papier\u00a0\u00bb ne tra\u00eene devant l\u2019\u00e9cole et le centre socioculturel, les pr\u00e9cieux piliers de ce quartier d\u00e9favoris\u00e9 de 1\u00a0400 habitants.<\/p>\n<p>\u00ab\u00a059\u00a0% de la population vit en dessous du seuil de pauvret\u00e9\u00a0\u00bb<\/p>\n<p>La cit\u00e9 Amp\u00e8re a la particularit\u00e9 de d\u00e9pendre d\u2019un unique bailleur social, Oph\u00e9a, propri\u00e9taire des onze immeubles qui abritent les 536 logements&#8230;.<\/p>\n","protected":false},"excerpt":{"rendered":"Le repr\u00e9sentant de l\u2019\u00c9tat avait annonc\u00e9 sa venue, accompagn\u00e9 d\u2019un cort\u00e8ge d\u2019officiels. \u00ab\u00a0\u00c7a fait une semaine qu\u2019ils ramassent&hellip;\n","protected":false},"author":2,"featured_media":166523,"comment_status":"","ping_status":"","sticky":false,"template":"","format":"standard","meta":{"footnotes":""},"categories":[2820],"tags":[1111,11,2880,1777,674,274,107,1011,27,775,12,25,640,2879],"class_list":{"0":"post-166522","1":"post","2":"type-post","3":"status-publish","4":"format-standard","5":"has-post-thumbnail","7":"category-strasbourg","8":"tag-actu","9":"tag-actualites","10":"tag-edition-strasbourg","11":"tag-eu","12":"tag-europe","13":"tag-faits-divers-justice","14":"tag-fil-info","15":"tag-fr","16":"tag-france","17":"tag-grand-est","18":"tag-news","19":"tag-republique-francaise","20":"tag-strasbourg","21":"tag-strasbourg-ville"},"share_on_mastodon":{"url":"https:\/\/pubeurope.com\/@fr\/114660979692481360","error":""},"_links":{"self":[{"href":"https:\/\/www.europesays.com\/fr\/wp-json\/wp\/v2\/posts\/166522","targetHints":{"allow":["GET"]}}],"collection":[{"href":"https:\/\/www.europesays.com\/fr\/wp-json\/wp\/v2\/posts"}],"about":[{"href":"https:\/\/www.europesays.com\/fr\/wp-json\/wp\/v2\/types\/post"}],"author":[{"embeddable":true,"href":"https:\/\/www.europesays.com\/fr\/wp-json\/wp\/v2\/users\/2"}],"replies":[{"embeddable":true,"href":"https:\/\/www.europesays.com\/fr\/wp-json\/wp\/v2\/comments?post=166522"}],"version-history":[{"count":0,"href":"https:\/\/www.europesays.com\/fr\/wp-json\/wp\/v2\/posts\/166522\/revisions"}],"wp:featuredmedia":[{"embeddable":true,"href":"https:\/\/www.europesays.com\/fr\/wp-json\/wp\/v2\/media\/166523"}],"wp:attachment":[{"href":"https:\/\/www.europesays.com\/fr\/wp-json\/wp\/v2\/media?parent=166522"}],"wp:term":[{"taxonomy":"category","embeddable":true,"href":"https:\/\/www.europesays.com\/fr\/wp-json\/wp\/v2\/categories?post=166522"},{"taxonomy":"post_tag","embeddable":true,"href":"https:\/\/www.europesays.com\/fr\/wp-json\/wp\/v2\/tags?post=166522"}],"curies":[{"name":"wp","href":"https:\/\/api.w.org\/{rel}","templated":true}]}}