{"id":166527,"date":"2025-06-10T20:36:31","date_gmt":"2025-06-10T20:36:31","guid":{"rendered":"https:\/\/www.europesays.com\/fr\/166527\/"},"modified":"2025-06-10T20:36:31","modified_gmt":"2025-06-10T20:36:31","slug":"originaire-de-nantes-leone-est-partie-etudier-aux-etats-unis","status":"publish","type":"post","link":"https:\/\/www.europesays.com\/fr\/166527\/","title":{"rendered":"originaire de Nantes, L\u00e9one est partie \u00e9tudier aux \u00c9tats-Unis"},"content":{"rendered":"<p>            Par<br \/>\n        <strong><br \/>\n            <a href=\"https:\/\/actu.fr\/auteur\/thomas-bernard\" title=\"Consulter tous les articles de Thomas Bernard\" target=\"_blank\" rel=\"noopener\">Thomas Bernard<\/a><br \/>\n        <\/strong><\/p>\n<p>        Publi\u00e9 le<\/p>\n<p>            10 juin 2025 \u00e0 18h37        <\/p>\n<p>Selon une <a href=\"https:\/\/www.campusfrance.org\/fr\/actu\/chiffres-cles-2024-de-la-mobilite-etudiante-plus-de-412-000-etudiants-internationaux-en-france#:~:text=Les%20%C3%A9tudiants%20fran%C3%A7ais%20privil%C3%A9gient%20les,des%20%C3%A9tudiants%20en%20mobilit%C3%A9%20internationale.\" target=\"_blank\" rel=\"noopener\">\u00e9tude de Campus France<\/a>, plus de <strong>105\u2009000 \u00e9tudiants fran\u00e7ais sont partis en mobilit\u00e9 dipl\u00f4mante \u00e0 l\u2019\u00e9tranger en 2021<\/strong>. Plusieurs organismes et associations aident des jeunes \u00e0 s\u00e9journer hors des fronti\u00e8res fran\u00e7aises pendant leurs \u00e9tudes.<\/p>\n<p class=\" wall-content\"><a href=\"https:\/\/afs.fr\/\" target=\"_blank\" rel=\"noopener\">L\u2019association AFS Vivre Sans Fronti\u00e8re<\/a> propose des \u00e9changes interculturels et linguistiques dans le monde entier. Scolaris\u00e9e au lyc\u00e9e de la Colini\u00e8re \u00e0 Nantes, <strong>L\u00e9one<\/strong>, \u00e2g\u00e9e de 18\u00a0ans, est partie en ao\u00fbt\u00a02024 aux \u00c9tats-Unis via l\u2019AFS. Arrivant \u00e0 la fin de son s\u00e9jour, la jeune femme a accept\u00e9 de se livrer \u00e0 <a href=\"https:\/\/actu.fr\/nantes\" target=\"_blank\" rel=\"noopener\">actu Nantes<\/a>, et ce malgr\u00e9 l\u2019heure tr\u00e8s matinale de l\u2019entretien (d\u00e9calage horaire oblige). R\u00e9cit.<\/p>\n<p>De la Colini\u00e8re au New Jersey<\/p>\n<p class=\" wall-content\">L\u00e9one a suivi les pas de sa maman, partie aux \u00c9tats-Unis il y a 30\u00a0ans. Si sa m\u00e8re a choisi la Californie comme destination, L\u00e9one a pos\u00e9 ses valises dans l\u2019\u00c9tat du New Jersey, \u00e0 <strong>30\u00a0minutes de Philadelphie et \u00e0 deux heures de New-York<\/strong>. \u00ab\u2009Je suis partie aux \u00c9tats-Unis car je voulais notamment d\u00e9couvrir le lyc\u00e9e am\u00e9ricain\u2009\u00bb, confie la Fran\u00e7aise.<\/p>\n<p class=\" wall-content\">Apr\u00e8s les divers confinements li\u00e9s \u00e0 la crise sanitaire du Covid, L\u00e9one aspire \u00e0 \u00ab\u2009partir \u00e0 l\u2019\u00e9tranger et \u00e0 d\u00e9couvrir de nouvelles choses\u2009\u00bb. En 3e, la passionn\u00e9e de culture am\u00e9ricaine regarde les divers parcours possibles pour partir et contacte l\u2019AFS.<\/p>\n<p class=\" wall-content\">La lyc\u00e9enne a envoy\u00e9 son dossier \u00e0 l\u2019association qui a ensuite pr\u00e9sent\u00e9 le profil de L\u00e9one aux familles d\u2019accueil. \u00ab\u2009C\u2019est <strong>ma famille d\u2019accueil qui m\u2019a choisie\u2009\u00bb<\/strong>, narre la jeune femme.<\/p>\n<p class=\" wall-content\">En ao\u00fbt dernier, L\u00e9one d\u00e9barque dans la ville de Mount Laurel chez Sharon et Dominic, \u00ab\u2009ses parents d\u2019accueil\u2009\u00bb. Au quotidien, la Lig\u00e9rienne vit aux c\u00f4t\u00e9s de \u00ab\u2009ses deux fr\u00e8res et sa s\u0153ur d\u2019accueil\u2009\u00bb\u2009: Samuel, 16\u00a0ans, Henri, 19\u00a0ans, et Gianna, 23\u00a0ans.<\/p>\n<p class=\" wall-content\">\u00ab\u2009C\u2019est une famille tr\u00e8s bienveillante et accueillante. Tr\u00e8s rapidement, je me suis sentie comme <strong>une membre \u00e0 part enti\u00e8re de la famille\u2009\u00bb<\/strong>, assure L\u00e9one, joyeusement, \u00e0 l\u2019autre bout du fil.<\/p>\n<p>Lyc\u00e9e, Thanksgiving, sport, Trump<\/p>\n<p class=\" wall-content\">Outre-Atlantique, le quotidien de L\u00e9one change, notamment \u00e0 l\u2019\u00e9cole. Fini les 9h-18h. Dans le New Jersey, les cours d\u00e9butent tous les jours \u00e0 7h30 et se terminent \u00e0 14h30. L\u2019\u00e9tudiante note d\u2019autres diff\u00e9rences.<\/p>\n<p class=\" wall-content\">\u00ab\u2009Les profs (sic) sont tr\u00e8s proches de leurs \u00e9l\u00e8ves. Ils posent des questions sur notre week-end, notre vie de famille. Par exemple lors du premier jour, chaque enseignant a fait un diaporama pour se pr\u00e9senter, parler de leurs loisirs et de leur famille\u2009\u00bb, d\u00e9crit-elle.<\/p>\n<p class=\" wall-content\">Au pays de l\u2019oncle Sam, L\u00e9one a pu poser aux c\u00f4t\u00e9s de <strong>la statue de Rocky \u00e0 Philadelphie<\/strong> ou bien visiter New York. La Nantaise a c\u00e9l\u00e9br\u00e9 les f\u00eates et d\u00e9gust\u00e9 une dinde lors de Thanksgiving avec sa famille am\u00e9ricaine. Des moments inoubliables pour elle.<\/p>\n<blockquote class=\"ac-article-quote wall-content\">\n<p>No\u00ebl et Thanksgiving font partie de mes moments pr\u00e9f\u00e9r\u00e9s pass\u00e9s avec ma famille d&rsquo;accueil. Il y a une tonne de nourriture \u00e0 pr\u00e9parer! On cuisine tous ensemble de 8h du matin \u00e0 17h le soir. \u00c0 force de vivre ensemble, on s&rsquo;attache beaucoup et \u00e7a devient une autre famille.<\/p>\n<p>    <strong>L\u00e9one<\/strong>\n            <\/p><\/blockquote>\n<p class=\" wall-content\">Autre pan de la culture am\u00e9ricaine que L\u00e9one a d\u00e9couvert\u2009: le sport. \u00ab\u2009J\u2019ai vu un match de baseball \u00e0 Philadelphie, mon fr\u00e8re de famille d\u2019accueil fait partie de l\u2019\u00e9quipe de cheerleading de son universit\u00e9 donc j\u2019ai vu ses prestations. J\u2019ai \u00e9galement assist\u00e9 \u00e0 plusieurs rencontres des \u00e9quipes de mon lyc\u00e9e que \u00e7a soit en football, volley-ball ou cricket\u2009\u00bb, explique la lyc\u00e9enne.<\/p>\n<p class=\" wall-content\">En novembre dernier, L\u00e9one assiste \u00e0 <strong>l\u2019\u00e9lection pr\u00e9sidentielle am\u00e9ricaine<\/strong>, <a href=\"https:\/\/actu.fr\/monde\/donald-trump-remporte-l-election-presidentielle-les-etats-unis-et-le-monde-plongent-dans-l-incertitude_61824275.html\" target=\"_blank\" rel=\"noopener\">remport\u00e9e par Donald Trump<\/a>. L\u00e0 aussi, une exp\u00e9rience notable pour la Nantaise.<\/p>\n<blockquote class=\"ac-article-quote wall-content\">\n<p>Dans mon entourage, on a vraiment commenc\u00e9 \u00e0 parler des \u00e9lections la veille du scrutin. Avant on n&rsquo;en parlait pas. Ensuite \u00e7a a \u00e9t\u00e9 le sujet de conversation un peu partout. L&rsquo;\u00c9tat o\u00f9 j&rsquo;habite a vot\u00e9 Kamala Harris donc il y a eu plein de gens m\u00e9contents autour de moi apr\u00e8s la victoire de Trump.<\/p>\n<p>    <strong>L\u00e9one<\/strong>\n            <\/p><\/blockquote>\n<p>\u00ab\u2009La plus belle ann\u00e9e et la plus dure de ma vie\u2009\u00bb<\/p>\n<p class=\" wall-content\">Curieux, les camarades am\u00e9ricains de L\u00e9one l\u2019interrogent sur la nourriture, les habitudes scolaires ou bien le sport au pays de la langue de Moli\u00e8re. Parfois, certains posent des questions \u00ab\u2009sorties de nulle part\u2009\u00bb. \u00ab\u2009La semaine derni\u00e8re, quelqu\u2019un m\u2019a demand\u00e9 qui gagnerait s\u2019il y avait une guerre entre la France et les \u00c9tats-Unis\u2009\u00bb, rigole la lyc\u00e9enne.<\/p>\n<p class=\" wall-content\">Au cours de son s\u00e9jour am\u00e9ricain, L\u00e9one retient \u00ab\u2009deux moments marquants\u2009\u00bb\u2009:<strong> un voyage de trois jours au plus pr\u00e8s de la communaut\u00e9 Amish<\/strong> avec l\u2019AFS et un s\u00e9jour \u00e0 Disney World \u00e0 Orlando avec son lyc\u00e9e am\u00e9ricain.<\/p>\n<p class=\" wall-content\">\u00ab\u2009J\u2019ai ador\u00e9 l\u2019exp\u00e9rience avec <strong>les Amish, c\u2019\u00e9tait tr\u00e8s enrichissant<\/strong>. J\u2019ai pu discuter avec eux, voir la fa\u00e7on de vivre et observer leurs perspectives. Disney c\u2019est g\u00e9nial, mais je retiens plut\u00f4t le fait d\u2019avoir pass\u00e9 ce moment avec mes amis am\u00e9ricains et d\u2019avoir profit\u00e9 de ce s\u00e9jour\u2009\u00bb, se souvient la jeune majeure.<\/p>\n<p class=\" wall-content\">Le s\u00e9jour am\u00e9ricain de L\u00e9one prendra <strong>fin le 30\u00a0juin prochain<\/strong>. La lyc\u00e9enne appr\u00e9hende son d\u00e9part. \u00ab\u2009Je me suis cr\u00e9\u00e9 une nouvelle vie ici\u2009: de nouveaux amis, une nouvelle famille, de nouveaux profs. Je suis tr\u00e8s proche d\u2019eux car je sais que je vais rentrer \u00e0 la maison et je veux profiter un maximum avec eux.\u2009\u00bb<\/p>\n<blockquote class=\"ac-article-quote wall-content\">\n<p>Cette ann\u00e9e a \u00e9t\u00e9 la plus belle ann\u00e9e de ma vie mais aussi la plus dure. J&rsquo;ai v\u00e9cu mon r\u00eave en allant aux Etats-Unis mais par moments c&rsquo;\u00e9tait compliqu\u00e9 car ma famille fran\u00e7aise n&rsquo;\u00e9tait pas l\u00e0 et que j&rsquo;avais parfois envie de serrer ma maman dans mes bras.<\/p>\n<p>    <strong>L\u00e9one<\/strong>\n            <\/p><\/blockquote>\n<p class=\" wall-content\">Une exp\u00e9rience enrichissante qui conforte le choix de L\u00e9one <strong>d\u2019\u00e9tudier \u00e0\u00a0l\u2019\u00e9tranger apr\u00e8s avoir obtenu son bac<\/strong>.<\/p>\n<p class=\" wall-content\">\u00ab\u2009Avant de partir, je regardais d\u00e9j\u00e0 pour effectuer des \u00e9tudes en relations internationales \u00e0 l\u2019\u00e9tranger. Aujourd\u2019hui, le projet c\u2019est de revenir en France faire ma terminale puis repartir \u00e0 l\u2019\u00e9tranger pour mes \u00e9tudes sup\u00e9rieures. Les \u00e9tudes aux \u00c9tats-Unis sont trop on\u00e9reuses donc j\u2019irai dans un autre pays, pourquoi pas l\u2019Italie.\u2009\u00bb<\/p>\n<p class=\" wall-content\">La Dolce Vita apr\u00e8s le r\u00eave am\u00e9ricain.<\/p>\n<p class=\" wall-content\">Suivez toute l\u2019actualit\u00e9 de vos villes et m\u00e9dias favoris en vous inscrivant \u00e0 <a href=\"https:\/\/moncompte.actu.fr\" title=\"D\u00e9couvez Mon Actu\" rel=\"nofollow noopener\" data-trk=\"{&quot;cta&quot;:{&quot;action&quot;:&quot;https:\\\/\\\/moncompte.actu.fr&quot;,&quot;category&quot;:&quot;mon compte&quot;,&quot;from&quot;:&quot;article footer&quot;,&quot;name&quot;:&quot;Mon actu&quot;,&quot;type&quot;:&quot;cta&quot;}}\" target=\"_blank\">Mon Actu<\/a>.<\/p>\n","protected":false},"excerpt":{"rendered":"Par Thomas Bernard Publi\u00e9 le 10 juin 2025 \u00e0 18h37 Selon une \u00e9tude de Campus France, plus de&hellip;\n","protected":false},"author":2,"featured_media":166528,"comment_status":"","ping_status":"","sticky":false,"template":"","format":"standard","meta":{"footnotes":""},"categories":[2818],"tags":[1111,11,73,1064,1777,674,1011,27,766,12,2636,25,104,586],"class_list":{"0":"post-166527","1":"post","2":"type-post","3":"status-publish","4":"format-standard","5":"has-post-thumbnail","7":"category-nantes","8":"tag-actu","9":"tag-actualites","10":"tag-etats-unis","11":"tag-etudiantses","12":"tag-eu","13":"tag-europe","14":"tag-fr","15":"tag-france","16":"tag-nantes","17":"tag-news","18":"tag-pays-de-la-loire","19":"tag-republique-francaise","20":"tag-societe","21":"tag-voyage"},"share_on_mastodon":{"url":"https:\/\/pubeurope.com\/@fr\/114660991649924004","error":""},"_links":{"self":[{"href":"https:\/\/www.europesays.com\/fr\/wp-json\/wp\/v2\/posts\/166527","targetHints":{"allow":["GET"]}}],"collection":[{"href":"https:\/\/www.europesays.com\/fr\/wp-json\/wp\/v2\/posts"}],"about":[{"href":"https:\/\/www.europesays.com\/fr\/wp-json\/wp\/v2\/types\/post"}],"author":[{"embeddable":true,"href":"https:\/\/www.europesays.com\/fr\/wp-json\/wp\/v2\/users\/2"}],"replies":[{"embeddable":true,"href":"https:\/\/www.europesays.com\/fr\/wp-json\/wp\/v2\/comments?post=166527"}],"version-history":[{"count":0,"href":"https:\/\/www.europesays.com\/fr\/wp-json\/wp\/v2\/posts\/166527\/revisions"}],"wp:featuredmedia":[{"embeddable":true,"href":"https:\/\/www.europesays.com\/fr\/wp-json\/wp\/v2\/media\/166528"}],"wp:attachment":[{"href":"https:\/\/www.europesays.com\/fr\/wp-json\/wp\/v2\/media?parent=166527"}],"wp:term":[{"taxonomy":"category","embeddable":true,"href":"https:\/\/www.europesays.com\/fr\/wp-json\/wp\/v2\/categories?post=166527"},{"taxonomy":"post_tag","embeddable":true,"href":"https:\/\/www.europesays.com\/fr\/wp-json\/wp\/v2\/tags?post=166527"}],"curies":[{"name":"wp","href":"https:\/\/api.w.org\/{rel}","templated":true}]}}