{"id":166539,"date":"2025-06-10T20:42:09","date_gmt":"2025-06-10T20:42:09","guid":{"rendered":"https:\/\/www.europesays.com\/fr\/166539\/"},"modified":"2025-06-10T20:42:09","modified_gmt":"2025-06-10T20:42:09","slug":"une-grande-vente-de-velos-doccasion-au-btwin-village-ce-samedi","status":"publish","type":"post","link":"https:\/\/www.europesays.com\/fr\/166539\/","title":{"rendered":"une grande vente de v\u00e9los d&rsquo;occasion au B&rsquo;twin village ce samedi\u00a0!"},"content":{"rendered":"<p>            Par<br \/>\n        <strong><br \/>\n            <a href=\"https:\/\/actu.fr\/auteur\/nicolas-demollien\" title=\"Consulter tous les articles de Nicolas Demollien\" rel=\"nofollow noopener\" target=\"_blank\">Nicolas Demollien<\/a><br \/>\n        <\/strong><\/p>\n<p>        Publi\u00e9 le<\/p>\n<p>            10 juin 2025 \u00e0 18h30        <\/p>\n<p>Voil\u00e0 un sacr\u00e9 <a href=\"https:\/\/actu.fr\/tag\/bon-plan-a-lille\" rel=\"nofollow noopener\" target=\"_blank\">bon plan<\/a> qui fait son retour \u00e0 <a href=\"https:\/\/actu.fr\/hauts-de-france\/lille_59350\" rel=\"nofollow noopener\" target=\"_blank\">Lille<\/a> (Nord). Ce samedi 14 juin 2025, le <b>B\u2019twin village<\/b> (4, rue du professeur Langevin) organise une <b>grande vente de v\u00e9los d\u2019occasion<\/b> avec des prix plut\u00f4t int\u00e9ressants. A chaque \u00e9dition, ces ventes attirent une foule importante en qu\u00eate de <b>bonnes affaires<\/b>.<\/p>\n<p>Des v\u00e9los d\u2019occasion \u00e0 petits prix au B\u2019twin village de Lille<\/p>\n<p class=\" wall-content\">Et les organisateurs, qui le savent bien, conseillent d\u2019ailleurs de venir assez t\u00f4t le matin. La vente d\u00e9bute \u00e0 10h.<\/p>\n<p class=\" wall-content\"><b>\u00ab\u00a0<\/b>Cette ann\u00e9e, ce sont<b> plus de 2<\/b><b>00 v\u00e9los qui seront propos\u00e9s<\/b> \u00e0 la vente\u00a0\u00bb, annonce-t-on du c\u00f4t\u00e9 de B\u2019twin village. Et les mod\u00e8les seront tr\u00e8s vari\u00e9s avec des v\u00e9los enfants et adultes de type VTT, VTC, v\u00e9los de route ou v\u00e9los de ville.<\/p>\n<p class=\" wall-content\">Avec toujours des v\u00e9los qui rassurent gr\u00e2ce au savoir-faire des \u00e9quipes pr\u00e9sentes sur place. Tous les mod\u00e8les mis en vente sont d\u2019ailleurs \u00ab\u00a0<b>r\u00e9vis\u00e9s, contr\u00f4l\u00e9s et garantis 2 ans<\/b>\u00ab\u00a0.<\/p>\n<p class=\" wall-content\">Notons enfin une <b>innovation pour cette \u00e9dition<\/b> avec la pr\u00e9sence de\u00a0trottinettes \u00e9lectriques et de pi\u00e8ces d\u00e9tach\u00e9es \u00ab\u00a0\u00e0 petits prix\u00a0\u00bb (roues, cassettes, pneus, etc.).<\/p>\n<p>Vid\u00e9os : en ce moment sur Actu<\/p>\n<p class=\" wall-content\">Plus d\u2019infos sur le site <a href=\"https:\/\/www.btwin-village.com\/a-la-une\/btwin-okaz-velo-occasion\/\" rel=\"nofollow noopener\" target=\"_blank\">btwin-village.com<\/a>.<\/p>\n<p class=\" wall-content\">Suivez toute l\u2019actualit\u00e9 de vos villes et m\u00e9dias favoris en vous inscrivant \u00e0 <a href=\"https:\/\/moncompte.actu.fr\" title=\"D\u00e9couvez Mon Actu\" rel=\"nofollow noopener\" data-trk=\"{&quot;cta&quot;:{&quot;action&quot;:&quot;https:\\\/\\\/moncompte.actu.fr&quot;,&quot;category&quot;:&quot;mon compte&quot;,&quot;from&quot;:&quot;article footer&quot;,&quot;name&quot;:&quot;Mon actu&quot;,&quot;type&quot;:&quot;cta&quot;}}\" target=\"_blank\">Mon Actu<\/a>.<\/p>\n","protected":false},"excerpt":{"rendered":"Par Nicolas Demollien Publi\u00e9 le 10 juin 2025 \u00e0 18h30 Voil\u00e0 un sacr\u00e9 bon plan qui fait son&hellip;\n","protected":false},"author":2,"featured_media":166540,"comment_status":"","ping_status":"","sticky":false,"template":"","format":"standard","meta":{"footnotes":""},"categories":[2815],"tags":[1111,11,1777,674,1011,27,811,1307,12,25,104,208],"class_list":{"0":"post-166539","1":"post","2":"type-post","3":"status-publish","4":"format-standard","5":"has-post-thumbnail","7":"category-lille","8":"tag-actu","9":"tag-actualites","10":"tag-eu","11":"tag-europe","12":"tag-fr","13":"tag-france","14":"tag-hauts-de-france","15":"tag-lille","16":"tag-news","17":"tag-republique-francaise","18":"tag-societe","19":"tag-velo"},"share_on_mastodon":{"url":"https:\/\/pubeurope.com\/@fr\/114661015105609153","error":""},"_links":{"self":[{"href":"https:\/\/www.europesays.com\/fr\/wp-json\/wp\/v2\/posts\/166539","targetHints":{"allow":["GET"]}}],"collection":[{"href":"https:\/\/www.europesays.com\/fr\/wp-json\/wp\/v2\/posts"}],"about":[{"href":"https:\/\/www.europesays.com\/fr\/wp-json\/wp\/v2\/types\/post"}],"author":[{"embeddable":true,"href":"https:\/\/www.europesays.com\/fr\/wp-json\/wp\/v2\/users\/2"}],"replies":[{"embeddable":true,"href":"https:\/\/www.europesays.com\/fr\/wp-json\/wp\/v2\/comments?post=166539"}],"version-history":[{"count":0,"href":"https:\/\/www.europesays.com\/fr\/wp-json\/wp\/v2\/posts\/166539\/revisions"}],"wp:featuredmedia":[{"embeddable":true,"href":"https:\/\/www.europesays.com\/fr\/wp-json\/wp\/v2\/media\/166540"}],"wp:attachment":[{"href":"https:\/\/www.europesays.com\/fr\/wp-json\/wp\/v2\/media?parent=166539"}],"wp:term":[{"taxonomy":"category","embeddable":true,"href":"https:\/\/www.europesays.com\/fr\/wp-json\/wp\/v2\/categories?post=166539"},{"taxonomy":"post_tag","embeddable":true,"href":"https:\/\/www.europesays.com\/fr\/wp-json\/wp\/v2\/tags?post=166539"}],"curies":[{"name":"wp","href":"https:\/\/api.w.org\/{rel}","templated":true}]}}