{"id":166543,"date":"2025-06-10T20:44:08","date_gmt":"2025-06-10T20:44:08","guid":{"rendered":"https:\/\/www.europesays.com\/fr\/166543\/"},"modified":"2025-06-10T20:44:08","modified_gmt":"2025-06-10T20:44:08","slug":"1-an-de-prison-ferme-pour-letudiant-qui-a-cause-la-mort-dun-motard-a-marseille","status":"publish","type":"post","link":"https:\/\/www.europesays.com\/fr\/166543\/","title":{"rendered":"1 an de prison ferme pour l&rsquo;\u00e9tudiant qui a caus\u00e9 la mort d&rsquo;un motard \u00e0 Marseille"},"content":{"rendered":"<p>C\u2019\u00e9tait un peu, aussi, le proc\u00e8s de la trottinette \u00e9lectrique, le 20\u00a0mai\u00a02025 au tribunal judiciaire de Marseille, appel\u00e9 \u00e0 juger Antoine M., un \u00e9tudiant en kin\u00e9 \u00e2g\u00e9 de 20\u00a0ans, poursuivi pour un homicide volontaire caus\u00e9 alors qu\u2019il circulait sur l\u2019un de ces engins de location. De \u00ab\u00a0l\u2019\u00e9gocentrisme\u00a0\u00bb sur la voie publique, <a href=\"https:\/\/www.laprovence.com\/article\/faits-divers-justice\/1838191857889614\/en-evitant-l-inconscient-a-trottinette-le-motard-s-etait-tue-au-tribunal-de-marseille-recit-d-une-tragedie\" target=\"_blank\" rel=\"noopener\">avait point\u00e9 la procureure Caroline Baudre<\/a>, \u00e9largissant ses r\u00e9quisitions au comportement de nombreux autres usagers de ces v\u00e9hicules.<\/p>\n","protected":false},"excerpt":{"rendered":"C\u2019\u00e9tait un peu, aussi, le proc\u00e8s de la trottinette \u00e9lectrique, le 20\u00a0mai\u00a02025 au tribunal judiciaire de Marseille, appel\u00e9&hellip;\n","protected":false},"author":2,"featured_media":166544,"comment_status":"","ping_status":"","sticky":false,"template":"","format":"standard","meta":{"footnotes":""},"categories":[2814],"tags":[17,1111,11,1777,674,274,9095,1011,27,2683,30004,28838,884,12,471,806,882,25,15740],"class_list":{"0":"post-166543","1":"post","2":"type-post","3":"status-publish","4":"format-standard","5":"has-post-thumbnail","7":"category-marseille","8":"tag-17","9":"tag-actu","10":"tag-actualites","11":"tag-eu","12":"tag-europe","13":"tag-faits-divers-justice","14":"tag-ferme","15":"tag-fr","16":"tag-france","17":"tag-homicide","18":"tag-involontaire","19":"tag-letudiant","20":"tag-marseille","21":"tag-news","22":"tag-pour","23":"tag-prison","24":"tag-provence-alpes-cote-dazur","25":"tag-republique-francaise","26":"tag-trottinette"},"share_on_mastodon":{"url":"https:\/\/pubeurope.com\/@fr\/114661023008472383","error":""},"_links":{"self":[{"href":"https:\/\/www.europesays.com\/fr\/wp-json\/wp\/v2\/posts\/166543","targetHints":{"allow":["GET"]}}],"collection":[{"href":"https:\/\/www.europesays.com\/fr\/wp-json\/wp\/v2\/posts"}],"about":[{"href":"https:\/\/www.europesays.com\/fr\/wp-json\/wp\/v2\/types\/post"}],"author":[{"embeddable":true,"href":"https:\/\/www.europesays.com\/fr\/wp-json\/wp\/v2\/users\/2"}],"replies":[{"embeddable":true,"href":"https:\/\/www.europesays.com\/fr\/wp-json\/wp\/v2\/comments?post=166543"}],"version-history":[{"count":0,"href":"https:\/\/www.europesays.com\/fr\/wp-json\/wp\/v2\/posts\/166543\/revisions"}],"wp:featuredmedia":[{"embeddable":true,"href":"https:\/\/www.europesays.com\/fr\/wp-json\/wp\/v2\/media\/166544"}],"wp:attachment":[{"href":"https:\/\/www.europesays.com\/fr\/wp-json\/wp\/v2\/media?parent=166543"}],"wp:term":[{"taxonomy":"category","embeddable":true,"href":"https:\/\/www.europesays.com\/fr\/wp-json\/wp\/v2\/categories?post=166543"},{"taxonomy":"post_tag","embeddable":true,"href":"https:\/\/www.europesays.com\/fr\/wp-json\/wp\/v2\/tags?post=166543"}],"curies":[{"name":"wp","href":"https:\/\/api.w.org\/{rel}","templated":true}]}}