{"id":166545,"date":"2025-06-10T20:45:14","date_gmt":"2025-06-10T20:45:14","guid":{"rendered":"https:\/\/www.europesays.com\/fr\/166545\/"},"modified":"2025-06-10T20:45:14","modified_gmt":"2025-06-10T20:45:14","slug":"des-elus-demandent-la-suspension-dun-jumelage-en-israel-payan-en-annonce-un-autre-en-palestine","status":"publish","type":"post","link":"https:\/\/www.europesays.com\/fr\/166545\/","title":{"rendered":"des \u00e9lus demandent la suspension d\u2019un jumelage en Isra\u00ebl, Payan en annonce un autre en Palestine"},"content":{"rendered":"<p>Trois conseillers d\u2019arrondissement demandent au maire de mettre fin au jumelage entre la cit\u00e9 phoc\u00e9enne et la ville d\u2019Ha\u00effa en Isra\u00ebl, au regard de la situation dans la bande de Gaza. Ce dernier refuse.<\/p>\n<p class=\"fig-paragraph\">C\u2019est selon eux une marque \u00abd\u2019amiti\u00e9\u00bb envers les victimes palestiniennes. Trois conseillers d\u2019arrondissement \u00e9cologistes appartenant \u00e0 la majorit\u00e9 municipale du maire de Marseille,\u00a0<a href=\"http:\/\/www.lefigaro.fr\/marseille\/une-victoire-volee-des-adjoints-au-maire-de-marseille-reprouvent-le-desistement-de-michele-rubirola-au-profit-de-benoit-payan-en-2020-20250604\" data-fig-type=\"NewsFlash\" data-gtm-custom-categorie=\"navigation\" data-gtm-custom-action=\"crossclick\" data-gtm-custom-label=\"Contextuel\" data-gtm-event=\"customEventSPE\" data-fig-domain=\"LEFIGARO\" target=\"_blank\" rel=\"noopener\">Beno\u00eet Payan<\/a>, r\u00e9clament \u00e0 l\u2019ancien socialiste la suspension du jumelage en vigueur depuis 1958 entre Marseille et la commune isra\u00e9lienne\u00a0<a href=\"http:\/\/www.lefigaro.fr\/international\/israel-les-rebelles-houthis-menacent-le-port-d-haifa-d-un-blocus-naval-20250519\" data-fig-type=\"NewsFlash\" data-gtm-custom-categorie=\"navigation\" data-gtm-custom-action=\"crossclick\" data-gtm-custom-label=\"Contextuel\" data-gtm-event=\"customEventSPE\" data-fig-domain=\"LEFIGARO\" target=\"_blank\" rel=\"noopener\">d\u2019Ha\u00effa<\/a>. \u00abMarseille ne doit pas \u00eatre complice des crimes (commis) dans\u00a0<a href=\"http:\/\/www.lefigaro.fr\/international\/gaza-l-armee-israelienne-appelle-les-habitants-de-plusieurs-quartiers-dans-le-nord-a-evacuer-20250610\" data-fig-type=\"NewsFlash\" data-gtm-custom-categorie=\"navigation\" data-gtm-custom-action=\"crossclick\" data-gtm-custom-label=\"Contextuel\" data-gtm-event=\"customEventSPE\" data-fig-domain=\"LEFIGARO\" target=\"_blank\" rel=\"noopener\">la bande de Gaza<\/a> \u00bb, justifie Alexandre Rupnik, conseiller d\u2019arrondissement EELV dans les 6e et 8e arrondissements.<\/p>\n<p class=\"fig-paragraph\">\u00c0 travers ce jumelage, l\u2019\u00e9lu estime que \u00abMarseille soutient indirectement l\u2019effort de guerre et le g\u00e9nocide dans la bande de Gaza\u00bb. \u00abHa\u00effa est une ville tr\u00e8s particuli\u00e8re, explique-t-il. C\u2019est le centre militaire, le centre n\u00e9vralgique de l\u2019effort de guerre.\u00bb \u00abMarseille ne doit pas \u00eatre complice des crimes dans la bande de Gaza\u00bb, insiste-t-il. \u00abIl est insens\u00e9 de nous associer \u00e0 une ville qui participe \u00e0 l\u2019armement du pays, et pour cela il faut stopper ce jumelage\u00bb, estime \u00e9galement Chahidati Soilihi, conseill\u00e8re d\u2019arrondissement EELV dans les 15e et 16e arrondissements de Marseille. \u00abNous avons \u00e9t\u00e9 choqu\u00e9s de ce qui s\u2019est pass\u00e9 en 1939-1945 et nous ne voulons pas que \u00e7a se reproduise. Nous ne sommes pas antis\u00e9mites, mais nous sommes contre la politique g\u00e9nocidaire isra\u00e9lienne qui tue des femmes et des enfants.\u00bb La conseill\u00e8re d\u2019arrondissement \u00abdemande \u00e0 Beno\u00eet Payan et \u00e0 tous ses conseillers municipaux de prendre \u00e0 bras-le-corps ce jumelage et d\u2019y mettre fin.\u00bb<\/p>\n<p class=\"fig-paragraph\">Une troisi\u00e8me conseill\u00e8re d\u2019arrondissement EELV, Prune Helfter-Noah, \u00e9lue dans les 4e et 5e arrondissements, soutient \u00e9galement cette initiative. Tous trois ont sollicit\u00e9 leur mairie de secteur respective pour qu\u2019un v\u0153u en ce sens soit discut\u00e9 aux prochains conseils d\u2019arrondissements pr\u00e9vus la semaine prochaine, avant le conseil municipal du 20 juin prochain. \u00abUn v\u0153u discut\u00e9 en conseil d\u2019arrondissement doit porter sur un objet qui concerne l\u2019arrondissement\u00bb, balaie-t-on dans l\u2019entourage de Nadia Boulainseur, maire des 15e et 16e arrondissements.<\/p>\n<p>Beno\u00eet Payan d\u00e9nonce \u00abun amalgame honteux\u00bb<\/p>\n<p class=\"fig-paragraph\">Dans son bureau avec quelques journalistes, le maire de Marseille a annonc\u00e9 ce lundi soir qu\u2019un tel v\u0153u ne serait pas discut\u00e9 au prochain conseil municipal et qu\u2019il \u00e9tait en d\u00e9saccord avec cette proposition. \u00abHa\u00effa n\u2019est pas une commune engag\u00e9e dans la guerre, estime Beno\u00eet Payan. C\u2019est une commune travailliste dans laquelle, toutes les semaines, manifestent des gens clairement oppos\u00e9s au\u00a0<a href=\"http:\/\/www.lefigaro.fr\/international\/la-coalition-de-benyamin-netanyahou-en-pleine-crise-politique-une-premiere-depuis-son-retour-au-pouvoir-20250610\" data-fig-type=\"Article\" data-gtm-custom-categorie=\"navigation\" data-gtm-custom-action=\"crossclick\" data-gtm-custom-label=\"Contextuel\" data-gtm-event=\"customEventSPE\" data-fig-domain=\"LEFIGARO\" target=\"_blank\" rel=\"noopener\">gouvernement de Netanyahou<\/a> \u00a0et de ses alli\u00e9s d\u2019extr\u00eame droite et bellicistes.\u00bb Pour le maire de Marseille, la demande des \u00e9lus de sa majorit\u00e9 rel\u00e8ve d\u2019un \u00abamalgame honteux\u00bb. \u00abOn ne peut pas tout dire et on ne peut pas tout faire quand on se rapproche des \u00e9lections municipales. Ce n\u2019est pas parce qu\u2019on est de gauche qu\u2019on ne peut pas dire des b\u00eatises.\u00bb<\/p>\n<p class=\"fig-paragraph\">Aux c\u00f4t\u00e9s de son adjointe aux relations internationales,\u00a0<a href=\"http:\/\/www.lefigaro.fr\/marseille\/une-victoire-volee-des-adjoints-au-maire-de-marseille-reprouvent-le-desistement-de-michele-rubirola-au-profit-de-benoit-payan-en-2020-20250604\" data-fig-type=\"NewsFlash\" data-gtm-custom-categorie=\"navigation\" data-gtm-custom-action=\"crossclick\" data-gtm-custom-label=\"Contextuel\" data-gtm-event=\"customEventSPE\" data-fig-domain=\"LEFIGARO\" target=\"_blank\" rel=\"noopener\">Mich\u00e8le Rubirola<\/a>\u00a0(EELV), qui pr\u00e9cise que les d\u00e9clarations de ces \u00e9lus rel\u00e8vent de positions \u00abindividuelles\u00bb et non d\u2019une prise de position du groupe \u00e9cologiste ou du parti, Beno\u00eet Payan a par ailleurs annonc\u00e9 \u00eatre en discussion depuis 14 mois avec des villes palestiniennes pour convenir d\u2019un jumelage entre l\u2019une d\u2019entre elles et la ville de Marseille. Des discussions \u00abavanc\u00e9es\u00bb seraient en cours avec deux villes en particulier. Le maire entend ainsi t\u00e9moigner de sa \u00absolidarit\u00e9 avec le peuple palestinien.\u00bb<\/p>\n<p>\u00abUne course au communautarisme\u00bb, d\u00e9nonce la droite<\/p>\n<p class=\"fig-paragraph\">\u00abLe maire agit dans la pr\u00e9cipitation et sous la pression de l\u2019extr\u00eame gauche, accuse le groupe d\u2019opposition \u00e0 droite Une volont\u00e9 pour Marseille. Il se livre \u00e0 une course au communautarisme dans l\u2019optique des municipales. En ces temps troubles, un maire, qui plus est celui de la deuxi\u00e8me ville de France, doit garder son sang-froid. La g\u00e9opolitique est une affaire s\u00e9rieuse.\u00bb Dans son bureau, le maire de Marseille a par ailleurs\u00a0<a href=\"http:\/\/www.lefigaro.fr\/marseille\/marseille-en-soutien-a-gaza-le-maire-benoit-payan-promet-une-nouvelle-aide-financiere-a-l-unicef-20250527\" data-fig-type=\"NewsFlash\" data-gtm-custom-categorie=\"navigation\" data-gtm-custom-action=\"crossclick\" data-gtm-custom-label=\"Contextuel\" data-gtm-event=\"customEventSPE\" data-fig-domain=\"LEFIGARO\" target=\"_blank\" rel=\"noopener\">confirm\u00e9\u00a0<\/a>vouloir faire voter au prochain conseil municipal une subvention de 100.000 euros \u00e0 l\u2019Unicef en soutien aux enfants de la bande de Gaza.<\/p>\n<p class=\"fig-paragraph\">Le conseil municipal de Marseille a d\u00e9j\u00e0 vot\u00e9 en f\u00e9vrier\u00a0<a href=\"http:\/\/www.lefigaro.fr\/marseille\/a-marseille-la-droite-fustige-le-versement-par-la-mairie-d-une-subvention-a-l-unrwa-en-soutien-a-gaza-20240216\" target=\"_blank\" data-fig-type=\"NewsFlash\" rel=\"noopener\" data-gtm-custom-categorie=\"navigation\" data-gtm-custom-action=\"crossclick\" data-gtm-custom-label=\"Contextuel\" data-gtm-event=\"customEventSPE\" data-fig-domain=\"LEFIGARO\">l\u2019adoption d\u2019une subvention du m\u00eame type<\/a>. Une autre subvention de 80.000 euros avait \u00e9t\u00e9 vot\u00e9e en d\u00e9cembre dernier,\u00a0<a href=\"http:\/\/www.lefigaro.fr\/marseille\/gaza-la-mairie-de-marseille-a-bien-verse-une-subvention-a-l-unrwa-20240606\" data-fig-type=\"NewsFlash\" data-gtm-custom-categorie=\"navigation\" data-gtm-custom-action=\"crossclick\" data-gtm-custom-label=\"Contextuel\" data-gtm-event=\"customEventSPE\" data-fig-domain=\"LEFIGARO\" target=\"_blank\" rel=\"noopener\">mais cette fois \u00e0 destination de l\u2019UNRWA<\/a>, l\u2019office de secours et de travaux des Nations unies pour les r\u00e9fugi\u00e9s de Palestine dans le Proche-Orient. L\u2019organisme avait annonc\u00e9 en janvier dernier le licenciement de plusieurs salari\u00e9s, accus\u00e9s par Isra\u00ebl d\u2019avoir particip\u00e9 aux tueries du Hamas le 7 octobre 2023.<\/p>\n","protected":false},"excerpt":{"rendered":"Trois conseillers d\u2019arrondissement demandent au maire de mettre fin au jumelage entre la cit\u00e9 phoc\u00e9enne et la ville&hellip;\n","protected":false},"author":2,"featured_media":166546,"comment_status":"","ping_status":"","sticky":false,"template":"","format":"standard","meta":{"footnotes":""},"categories":[2814],"tags":[1111,11,6469,885,1182,1180,1181,3259,1777,674,1011,27,665,664,1184,1185,884,12,1177,1176,149,3518,1186,882,25,1178,1183,1179],"class_list":{"0":"post-166545","1":"post","2":"type-post","3":"status-publish","4":"format-standard","5":"has-post-thumbnail","7":"category-marseille","8":"tag-actu","9":"tag-actualites","10":"tag-benoit-payan","11":"tag-bouches-du-rhone","12":"tag-calanques","13":"tag-canebiere","14":"tag-cite-phoceenne","15":"tag-conflit-israelo-palestinien","16":"tag-eu","17":"tag-europe","18":"tag-fr","19":"tag-france","20":"tag-gaza","21":"tag-israel","22":"tag-la-timone","23":"tag-les-baumettes-mediterranee","24":"tag-marseille","25":"tag-news","26":"tag-notre-dame-de-la-garde","27":"tag-olympique-de-marseille","28":"tag-om","29":"tag-palestine","30":"tag-provence","31":"tag-provence-alpes-cote-dazur","32":"tag-republique-francaise","33":"tag-saint-charles","34":"tag-sormiou","35":"tag-vieux-port"},"share_on_mastodon":{"url":"https:\/\/pubeurope.com\/@fr\/114661026895318841","error":""},"_links":{"self":[{"href":"https:\/\/www.europesays.com\/fr\/wp-json\/wp\/v2\/posts\/166545","targetHints":{"allow":["GET"]}}],"collection":[{"href":"https:\/\/www.europesays.com\/fr\/wp-json\/wp\/v2\/posts"}],"about":[{"href":"https:\/\/www.europesays.com\/fr\/wp-json\/wp\/v2\/types\/post"}],"author":[{"embeddable":true,"href":"https:\/\/www.europesays.com\/fr\/wp-json\/wp\/v2\/users\/2"}],"replies":[{"embeddable":true,"href":"https:\/\/www.europesays.com\/fr\/wp-json\/wp\/v2\/comments?post=166545"}],"version-history":[{"count":0,"href":"https:\/\/www.europesays.com\/fr\/wp-json\/wp\/v2\/posts\/166545\/revisions"}],"wp:featuredmedia":[{"embeddable":true,"href":"https:\/\/www.europesays.com\/fr\/wp-json\/wp\/v2\/media\/166546"}],"wp:attachment":[{"href":"https:\/\/www.europesays.com\/fr\/wp-json\/wp\/v2\/media?parent=166545"}],"wp:term":[{"taxonomy":"category","embeddable":true,"href":"https:\/\/www.europesays.com\/fr\/wp-json\/wp\/v2\/categories?post=166545"},{"taxonomy":"post_tag","embeddable":true,"href":"https:\/\/www.europesays.com\/fr\/wp-json\/wp\/v2\/tags?post=166545"}],"curies":[{"name":"wp","href":"https:\/\/api.w.org\/{rel}","templated":true}]}}