{"id":166549,"date":"2025-06-10T20:47:16","date_gmt":"2025-06-10T20:47:16","guid":{"rendered":"https:\/\/www.europesays.com\/fr\/166549\/"},"modified":"2025-06-10T20:47:16","modified_gmt":"2025-06-10T20:47:16","slug":"interview-exclusif-lyon-la-gratuite-des-tcl-nest-pas-la-priorite-selon-veronique-sarselli-lr","status":"publish","type":"post","link":"https:\/\/www.europesays.com\/fr\/166549\/","title":{"rendered":"Interview. EXCLUSIF. Lyon. \u00ab\u00a0La gratuit\u00e9 des TCL n&rsquo;est pas la priorit\u00e9\u00a0\u00bb, selon V\u00e9ronique Sarselli (LR)"},"content":{"rendered":"<p>            Par<br \/>\n        <strong><br \/>\n            <a href=\"https:\/\/actu.fr\/auteur\/nicolas-zaugra\" title=\"Consulter tous les articles de Nicolas Zaugra\" target=\"_blank\" rel=\"noopener\">Nicolas Zaugra<\/a><br \/>\n        <\/strong><\/p>\n<p>        Publi\u00e9 le<\/p>\n<p>            10 juin 2025 \u00e0 18h52<br \/>\n        ; mis \u00e0 jour le 10 juin 2025 \u00e0 18h56    <\/p>\n<p><strong>EXCLUSIF ACTU LYON<\/strong>. La candidate Les R\u00e9publicains \u00e0 la M\u00e9tropole de <a href=\"https:\/\/actu.fr\/auvergne-rhone-alpes\/lyon_69123\" target=\"_blank\" rel=\"noopener\">Lyon<\/a> et maire de Sainte-Foy-l\u00e8s-Lyon <a href=\"https:\/\/actu.fr\/auvergne-rhone-alpes\/lyon_69123\/lyon-veronique-sarselli-lr-tape-fort-sur-les-ecologistes-la-metropole-merite-mieux_62492934.html\" target=\"_blank\" rel=\"noopener\">V\u00e9ronique Sarselli<\/a> r\u00e9pond aux propositions lanc\u00e9es par <a href=\"https:\/\/actu.fr\/auvergne-rhone-alpes\/lyon_69123\/lyon-municipales-2026-jean-michel-aulas-propose-d-etendre-la-gratuite-des-tcl-aux-lyonnais_62732394.html\" target=\"_blank\" rel=\"noopener\">Jean-Michel Aulas<\/a> ou <a href=\"https:\/\/actu.fr\/auvergne-rhone-alpes\/lyon_69123\/lyon-tcl-ztl-stationnement-nathalie-perrin-gilbert-devoile-son-programme-pour-2026_62728476.html\" target=\"_blank\" rel=\"noopener\">Nathalie Perrin-Gilbert<\/a> sur la gratuit\u00e9 des transports en commun TCL.<\/p>\n<p class=\" wall-content\">Pour elle, la gratuit\u00e9 du r\u00e9seau \u00ab\u00a0n\u2019est pas la priorit\u00e9 et l\u2019urgence du moment\u00a0\u00bb. Elle appelle Bruno Bernard, le pr\u00e9sident de la M\u00e9tropole et du Sytral, \u00e0 \u00ab\u00a0r\u00e9gler les pannes du m\u00e9tro\u00a0\u00bb et lutter contre l\u2019ins\u00e9curit\u00e9.<\/p>\n<p>Le probl\u00e8me du moment \u00ab\u00a0c\u2019est les pannes du m\u00e9tro\u00a0\u00bb et l\u2019ins\u00e9curit\u00e9<\/p>\n<p class=\"ac-article-content__question wall-content\"><strong class=\"color-primary\">Actu : <\/strong>Des propositions de gratuit\u00e9 du r\u00e9seau TCL \u00e9mergent dans le d\u00e9bat municipal lyonnais. Nathalie Perrin-Gilbert d\u00e9fend une gratuit\u00e9 totale \u00e0 terme et Jean-Michel Aulas promet la gratuit\u00e9 pour tous les Lyonnais gagnant moins de 2 500 euros net. Quelle est votre position ?<\/p>\n<p class=\" wall-content\"><strong class=\"color-primary\">V\u00e9ronique Sarselli : <\/strong>Sur le principe de la gratuit\u00e9, elle peut toujours se r\u00e9fl\u00e9chir mais selon moi ce n\u2019est absolument pas le probl\u00e8me du moment. Le probl\u00e8me du moment en mati\u00e8re de transport c\u2019est le fonctionnement du r\u00e9seau et la s\u00e9curit\u00e9. <\/p>\n<p>Les pannes sont \u00e0 r\u00e9p\u00e9tition notamment pour le m\u00e9tro. Les probl\u00e8mes sont fr\u00e9quents. Quand le m\u00e9tro est r\u00e9guli\u00e8rement en panne, ce sont des difficult\u00e9s pour les travailleurs, les \u00e9tudiants. Tout \u00e7a n\u2019est pas \u00e0 la hauteur d\u2019un r\u00e9seau pour la M\u00e9tropole de Lyon. Le combat du moment ce n\u2019est pas la gratuit\u00e9 des transports. <\/p>\n<p>La priorit\u00e9 c\u2019est son fonctionnement. Tout le monde est exasp\u00e9r\u00e9 !<\/p>\n<p>Il y a aussi l\u2019ins\u00e9curit\u00e9. On peut toujours se vanter des chiffres mais il y a encore la peur de prendre les transports notamment pour les femmes. Elles ont aussi peur pour leurs enfants&#8230; <\/p>\n<p>\u00ab\u00a0Sur le principe pourquoi ne pas r\u00e9fl\u00e9chir aux modalit\u00e9s de la gratuit\u00e9\u00a0\u00bb<\/p>\n<p class=\"ac-article-content__question wall-content\">Que pensez-vous de la proposition de Jean-Michel Aulas ?<\/p>\n<p class=\" wall-content\"><strong class=\"color-primary\">VS : <\/strong>A ce jour, il n\u2019est pas encore candidat \u00e0 la mairie de Lyon. Je suis candidate \u00e0 la pr\u00e9sidence de la M\u00e9tropole de Lyon. Je pense que ce n\u2019est pas le moment de parler de gratuit\u00e9. Un r\u00e9seau performant qui fonctionne au quotidien c&rsquo;est urgent.<\/p>\n<p>Aujourd\u2019hui la gratuit\u00e9 ce n\u2019est pas la priorit\u00e9 du moment. Mais sur le principe pourquoi ne pas r\u00e9fl\u00e9chir aux modalit\u00e9s de la gratuit\u00e9. <\/p>\n<p class=\"ac-article-content__question wall-content\">Vous d\u00e9noncez des pannes \u00e0 r\u00e9p\u00e9tition du m\u00e9tro. Bruno Bernard avance pourtant un chiffre de fonctionnement de 98,5%. L&rsquo;objectif est d&rsquo;\u00eatre \u00e0 99%, voire 99,5%, dit-il dans une interview publi\u00e9e vendredi sur actu Lyon&#8230;<\/p>\n<p class=\" wall-content\"><strong class=\"color-primary\">VS : <\/strong>Il y a une volont\u00e9 d\u2019humour d\u2019\u00e9voquer 98,5 ou 99,5 alors qu\u2019il n\u2019y a pas une semaine o\u00f9 il n\u2019y a pas de panne de m\u00e9tro ! Je r\u00e9agis vivement sur ce sujet. Il faut du 100%. Sur la s\u00e9curit\u00e9, on vante des chiffres qui s\u2019am\u00e9liorent mais quand \u00e7a tombe sur vous c&rsquo;est aussi du 100% pour les personnes concern\u00e9es par des agressions&#8230;<\/p>\n<p>Vid\u00e9os : en ce moment sur Actu\u00ab\u00a0On prendra en compte les contraintes financi\u00e8res du Sytral\u00a0\u00bb<\/p>\n<p class=\"ac-article-content__question wall-content\">Un rapport de la Chambre r\u00e9gionale des comptes sur la gestion du Sytral \u00e9voque le probl\u00e8me de la fraude sur le r\u00e9seau TCL, des finances saines mais menac\u00e9es par trop d&rsquo;endettement&#8230; Quel est votre commentaire sur ce rapport ?<\/p>\n<p class=\" wall-content\"><strong class=\"color-primary\">VS : <\/strong>Toute proposition que nous ferons, notamment un plan structurel de mobilit\u00e9s pour la M\u00e9tropole de Lyon, prendra en compte les contraintes financi\u00e8res du Sytral. On ne peut pas mettre de c\u00f4t\u00e9 la situation financi\u00e8re.<\/p>\n<p class=\"ac-article-content__question wall-content\">Quelles sont vos propositions pour am\u00e9liorer le r\u00e9seau existant et r\u00e9duire les pannes du m\u00e9tro par exemple ?<\/p>\n<p class=\" wall-content\"><strong class=\"color-primary\">VS : <\/strong>Nous ferons des proposition qui tiendront la route, le temps viendra. <\/p>\n<p class=\" wall-content\">Suivez toute l\u2019actualit\u00e9 de vos villes et m\u00e9dias favoris en vous inscrivant \u00e0 <a href=\"https:\/\/moncompte.actu.fr\" title=\"D\u00e9couvez Mon Actu\" rel=\"nofollow noopener\" data-trk=\"{&quot;cta&quot;:{&quot;action&quot;:&quot;https:\\\/\\\/moncompte.actu.fr&quot;,&quot;category&quot;:&quot;mon compte&quot;,&quot;from&quot;:&quot;article footer&quot;,&quot;name&quot;:&quot;Mon actu&quot;,&quot;type&quot;:&quot;cta&quot;}}\" target=\"_blank\">Mon Actu<\/a>.<\/p>\n","protected":false},"excerpt":{"rendered":"Par Nicolas Zaugra Publi\u00e9 le 10 juin 2025 \u00e0 18h52 ; mis \u00e0 jour le 10 juin 2025&hellip;\n","protected":false},"author":2,"featured_media":166550,"comment_status":"","ping_status":"","sticky":false,"template":"","format":"standard","meta":{"footnotes":""},"categories":[1889],"tags":[1111,11,2430,4188,1777,674,1011,27,8335,2428,3434,12,316,25,5787],"class_list":{"0":"post-166549","1":"post","2":"type-post","3":"status-publish","4":"format-standard","5":"has-post-thumbnail","7":"category-lyon","8":"tag-actu","9":"tag-actualites","10":"tag-auvergne-rhone-alpes","11":"tag-elections-municipales","12":"tag-eu","13":"tag-europe","14":"tag-fr","15":"tag-france","16":"tag-les-republicains-lr","17":"tag-lyon","18":"tag-municipales-2026","19":"tag-news","20":"tag-politique","21":"tag-republique-francaise","22":"tag-transports-en-commun-lyonnais-tcl"},"share_on_mastodon":{"url":"https:\/\/pubeurope.com\/@fr\/114661034796685102","error":""},"_links":{"self":[{"href":"https:\/\/www.europesays.com\/fr\/wp-json\/wp\/v2\/posts\/166549","targetHints":{"allow":["GET"]}}],"collection":[{"href":"https:\/\/www.europesays.com\/fr\/wp-json\/wp\/v2\/posts"}],"about":[{"href":"https:\/\/www.europesays.com\/fr\/wp-json\/wp\/v2\/types\/post"}],"author":[{"embeddable":true,"href":"https:\/\/www.europesays.com\/fr\/wp-json\/wp\/v2\/users\/2"}],"replies":[{"embeddable":true,"href":"https:\/\/www.europesays.com\/fr\/wp-json\/wp\/v2\/comments?post=166549"}],"version-history":[{"count":0,"href":"https:\/\/www.europesays.com\/fr\/wp-json\/wp\/v2\/posts\/166549\/revisions"}],"wp:featuredmedia":[{"embeddable":true,"href":"https:\/\/www.europesays.com\/fr\/wp-json\/wp\/v2\/media\/166550"}],"wp:attachment":[{"href":"https:\/\/www.europesays.com\/fr\/wp-json\/wp\/v2\/media?parent=166549"}],"wp:term":[{"taxonomy":"category","embeddable":true,"href":"https:\/\/www.europesays.com\/fr\/wp-json\/wp\/v2\/categories?post=166549"},{"taxonomy":"post_tag","embeddable":true,"href":"https:\/\/www.europesays.com\/fr\/wp-json\/wp\/v2\/tags?post=166549"}],"curies":[{"name":"wp","href":"https:\/\/api.w.org\/{rel}","templated":true}]}}