{"id":166577,"date":"2025-06-10T21:01:13","date_gmt":"2025-06-10T21:01:13","guid":{"rendered":"https:\/\/www.europesays.com\/fr\/166577\/"},"modified":"2025-06-10T21:01:13","modified_gmt":"2025-06-10T21:01:13","slug":"nous-on-a-toujours-tenu-une-ligne-claire-pourquoi-les-insoumis-mobilisent-autant-sur-gaza-liberation","status":"publish","type":"post","link":"https:\/\/www.europesays.com\/fr\/166577\/","title":{"rendered":"\u00abNous, on a toujours tenu une ligne claire\u00bb : pourquoi les insoumis mobilisent autant sur Gaza &#8211; Lib\u00e9ration"},"content":{"rendered":"<ol>\n<li><a href=\"https:\/\/news.google.com\/rss\/articles\/CBMi9AFBVV95cUxOUTUyWS1FNGNvZk8zblFGcThhUHlhTnF4eWZYQk9vY0dBNHVaR1BwNWRPbXNpeExZYnZXZkpTQWVlckJMSGs1TGZocXdlcmsySzJOeTlucmRRY2NNWWwtUkd2V1B5YjYxaGVCR3dRdXlKMjVCLXVXTjRTS2VaZk9rbmhUWS1odkMyYTB0YXJVSDBnUEgyYXB5MW5aQ2ZrRXVLandLVHV3QlM1OHMyMWdsd0g2NU9wRUFCbWw1dDNyMDRzVldoUW9LcjdVckdNa1IycVhKWGJpYTFNak8zM0lYVVdTTzVYMUxGSnBNRUdWbWIzQjBf?oc=5\" target=\"_blank\" rel=\"noopener\">\u00abNous, on a toujours tenu une ligne claire\u00bb : pourquoi les insoumis mobilisent autant sur Gaza<\/a>&nbsp;&nbsp;Lib\u00e9ration<\/li>\n<li><a href=\"https:\/\/news.google.com\/rss\/articles\/CBMixwFBVV95cUxOX0NoV2xRQXhwZmFQd0NLRmExY3d5Ynd6aTJpSmtNN1E5cUY1LWw1b1g2V2NlTDVQN1ppMWdBbF9FRFdwdnVCWHhudm5DY1B0cklQOHRBcWx0eGc0WDdSYlZ0eVo0Vzl1RVZjb0htem5DLTNWOFdRaDZtNmN6WVdBeVJMczQ1UVlRdTBDV3hWcEh4R0xULS1IblFOTFFJNjQ2VC1CMTN4REhwZTlRV0twVUxsdkxYUEU1SGtpUDNDMmRoUDRSQldn?oc=5\" target=\"_blank\" rel=\"noopener\">Capital sympathie, adaptabilit\u00e9, port\u00e9e du discours : entre Greta Thunberg et Rima Hassan, qui gagne ?<\/a>&nbsp;&nbsp;Marianne<\/li>\n<li><a href=\"https:\/\/news.google.com\/rss\/articles\/CBMiyAFBVV95cUxOSlRRdXh5WXprVzVVRll4RTZUY29FemRrb3ZEbldEN0hFQ28yalhkdEVlS0thanFXX1EzeUhYTUdMeWI2bEZTbGktV3ZnQzZ2YXUxZ2RrYURfcHZhY2Z4RF9kUFU2aDBzU0FwQkN6d1R0emZ5bXJsdzFSVkFuaG9mejRyN3k1ZU9Gd0xId2xnbHJrWS1YTnQxSmFrdklyNDFoR3JzVUQteWQyU3F0bFlzVWdPUFF4Um85ZXRaQlZrREN5cDB4OTZjNg?oc=5\" target=\"_blank\" rel=\"noopener\">Gaza : l\u2019op\u00e9ration de communication de Rima Hassan, la r\u00e9cup\u00e9ration de Jean-Luc M\u00e9lenchon<\/a>&nbsp;&nbsp;Le Figaro<\/li>\n<li><a href=\"https:\/\/news.google.com\/rss\/articles\/CBMitwFBVV95cUxPRXhNeWlrVzFYRWZkc1hSSUxDSzZ4R1J3TVVvQ0xZS1pPVWQ1QjY1dnUyZndwZEF4NVotWXJzV0VyNkNBM1Y3Rnhrd0ZYUjJ2SXZuOXNFSTR4UjVnSWNIQWtILTNtS3IyTW9NbXlaYjVUellTQzF1ckFUSG51UWRiQmlzVmRvZE82aE10OHEyOFNxS2hOdEo5VnlYTndmRm9KWlloYnBuOE4zYWNFWXlQVnkwZzZSc0XSAbwBQVVfeXFMTzVZR3BBcjJQaHZ6YkhaUDhHRmYzS0lGSnJWRmNVLW90WjdUVDF1WmVvbVBCNk4wVHhsRU82SmtDTnlfYlMxRnlBX0FiNEFkUkxKQlVRY2F5b2ZiWndJY19YS2NoVkZsVGZLejZGdmJvMXhVN2l6aG50Vk5MWmpLU1hoMEFPNjl3Ty1Fb1VPOVBHTThvYlNGTjVXaW1Ob2VDMmstY0NwQmR5Qzl1cFlnbUdaVm1ZQVh4UE9MNE0?oc=5\" target=\"_blank\" rel=\"noopener\">\u00abDepuis le 7-Octobre, LFI et une grande partie de l&rsquo;extr\u00eame gauche fran\u00e7aise ont d\u00e9cid\u00e9 de \u00ab\u00a0gazaouiser\u00a0\u00bb la politique\u00bb, observe Franz-Olivier Giesbert<\/a>&nbsp;&nbsp;CNews<\/li>\n<li><a href=\"https:\/\/news.google.com\/rss\/articles\/CBMirAJBVV95cUxQQXFyc3M0ZUQ5MEhFRXhIa29NZ01OR3lZRnNjTUUzMC1menEtRDJLVndUUkdLdVhGZFNZZXpzQ3p2TDVrT1RjS3MzeFdyU3BJQXRHQ2VyMEN6SkNkVWtGREhPQ0kwY1duYnNudFZPZFRfR2JtWFh2V3JDdFg4Q29tamFGNkRVT3ktRUZyV0xPSHQxNTBGYmQ5MTNtbXVCdENLRHJheWM5T1I3V1BVV0JZbVpGLWhUQnJGRVNaWG1RQ1lDMURuMW05UmVmMmtTaHNBUm9NbFR1SmVaWjJMZmNFMHdsbjBYdWRUeUhpbF81aFEzRkpsQXE3eU1IbXVkcGgtT3V3RkNmNlJ6eUh2dDZuMy1sY2JqTHgtaXl1b2h1dGdLSnlvSFBYWmlKUlU?oc=5\" target=\"_blank\" rel=\"noopener\">Greta Thunberg est \u00abune petite fille qui ne comprend rien \u00e0 ce qui se passe dans les affaires internationales\u00bb, estime S.E Joshua Zarka<\/a>&nbsp;&nbsp;europe1.fr<\/li>\n<\/ol>\n","protected":false},"excerpt":{"rendered":"\u00abNous, on a toujours tenu une ligne claire\u00bb : pourquoi les insoumis mobilisent autant sur Gaza&nbsp;&nbsp;Lib\u00e9ration Capital sympathie,&hellip;\n","protected":false},"author":2,"featured_media":166578,"comment_status":"","ping_status":"","sticky":false,"template":"","format":"standard","meta":{"footnotes":""},"categories":[2],"tags":[11,1011,27,3517,3522,3523,3081,780,12,25,15442],"class_list":{"0":"post-166577","1":"post","2":"type-post","3":"status-publish","4":"format-standard","5":"has-post-thumbnail","7":"category-actualites","8":"tag-actualites","9":"tag-fr","10":"tag-france","11":"tag-gaza-l-escalade","12":"tag-guerre-hamas-israel","13":"tag-israel-palestine-conflit","14":"tag-jean-luc-melenchon","15":"tag-lfi","16":"tag-news","17":"tag-republique-francaise","18":"tag-rima-hassan"},"share_on_mastodon":{"url":"https:\/\/pubeurope.com\/@fr\/114661089925133046","error":""},"_links":{"self":[{"href":"https:\/\/www.europesays.com\/fr\/wp-json\/wp\/v2\/posts\/166577","targetHints":{"allow":["GET"]}}],"collection":[{"href":"https:\/\/www.europesays.com\/fr\/wp-json\/wp\/v2\/posts"}],"about":[{"href":"https:\/\/www.europesays.com\/fr\/wp-json\/wp\/v2\/types\/post"}],"author":[{"embeddable":true,"href":"https:\/\/www.europesays.com\/fr\/wp-json\/wp\/v2\/users\/2"}],"replies":[{"embeddable":true,"href":"https:\/\/www.europesays.com\/fr\/wp-json\/wp\/v2\/comments?post=166577"}],"version-history":[{"count":0,"href":"https:\/\/www.europesays.com\/fr\/wp-json\/wp\/v2\/posts\/166577\/revisions"}],"wp:featuredmedia":[{"embeddable":true,"href":"https:\/\/www.europesays.com\/fr\/wp-json\/wp\/v2\/media\/166578"}],"wp:attachment":[{"href":"https:\/\/www.europesays.com\/fr\/wp-json\/wp\/v2\/media?parent=166577"}],"wp:term":[{"taxonomy":"category","embeddable":true,"href":"https:\/\/www.europesays.com\/fr\/wp-json\/wp\/v2\/categories?post=166577"},{"taxonomy":"post_tag","embeddable":true,"href":"https:\/\/www.europesays.com\/fr\/wp-json\/wp\/v2\/tags?post=166577"}],"curies":[{"name":"wp","href":"https:\/\/api.w.org\/{rel}","templated":true}]}}