{"id":166581,"date":"2025-06-10T21:03:17","date_gmt":"2025-06-10T21:03:17","guid":{"rendered":"https:\/\/www.europesays.com\/fr\/166581\/"},"modified":"2025-06-10T21:03:17","modified_gmt":"2025-06-10T21:03:17","slug":"macron-defend-son-bilan-ecologique-sur-france-2-face-aux-reculs-et-aux-critiques","status":"publish","type":"post","link":"https:\/\/www.europesays.com\/fr\/166581\/","title":{"rendered":"Macron d\u00e9fend son bilan \u00e9cologique sur France 2, face aux reculs et aux critiques"},"content":{"rendered":"<p>Apr\u00e8s quatre jours \u00e0 tenter d&rsquo;incarner le combat \u00e9cologique sur la sc\u00e8ne internationale, Emmanuel Macron a d\u00e9fendu bec et ongles, ce mardi soir 10 juin, son bilan environnemental en France, souvent jug\u00e9 insuffisant et maintenant d\u00e9tricot\u00e9 y compris par certains dans son propre camp.<\/p>\n<p>Point d&rsquo;orgue d&rsquo;une s\u00e9quence qui l&rsquo;a vu en porte-parole de la cause des oc\u00e9ans \u00e0 Monaco puis \u00e0 Nice, pour une conf\u00e9rence internationale de l&rsquo;ONU qu&rsquo;il copr\u00e9sidait avec le Costa Rica : une \u00e9mission t\u00e9l\u00e9vis\u00e9e sur France 2 mardi en prime time, pr\u00e9sent\u00e9e par L\u00e9a Salam\u00e9 et Hugo Cl\u00e9ment depuis la Promenade des Anglais. \u00ab\u00a0Je n&rsquo;ai pas de le\u00e7on \u00e0 recevoir\u00a0\u00bb, a martel\u00e9 le chef de l&rsquo;Etat face aux questions sur certains reculs de son bilan, par exemple sur l&rsquo;herbicide glyphosate qu&rsquo;il avait promis d&rsquo;interdire en 2017 avant d&rsquo;y renoncer deux ans plus tard.<\/p>\n<p>\u00ab\u00a0Ce que j&rsquo;adore le plus, c&rsquo;est les journalistes qui pendant huit ans ont dit +il n&rsquo;a pas de bilan \u00e9cologique+ et qui maintenant disent +il d\u00e9tricote son bilan \u00e9cologique+\u00a0\u00bb, s&rsquo;est-il agac\u00e9. Pri\u00e9 de r\u00e9agir au cas de son ex-ministre et proche Christophe Castaner, recrut\u00e9 par l&rsquo;entreprise Shein, point\u00e9e du doigt dans les d\u00e9bats sur la \u00ab\u00a0fast fashion\u00a0\u00bb, il s&rsquo;est aussi emport\u00e9 : \u00ab\u00a0C&rsquo;est un peu nul ce que vous faites\u00a0\u00bb, a-t-il l\u00e2ch\u00e9 \u00e0 Hugo Cl\u00e9ment, regrettant qu&rsquo;il soit mis \u00ab\u00a0au pilori\u00a0\u00bb.<\/p>\n<p>En d\u00e9but d&rsquo;\u00e9mission, Emmanuel Macron a plusieurs fois d\u00e9plor\u00e9 d&rsquo;\u00eatre interrog\u00e9 sur ces points controvers\u00e9s avant de parler des oc\u00e9ans, th\u00e8me de la soir\u00e9e. Car l\u00e0-dessus, son message est clair. \u00ab\u00a0Nice, vraiment, est un succ\u00e8s\u00a0\u00bb, a-t-il revendiqu\u00e9. \u00ab\u00a0Alors que les vents mauvais se sont remis \u00e0 souffler pour \u00e9carter toutes les questions climatiques, environnementales ou de biodiversit\u00e9 de l&rsquo;agenda international, jamais la communaut\u00e9 internationale n&rsquo;avait mobilis\u00e9 autant de chefs d&rsquo;\u00c9tat et de gouvernement, autant de pays pour nos oc\u00e9ans\u00a0\u00bb, s&rsquo;\u00e9tait-il f\u00e9licit\u00e9 d\u00e8s la veille en conf\u00e9rence de presse.<\/p>\n<p>Depuis lundi, il a mis en avant les ratifications engrang\u00e9es, et les engagements d&rsquo;autres pays, qui permettront selon lui une entr\u00e9e en vigueur au 1er janvier 2026 du trait\u00e9 de protection de la haute mer &#8212; un r\u00e9sultat qui devra \u00eatre v\u00e9rifi\u00e9 \u00e0 l&rsquo;automne.<\/p>\n<p>\u00ab\u00a0Une mar\u00e9e d&rsquo;espoir et un grand motif de c\u00e9l\u00e9bration\u00a0\u00bb, a salu\u00e9 Rebecca Hubbard, directrice de la High Seas Alliance, une organisation non gouvernementale.<\/p>\n<p>Sur l&rsquo;autre avanc\u00e9e de la conf\u00e9rence, l&rsquo;extension des aires marines prot\u00e9g\u00e9es annonc\u00e9es par plusieurs pays dont la France, l&rsquo;accueil a \u00e9t\u00e9 en revanche plus sceptique.\u00a0 Pour Nicolas Fournier de l&rsquo;ONG am\u00e9ricaine Oceana, \u00ab\u00a0le pr\u00e9sident \u00ab\u00a0a fait na\u00eetre l&rsquo;espoir que le gouvernement fran\u00e7ais agisse enfin contre le chalutage de fond dans les aires marines prot\u00e9g\u00e9es, mais ces annonces sont plus symboliques qu&rsquo;efficaces\u00a0\u00bb.\u00a0\u00ab\u00a0Emmanuel Macron a ainsi malheureusement rat\u00e9 l&rsquo;opportunit\u00e9 de montrer qu\u2019il se souciait autant des oc\u00e9ans que de son image de pionnier sur la sc\u00e8ne internationale\u00a0\u00bb, a rench\u00e9ri, plus tranchant, Fran\u00e7ois Chartier de Greenpeace France.<\/p>\n<p>Au-del\u00e0, le chef de l&rsquo;Etat a mis en avant son volontarisme en mati\u00e8re de diplomatie climatique pour montrer qu&rsquo;il \u00ab\u00a0continue d&rsquo;agir\u00a0\u00bb, un an apr\u00e8s la dissolution de l&rsquo;Assembl\u00e9e nationale qui l&rsquo;a priv\u00e9 durablement de majorit\u00e9 et lui a fait perdre grand nombre de leviers sur la sc\u00e8ne nationale. Repli\u00e9 sur ses pr\u00e9rogatives internationales et r\u00e9galiennes, Emmanuel Macron a plusieurs fois ces derniers jours critiqu\u00e9 le d\u00e9sengagement am\u00e9ricain en mati\u00e8re climatique. Alors qu&rsquo;il se rend dimanche au Groenland, territoire autonome du Danemark convoit\u00e9 par Donald Trump, il a affirm\u00e9 vouloir y \u00e9viter toute \u00ab\u00a0pr\u00e9dation\u00a0\u00bb et toute \u00ab\u00a0menace\u00a0\u00bb. Mais il a aussi \u00e9gratign\u00e9 des d\u00e9cisions prises par le Parlement ou le gouvernement fran\u00e7ais qui d\u00e9tricotent son bilan \u00e9cologique d\u00e9j\u00e0 jug\u00e9 insuffisant par de nombreux d\u00e9fenseurs de l&rsquo;environnement.<\/p>\n<p>\u00ab\u00a0On a aujourd&rsquo;hui une remise en cause aussi de la priorit\u00e9 dans le d\u00e9bat public donn\u00e9e au climat, y compris d&rsquo;ailleurs en France\u00a0\u00bb, a-t-il lanc\u00e9 \u00e0 Nice, d\u00e9non\u00e7ant une \u00ab\u00a0\u00e9norme erreur\u00a0\u00bb. Un \u00ab\u00a0coup de gueule\u00a0\u00bb r\u00e9it\u00e9r\u00e9 mardi sur France 2, en appelant le gouvernement et le Parlement \u00e0 ne \u00ab\u00a0rien rel\u00e2cher de l&rsquo;effort\u00a0\u00bb. En cause, la suspension des aides \u00e0 la r\u00e9novation \u00e9nerg\u00e9tique MaPrimeR\u00e9nov&rsquo;, la fin des zones \u00e0 faibles \u00e9missions (ZFE) qui restreignent la circulation des v\u00e9hicules tr\u00e8s polluants, ou encore le retour envisag\u00e9 \u00e0 l&rsquo;usage de pesticides dangereux.<\/p>\n<p>Mais cette posture autoproclam\u00e9e de \u00ab\u00a0vigie\u00a0\u00bb n&rsquo;a toutefois pas convaincu. \u00ab\u00a0Le pr\u00e9sident semble avoir honte de ses reculs \u00e9colos. Il peut. O\u00f9 \u00e9tait-il quand l&rsquo;\u00e9cologie \u00e9tait sabr\u00e9e dans le budget et quand ses d\u00e9put\u00e9s votaient contre l&rsquo;\u00e9cologie?\u00a0\u00bb, a critiqu\u00e9 lundi la cheffe des Ecologistes Marine Tondelier.<\/p>\n","protected":false},"excerpt":{"rendered":"Apr\u00e8s quatre jours \u00e0 tenter d&rsquo;incarner le combat \u00e9cologique sur la sc\u00e8ne internationale, Emmanuel Macron a d\u00e9fendu bec&hellip;\n","protected":false},"author":2,"featured_media":166582,"comment_status":"","ping_status":"","sticky":false,"template":"","format":"standard","meta":{"footnotes":""},"categories":[4],"tags":[17,11,3783,19234,15332,436,1011,27,11514,12,25,3711,3356],"class_list":{"0":"post-166581","1":"post","2":"type-post","3":"status-publish","4":"format-standard","5":"has-post-thumbnail","7":"category-france","8":"tag-17","9":"tag-actualites","10":"tag-bilan","11":"tag-defend","12":"tag-ecologique","13":"tag-environnement","14":"tag-fr","15":"tag-france","16":"tag-macron","17":"tag-news","18":"tag-republique-francaise","19":"tag-son","20":"tag-sur"},"share_on_mastodon":{"url":"https:\/\/pubeurope.com\/@fr\/114661097727382314","error":""},"_links":{"self":[{"href":"https:\/\/www.europesays.com\/fr\/wp-json\/wp\/v2\/posts\/166581","targetHints":{"allow":["GET"]}}],"collection":[{"href":"https:\/\/www.europesays.com\/fr\/wp-json\/wp\/v2\/posts"}],"about":[{"href":"https:\/\/www.europesays.com\/fr\/wp-json\/wp\/v2\/types\/post"}],"author":[{"embeddable":true,"href":"https:\/\/www.europesays.com\/fr\/wp-json\/wp\/v2\/users\/2"}],"replies":[{"embeddable":true,"href":"https:\/\/www.europesays.com\/fr\/wp-json\/wp\/v2\/comments?post=166581"}],"version-history":[{"count":0,"href":"https:\/\/www.europesays.com\/fr\/wp-json\/wp\/v2\/posts\/166581\/revisions"}],"wp:featuredmedia":[{"embeddable":true,"href":"https:\/\/www.europesays.com\/fr\/wp-json\/wp\/v2\/media\/166582"}],"wp:attachment":[{"href":"https:\/\/www.europesays.com\/fr\/wp-json\/wp\/v2\/media?parent=166581"}],"wp:term":[{"taxonomy":"category","embeddable":true,"href":"https:\/\/www.europesays.com\/fr\/wp-json\/wp\/v2\/categories?post=166581"},{"taxonomy":"post_tag","embeddable":true,"href":"https:\/\/www.europesays.com\/fr\/wp-json\/wp\/v2\/tags?post=166581"}],"curies":[{"name":"wp","href":"https:\/\/api.w.org\/{rel}","templated":true}]}}