{"id":166585,"date":"2025-06-10T21:05:12","date_gmt":"2025-06-10T21:05:12","guid":{"rendered":"https:\/\/www.europesays.com\/fr\/166585\/"},"modified":"2025-06-10T21:05:12","modified_gmt":"2025-06-10T21:05:12","slug":"le-mendois-joris-seddik-toujours-plus-haut-il-rejoint-le-club-de-volley-de-piacenza-dans-le-tres-releve-championnat-italien","status":"publish","type":"post","link":"https:\/\/www.europesays.com\/fr\/166585\/","title":{"rendered":"Le Mendois Joris Seddik, toujours plus haut\u00a0: il rejoint le club de volley de Piacenza, dans le tr\u00e8s relev\u00e9 championnat italien"},"content":{"rendered":"<p>\n                                                                Il a fait ses premiers pas sur un parquet \u00e0 Mende, au sein du MVL, \u00e0 l\u2019\u00e2ge de 13 ans. Joris Seddik, devenu pro \u00e0 Montpellier, met maintenant le cap sur l\u2019Italie.\n                            <\/p>\n<p>Le volleyeur mendois Joris Seddik poursuit son incroyable parcours dans le milieu du volley-ball professionnel. Depuis ses premiers pas sur un parquet, \u00e0 Mende, au sein du Mende Volley Loz\u00e8re, \u00e0 l\u2019\u00e2ge de 13 ans, il franchit les \u00e9tapes les unes apr\u00e8s les autres.<\/p>\n<p>\u00ab\u00a0Mon objectif\u00a0\u00bb<\/p>\n<p>On le savait en route pour le championnat italien. Son objectif, tel qu\u2019il le confiait d\u00e9j\u00e0 \u00e0 Midi Libre en 2023\u00a0: \u00ab\u00a0Mon objectif, c\u2019est le championnat italien, c\u2019est un championnat tr\u00e8s fort, tr\u00e8s puissant.\u00a0\u00bb\u00a0Le club de Piacenza vient de confirmer officiellement, sur les r\u00e9seaux sociaux, l\u2019arriv\u00e9e du central fran\u00e7ais.<\/p>\n<blockquote data-instgrm-captioned=\"\" data-instgrm-permalink=\"https:\/\/www.instagram.com\/reel\/DKtr8e6s9NO\/?utm_source=ig_embed&amp;utm_campaign=loading\" data-instgrm-version=\"14\" style=\" background:#FFF; border:0; border-radius:3px; box-shadow:0 0 1px 0 rgba(0,0,0,0.5),0 1px 10px 0 rgba(0,0,0,0.15); margin: 1px; max-width:540px; min-width:326px; padding:0; width:99.375%; width:-webkit-calc(100% - 2px); width:calc(100% - 2px);\" data-class=\"instagram-media\"\/>\n<p>\u00ab\u00a0Maintenant que cela\u00a0s\u2019est r\u00e9alis\u00e9, j\u2019ai h\u00e2te d\u2019aller apprendre\u00a0leur volley\u00a0\u00bb, confie Joris Seddik, qui glisse qu\u2019il essaiera de \u00ab\u00a0leur apporter une fra\u00eecheur fran\u00e7aise sur le terrain\u00a0\u00bb et de mettre ses comp\u00e9tences au profit de l\u2019\u00e9quipe.<\/p>\n<p>\u00c0\u00a019 ans, le Mendois quitte donc Montpellier et le championnat de France. Il\u00a0s\u2019appr\u00eate \u00e0 relever un nouveau d\u00e9fi d\u2019envergure, dans un des championnats de volley les plus relev\u00e9s au monde, et au sein d\u2019un des clubs les plus renomm\u00e9s.<\/p>\n<p class=\"std-elt__inline\">\n        <strong>\u00c0 lire aussi :<\/strong><br \/>\n        <a href=\"https:\/\/www.midilibre.fr\/2024\/07\/11\/le-mendois-joris-seddik-en-or-avec-lequipe-de-france-de-volley-cest-exceptionnel-jai-du-mal-a-realiser-12076631.php\" rel=\"nofollow noopener\" target=\"_blank\">Le Mendois Joris Seddik, en or avec l&rsquo;\u00e9quipe de France de volley : \u00ab\u00a0C&rsquo;est exceptionnel, j&rsquo;ai du mal \u00e0 r\u00e9aliser\u00a0\u00bb<\/a>\n    <\/p>\n<p class=\"std-elt__inline\">\n        <strong>\u00c0 lire aussi :<\/strong><br \/>\n        <a href=\"https:\/\/www.midilibre.fr\/2023\/08\/18\/joris-seddik-un-mendois-champion-olympique-et-champion-du-monde-u19-de-volley-ball-11402412.php\" rel=\"nofollow noopener\" target=\"_blank\">Joris Seddik, un Mendois champion olympique et champion du monde U19 de volley-ball<\/a>\n    <\/p>\n<p>                                                                                                                                                                                                        <script async src=\"\/\/www.instagram.com\/embed.js\"><\/script><\/p>\n","protected":false},"excerpt":{"rendered":"Il a fait ses premiers pas sur un parquet \u00e0 Mende, au sein du MVL, \u00e0 l\u2019\u00e2ge de&hellip;\n","protected":false},"author":2,"featured_media":166586,"comment_status":"","ping_status":"","sticky":false,"template":"","format":"standard","meta":{"footnotes":""},"categories":[1417],"tags":[1011,27,60,1470,1469],"class_list":{"0":"post-166585","1":"post","2":"type-post","3":"status-publish","4":"format-standard","5":"has-post-thumbnail","7":"category-volley","8":"tag-fr","9":"tag-france","10":"tag-sports","11":"tag-volley","12":"tag-volleyball"},"share_on_mastodon":{"url":"https:\/\/pubeurope.com\/@fr\/114661105552903307","error":""},"_links":{"self":[{"href":"https:\/\/www.europesays.com\/fr\/wp-json\/wp\/v2\/posts\/166585","targetHints":{"allow":["GET"]}}],"collection":[{"href":"https:\/\/www.europesays.com\/fr\/wp-json\/wp\/v2\/posts"}],"about":[{"href":"https:\/\/www.europesays.com\/fr\/wp-json\/wp\/v2\/types\/post"}],"author":[{"embeddable":true,"href":"https:\/\/www.europesays.com\/fr\/wp-json\/wp\/v2\/users\/2"}],"replies":[{"embeddable":true,"href":"https:\/\/www.europesays.com\/fr\/wp-json\/wp\/v2\/comments?post=166585"}],"version-history":[{"count":0,"href":"https:\/\/www.europesays.com\/fr\/wp-json\/wp\/v2\/posts\/166585\/revisions"}],"wp:featuredmedia":[{"embeddable":true,"href":"https:\/\/www.europesays.com\/fr\/wp-json\/wp\/v2\/media\/166586"}],"wp:attachment":[{"href":"https:\/\/www.europesays.com\/fr\/wp-json\/wp\/v2\/media?parent=166585"}],"wp:term":[{"taxonomy":"category","embeddable":true,"href":"https:\/\/www.europesays.com\/fr\/wp-json\/wp\/v2\/categories?post=166585"},{"taxonomy":"post_tag","embeddable":true,"href":"https:\/\/www.europesays.com\/fr\/wp-json\/wp\/v2\/tags?post=166585"}],"curies":[{"name":"wp","href":"https:\/\/api.w.org\/{rel}","templated":true}]}}