{"id":166587,"date":"2025-06-10T21:06:23","date_gmt":"2025-06-10T21:06:23","guid":{"rendered":"https:\/\/www.europesays.com\/fr\/166587\/"},"modified":"2025-06-10T21:06:23","modified_gmt":"2025-06-10T21:06:23","slug":"nrl-direction-super-league-pour-tom-trbojevic-rugby-a-xiii","status":"publish","type":"post","link":"https:\/\/www.europesays.com\/fr\/166587\/","title":{"rendered":"NRL &#8211; Direction Super League pour Tom Trbojevic ? &#8211; Rugby \u00e0 XIII"},"content":{"rendered":"<p style=\"text-align: justify;\"><strong>Agent libre en 2027, l\u2019arri\u00e8re star des Sea Eagles a laiss\u00e9 entendre qu\u2019il pourrait rejoindre la Super League \u00e0 l\u2019issue de son contrat.<\/strong><\/p>\n<p style=\"text-align: justify;\">La nouvelle a fait l\u2019effet d\u2019une petite bombe dans la plan\u00e8te XIII. Au club depuis tout jeune o\u00f9 il a fait ses d\u00e9buts en 2015, \u201cTrbo\u201d y est devenu un incontournable en NRL. Pas \u00e9pargn\u00e9 par les blessures au fil des ann\u00e9es, il s\u2019est impos\u00e9 comme l\u2019un des meilleurs arri\u00e8res de la ligue. Comme en t\u00e9moigne son ann\u00e9e 2021 \u00e0 28 essais et 28 passes en seulement 18 matchs disput\u00e9s et o\u00f9 Manly \u00e9choue aux portes de la finale.<\/p>\n<p style=\"text-align: justify;\">Et pourquoi la Super League ? Parce que Tom ne se voit tout simplement pas jouer contre les Sea Eagles sous le maillot d\u2019une autre franchise. C\u2019est donc Manly ou rien, plut\u00f4t simple non ? Pas vraiment, car il ne veut pas non plus que d\u2019autres joueurs s\u2019en aillent \u00e0 cause de lui et surtout de son \u00e9norme salaire. Alors, gros effort financier ou nouvelle aventure en Super League ? L\u2019avenir nous le dira\u2026<\/p>\n<blockquote class=\"instagram-media\" data-instgrm-captioned=\"\" data-instgrm-permalink=\"https:\/\/www.instagram.com\/p\/DKeCeMfhE15\/?utm_source=ig_embed&amp;utm_campaign=loading\" data-instgrm-version=\"14\" style=\" background:#FFF; border:0; border-radius:3px; box-shadow:0 0 1px 0 rgba(0,0,0,0.5),0 1px 10px 0 rgba(0,0,0,0.15); margin: 1px; max-width:500px; min-width:326px; padding:0; width:99.375%; width:-webkit-calc(100% - 2px); width:calc(100% - 2px);\">\n<\/blockquote>\n<p>        <script async src=\"\/\/www.instagram.com\/embed.js\"><\/script><\/p>\n","protected":false},"excerpt":{"rendered":"Agent libre en 2027, l\u2019arri\u00e8re star des Sea Eagles a laiss\u00e9 entendre qu\u2019il pourrait rejoindre la Super League&hellip;\n","protected":false},"author":2,"featured_media":166588,"comment_status":"","ping_status":"","sticky":false,"template":"","format":"standard","meta":{"footnotes":""},"categories":[1416],"tags":[1011,27,30007,4473,479,2228,1468,2229,60,4474,30008],"class_list":{"0":"post-166587","1":"post","2":"type-post","3":"status-publish","4":"format-standard","5":"has-post-thumbnail","7":"category-rugby","8":"tag-fr","9":"tag-france","10":"tag-manly-sea-eagles","11":"tag-nrl","12":"tag-rugby","13":"tag-rugby-a-xiii","14":"tag-rugby-football","15":"tag-rugby-league","16":"tag-sports","17":"tag-super-league","18":"tag-tom-trbojevic"},"share_on_mastodon":{"url":"https:\/\/pubeurope.com\/@fr\/114661109511619278","error":""},"_links":{"self":[{"href":"https:\/\/www.europesays.com\/fr\/wp-json\/wp\/v2\/posts\/166587","targetHints":{"allow":["GET"]}}],"collection":[{"href":"https:\/\/www.europesays.com\/fr\/wp-json\/wp\/v2\/posts"}],"about":[{"href":"https:\/\/www.europesays.com\/fr\/wp-json\/wp\/v2\/types\/post"}],"author":[{"embeddable":true,"href":"https:\/\/www.europesays.com\/fr\/wp-json\/wp\/v2\/users\/2"}],"replies":[{"embeddable":true,"href":"https:\/\/www.europesays.com\/fr\/wp-json\/wp\/v2\/comments?post=166587"}],"version-history":[{"count":0,"href":"https:\/\/www.europesays.com\/fr\/wp-json\/wp\/v2\/posts\/166587\/revisions"}],"wp:featuredmedia":[{"embeddable":true,"href":"https:\/\/www.europesays.com\/fr\/wp-json\/wp\/v2\/media\/166588"}],"wp:attachment":[{"href":"https:\/\/www.europesays.com\/fr\/wp-json\/wp\/v2\/media?parent=166587"}],"wp:term":[{"taxonomy":"category","embeddable":true,"href":"https:\/\/www.europesays.com\/fr\/wp-json\/wp\/v2\/categories?post=166587"},{"taxonomy":"post_tag","embeddable":true,"href":"https:\/\/www.europesays.com\/fr\/wp-json\/wp\/v2\/tags?post=166587"}],"curies":[{"name":"wp","href":"https:\/\/api.w.org\/{rel}","templated":true}]}}