{"id":16659,"date":"2025-04-11T06:26:30","date_gmt":"2025-04-11T06:26:30","guid":{"rendered":"https:\/\/www.europesays.com\/fr\/16659\/"},"modified":"2025-04-11T06:26:30","modified_gmt":"2025-04-11T06:26:30","slug":"football-national-2-18-000-supporters-attendus-pour-le-match-entre-bordeaux-et-saint-malo","status":"publish","type":"post","link":"https:\/\/www.europesays.com\/fr\/16659\/","title":{"rendered":"Football. National 2\u00a0: 18\u00a0000\u00a0supporters attendus pour le match entre Bordeaux et Saint-Malo\u00a0? ."},"content":{"rendered":"<p>C\u2019est un choc au sommet qui s\u2019appr\u00eate \u00e0 se d\u00e9rouler, ce samedi 12\u00a0avril. Les Girondins de Bordeaux (3es) re\u00e7oivent le leader, <a href=\"https:\/\/saint-malo.maville.com\/sport\/detail_-football.-n2-les-matches-a-enjeux-seront-forcement-serres-saint-malo-garde-le-cap-_7-6754636_actu.Htm\" target=\"_blank\" rel=\"noopener\">Saint-Malo<\/a>, qui compte six points d\u2019avance, pour le compte de la 25e journ\u00e9e de National 2 (18\u00a0h). Et avec d\u00e9j\u00e0 12\u00a0000\u00a0billets vendus et un kop Ultramarines au virage Sud d\u00e9j\u00e0 complet, l\u2019affiche semble s\u00e9duire. Si bien que le club bordelais, qui doit s\u2019imposer pour continuer \u00e0 viser la mont\u00e9e, a d\u00e9cid\u00e9 de rehausser la jauge \u00e0 18\u00a0000\u00a0personnes, pr\u00e9cisaient nos confr\u00e8res de  <a href=\"https:\/\/www.sudouest.fr\/sport\/football\/girondins-de-bordeaux\/girondins-de-bordeaux-18-000-spectateurs-pour-le-choc-de-national-2-face-a-saint-malo-samedi-23954952.php\" target=\"_blank\" rel=\"noopener\">Sud-Ouest<\/a> , ce mardi 8\u00a0avril.<\/p>\n<p>20\u00a0000\u00a0spectateurs en CFA, record \u00e0 battre<\/p>\n<p><strong>Lire aussi\u00a0:<\/strong>\u00a0<a href=\"https:\/\/saint-malo.maville.com\/sport\/detail_--apporter-des-elements-sur-l-adversaire-kevin-auffray-travailleur-de-l-ombre-a-l-us-saint-malo-_52701-6750038_actu.Htm\" target=\"_blank\" rel=\"noopener\">\u00ab\u00a0Apporter des \u00e9l\u00e9ments sur l\u2019adversaire\u00a0\u00bb\u00a0: K\u00e9vin Auffray, travailleur de l\u2019ombre \u00e0 l\u2019US Saint-Malo<\/a><\/p>\n<p>Depuis le d\u00e9but de la saison, les Girondins repr\u00e9sentent la meilleure affluence de National 2\u00a0avec entre 10\u00a0000\u00a0et 11\u00a0000 billets vendus (abonnements compris) par rencontre au Matmut Atlantique. Des chiffres impressionnants mais pas assez \u00e9lev\u00e9s pour battre le <a href=\"https:\/\/www.ouest-france.fr\/sport\/foot-insolite-le-rc-strasbourg-attire-20000-spectateurs-en-cfa-208697\" target=\"_blank\" rel=\"noopener\">record d\u00e9tenu par Strasbourg<\/a>. En 2013, plus de 20\u00a0000\u00a0spectateurs s\u2019\u00e9taient rendus au stade de la Meinau \u00e0 l\u2019occasion du derby entre les Strasbourgeois et Mulhouse, en CFA.<\/p>\n<p>\u00a0<\/p>\n<p>\u00a0<\/p>\n","protected":false},"excerpt":{"rendered":"C\u2019est un choc au sommet qui s\u2019appr\u00eate \u00e0 se d\u00e9rouler, ce samedi 12\u00a0avril. Les Girondins de Bordeaux (3es)&hellip;\n","protected":false},"author":2,"featured_media":16660,"comment_status":"","ping_status":"","sticky":false,"template":"","format":"standard","meta":{"footnotes":""},"categories":[2817],"tags":[1111,11,3809,1465,1997,1777,674,63,1011,27,1792,1922,1781,12,2219,25,479,517,1470],"class_list":{"0":"post-16659","1":"post","2":"type-post","3":"status-publish","4":"format-standard","5":"has-post-thumbnail","7":"category-bordeaux","8":"tag-actu","9":"tag-actualites","10":"tag-ball","11":"tag-basket","12":"tag-bordeaux","13":"tag-eu","14":"tag-europe","15":"tag-football","16":"tag-fr","17":"tag-france","18":"tag-handball","19":"tag-info","20":"tag-lorient","21":"tag-news","22":"tag-nouvelle-aquitaine","23":"tag-republique-francaise","24":"tag-rugby","25":"tag-sport","26":"tag-volley"},"share_on_mastodon":{"url":"https:\/\/pubeurope.com\/@fr\/114317910592132257","error":""},"_links":{"self":[{"href":"https:\/\/www.europesays.com\/fr\/wp-json\/wp\/v2\/posts\/16659","targetHints":{"allow":["GET"]}}],"collection":[{"href":"https:\/\/www.europesays.com\/fr\/wp-json\/wp\/v2\/posts"}],"about":[{"href":"https:\/\/www.europesays.com\/fr\/wp-json\/wp\/v2\/types\/post"}],"author":[{"embeddable":true,"href":"https:\/\/www.europesays.com\/fr\/wp-json\/wp\/v2\/users\/2"}],"replies":[{"embeddable":true,"href":"https:\/\/www.europesays.com\/fr\/wp-json\/wp\/v2\/comments?post=16659"}],"version-history":[{"count":0,"href":"https:\/\/www.europesays.com\/fr\/wp-json\/wp\/v2\/posts\/16659\/revisions"}],"wp:featuredmedia":[{"embeddable":true,"href":"https:\/\/www.europesays.com\/fr\/wp-json\/wp\/v2\/media\/16660"}],"wp:attachment":[{"href":"https:\/\/www.europesays.com\/fr\/wp-json\/wp\/v2\/media?parent=16659"}],"wp:term":[{"taxonomy":"category","embeddable":true,"href":"https:\/\/www.europesays.com\/fr\/wp-json\/wp\/v2\/categories?post=16659"},{"taxonomy":"post_tag","embeddable":true,"href":"https:\/\/www.europesays.com\/fr\/wp-json\/wp\/v2\/tags?post=16659"}],"curies":[{"name":"wp","href":"https:\/\/api.w.org\/{rel}","templated":true}]}}