{"id":166596,"date":"2025-06-10T21:12:09","date_gmt":"2025-06-10T21:12:09","guid":{"rendered":"https:\/\/www.europesays.com\/fr\/166596\/"},"modified":"2025-06-10T21:12:09","modified_gmt":"2025-06-10T21:12:09","slug":"le-psg-retient-massy-et-poissy-pour-son-futur","status":"publish","type":"post","link":"https:\/\/www.europesays.com\/fr\/166596\/","title":{"rendered":"Le PSG retient Massy et Poissy pour son futur &#8230;"},"content":{"rendered":"<p>Le <strong>Paris Saint-Germain<\/strong> entre dans une<br \/>\nnouvelle phase de son d\u00e9veloppement avec l\u2019annonce officielle de<br \/>\nl\u2019approfondissement de ses \u00e9tudes exploratoires pour l\u2019implantation<br \/>\nde son futur stade. Deux villes franciliennes sont d\u00e9sormais \u00e0<br \/>\nl\u2019\u00e9tude : Massy et Poissy.<\/p>\n<p>Par le biais d\u2019un communiqu\u00e9 officiel, le <strong>PSG<\/strong> a<br \/>\ntranch\u00e9 et annonc\u00e9 avoir garder les villes de Massy (91) et Poissy<br \/>\n(78) pour la construction d\u2019un nouveau stade. Fra\u00eechement sacr\u00e9<br \/>\nchampion d\u2019Europe, le club de la capitale entend capitaliser sur ce<br \/>\nsucc\u00e8s pour continuer sa croissance. Dans une d\u00e9claration claire,<br \/>\npar le biais d\u2019un communiqu\u00e9 officiel, <strong>Victoriano<br \/>\nMelero<\/strong>, Directeur G\u00e9n\u00e9ral du <strong>PSG<\/strong>, r\u00e9sume<br \/>\nl\u2019ambition : \u00ab\u00a0Pour rester comp\u00e9titif, nous devons<br \/>\ndisposer d\u2019un stade \u00e0 la hauteur de nos ambitions, capable<br \/>\nd\u2019accueillir un plus grand nombre de supporters dans les meilleures<br \/>\nconditions\u00ab\u00a0. Le club souhaite se doter d\u2019une<br \/>\ninfrastructure moderne, innovante, durable, \u00e0 la capacit\u00e9 accrue,<br \/>\nen phase avec les plus hauts standards internationaux.<\/p>\n<p>Pourquoi Massy et Poissy ?<\/p>\n<p>Massy b\u00e9n\u00e9ficie d\u2019une desserte multimodale exceptionnelle,<br \/>\nconnect\u00e9e \u00e0 Paris, \u00e0 l\u2019\u00cele-de-France, aux grandes m\u00e9tropoles<br \/>\nfran\u00e7aises et aux capitales europ\u00e9ennes. Ce territoire pr\u00e9sente<br \/>\n\u00e9galement un potentiel de d\u00e9veloppement urbain en lien avec le p\u00f4le<br \/>\nscientifique de Saclay. Poissy, de son c\u00f4t\u00e9, est d\u00e9j\u00e0 intimement<br \/>\nli\u00e9 au <strong>PSG<\/strong>. Sa proximit\u00e9 avec le <strong>Campus<br \/>\nParis Saint-Germain<\/strong>, inaugur\u00e9 en 2024, et un partenariat<br \/>\nhistorique fort avec le club en font un choix naturel :<br \/>\n\u00ab\u00a0Le site de Poissy a \u00e9merg\u00e9 \u00e0 un stade plus avanc\u00e9 de la<br \/>\nr\u00e9flexion\u00ab\u00a0, pr\u00e9cise le club de la capitale dans son<br \/>\ncommuniqu\u00e9.<\/p>\n<p>Une d\u00e9marche progressive et<br \/>\nrigoureuse<\/p>\n<p>Le <strong>PSG<\/strong> pr\u00e9cise que les deux sites seront<br \/>\n\u00e9tudi\u00e9s avec la m\u00eame rigueur, sans favoritisme. Des \u00e9tudes<br \/>\ncompl\u00e9mentaires seront men\u00e9es pour \u00e9valuer la faisabilit\u00e9 et<br \/>\nconstruire un projet ambitieux, co-construit avec les territoires<br \/>\net les parties prenantes locales. Le club affirme tirer les le\u00e7ons<br \/>\nde la r\u00e9ussite de son campus pour ce nouveau d\u00e9fi.<\/p>\n<p>Dans cette phase de r\u00e9flexion, le <strong>Parc des<br \/>\nPrinces<\/strong> restera le domicile du club pour plusieurs ann\u00e9es<br \/>\nencore. En effet, si aucun accord n\u2019est trouv\u00e9 avec la Mairie de<br \/>\nParis pour la vente de l\u2019antre historique du <strong>PSG<\/strong>,<br \/>\nle contrat courant reste valable jusqu\u2019en 2044. Selon une source<br \/>\nproche du dossier contact\u00e9e par nos soins, l\u2019\u00e9tude devrait se faire<br \/>\njusqu\u2019\u00e0 l\u2019automne 2026, moment o\u00f9 une r\u00e9ponse d\u00e9finitive sera<br \/>\ndonn\u00e9e, soit apr\u00e8s les \u00e9lections municipales de mars 2026, pour<br \/>\nlesquelles <strong>Anne Hidalgo<\/strong> a d\u2019ores et d\u00e9j\u00e0 annonc\u00e9<br \/>\nne pas se pr\u00e9senter une nouvelle fois. Ainsi, les Parisiens<br \/>\nlogeront encore quelques ann\u00e9es au <strong>Parc des<br \/>\nPrinces<\/strong>, entre l\u2019\u00e9tude, les r\u00e9ponses, l\u2019administratif et<br \/>\nbien \u00e9videment le futur chantier. Toutefois, il a \u00e9t\u00e9 pr\u00e9cis\u00e9 \u00e0<br \/>\n<strong><a href=\"https:\/\/canal-supporters.com\/\" target=\"_blank\" rel=\"noopener\">Canal<br \/>\nSupporters<\/a><\/strong> que si la position de la Mairie de<br \/>\nParis venait \u00e0 \u00e9voluer, la piste d\u2019un rachat du <strong>Parc des<br \/>\nPrinces<\/strong> ferait r\u00e9\u00e9tudi\u00e9e. En attendant, le<br \/>\n<strong>PSG<\/strong> reste locataire du son stade et aucune autre<br \/>\n\u00e9quipe ne sera accueillie \u00e0 la Porte d\u2019Auteuil.<\/p>\n<p>C\u2019est donc par soucis de d\u00e9veloppement que le champion d\u2019Europe<br \/>\nse voit oblig\u00e9 d\u2019\u00eatre propri\u00e9taire de son stade. Les capacit\u00e9s<br \/>\navanc\u00e9es sont aujourd\u2019hui situ\u00e9es dans une large fourchette de 60<br \/>\n000 \u00e0 90 000 places pour le futur stade. Une capacit\u00e9 penser en se<br \/>\ncalquant aux difficult\u00e9s d\u2019obtenir un abonnement aujourd\u2019hui, ou<br \/>\nencore \u00e0 l\u2019\u00e9pisode r\u00e9cent de diffusion de la finale de la<br \/>\n<strong>Ligue des Champions<\/strong>, pour laquelle le <strong>Parc<br \/>\ndes Princes<\/strong> s\u2019est rempli en seulement 48h. Outre Massy et<br \/>\nPoissy finalement retenus, ces derniers mois, d\u2019autres communes en<br \/>\n\u00cele-de-France telles que Montigny-le-Bretonneux, Saint-Quentin en<br \/>\nYvelines ou encore Aulnay-sous-Bois ont \u00e9t\u00e9 candidates. Par cette<br \/>\nannonce officielle du <strong>Paris Saint-Germain<\/strong>, ces<br \/>\nautres sites un temps envisag\u00e9s sont finalement et naturellement,<br \/>\n\u00e9cart\u00e9s. Le club de la capitale tient \u00e0 remercier<br \/>\n\u00ab\u00a0l\u2019ensemble des collectivit\u00e9s locales et des porteurs de<br \/>\nprojets mobilis\u00e9s\u00ab\u00a0.<\/p>\n<\/p>\n<p>YouTube : <a href=\"https:\/\/www.youtube.com\/watch?v=YdKSZVRKx4Q\" target=\"_blank\" rel=\"noopener\">Canal Supporters<br \/>\nParis<\/a><\/p>\n","protected":false},"excerpt":{"rendered":"Le Paris Saint-Germain entre dans une nouvelle phase de son d\u00e9veloppement avec l\u2019annonce officielle de l\u2019approfondissement de ses&hellip;\n","protected":false},"author":2,"featured_media":166597,"comment_status":"","ping_status":"","sticky":false,"template":"","format":"standard","meta":{"footnotes":""},"categories":[1410],"tags":[81,63,1011,27,30009,30010,2334,91,92,30011,93,30012,60,30013,96],"class_list":{"0":"post-166596","1":"post","2":"type-post","3":"status-publish","4":"format-standard","5":"has-post-thumbnail","7":"category-football","8":"tag-canal-supporters","9":"tag-football","10":"tag-fr","11":"tag-france","12":"tag-futur-stade-du-psg","13":"tag-massy-psg","14":"tag-parc-des-princes","15":"tag-paris-saint-germain","16":"tag-paris-sg","17":"tag-poissy-psg","18":"tag-psg","19":"tag-psg-stade","20":"tag-sports","21":"tag-stade-du-psg","22":"tag-une"},"share_on_mastodon":{"url":"https:\/\/pubeurope.com\/@fr\/114661133214215952","error":""},"_links":{"self":[{"href":"https:\/\/www.europesays.com\/fr\/wp-json\/wp\/v2\/posts\/166596","targetHints":{"allow":["GET"]}}],"collection":[{"href":"https:\/\/www.europesays.com\/fr\/wp-json\/wp\/v2\/posts"}],"about":[{"href":"https:\/\/www.europesays.com\/fr\/wp-json\/wp\/v2\/types\/post"}],"author":[{"embeddable":true,"href":"https:\/\/www.europesays.com\/fr\/wp-json\/wp\/v2\/users\/2"}],"replies":[{"embeddable":true,"href":"https:\/\/www.europesays.com\/fr\/wp-json\/wp\/v2\/comments?post=166596"}],"version-history":[{"count":0,"href":"https:\/\/www.europesays.com\/fr\/wp-json\/wp\/v2\/posts\/166596\/revisions"}],"wp:featuredmedia":[{"embeddable":true,"href":"https:\/\/www.europesays.com\/fr\/wp-json\/wp\/v2\/media\/166597"}],"wp:attachment":[{"href":"https:\/\/www.europesays.com\/fr\/wp-json\/wp\/v2\/media?parent=166596"}],"wp:term":[{"taxonomy":"category","embeddable":true,"href":"https:\/\/www.europesays.com\/fr\/wp-json\/wp\/v2\/categories?post=166596"},{"taxonomy":"post_tag","embeddable":true,"href":"https:\/\/www.europesays.com\/fr\/wp-json\/wp\/v2\/tags?post=166596"}],"curies":[{"name":"wp","href":"https:\/\/api.w.org\/{rel}","templated":true}]}}