{"id":166612,"date":"2025-06-10T21:20:08","date_gmt":"2025-06-10T21:20:08","guid":{"rendered":"https:\/\/www.europesays.com\/fr\/166612\/"},"modified":"2025-06-10T21:20:08","modified_gmt":"2025-06-10T21:20:08","slug":"cinq-questions-pour-tout-comprendre","status":"publish","type":"post","link":"https:\/\/www.europesays.com\/fr\/166612\/","title":{"rendered":"cinq questions pour tout comprendre"},"content":{"rendered":"<p><strong>D\u00c9CRYPTAGE \u2013 <\/strong>Gen\u00e8se, points forts, municipales en 2026\u2026 Tout ce qu\u2019il faut savoir autour du projet de nouveau stade du Paris SG et les pistes menant \u00e0 Massy (91) et Poissy (78).<\/p>\n<p class=\"fig-paragraph\">\u00ab\u00a0On veut bouger du Parc des Princes\u00a0\u00bb.\u00a0<a href=\"http:\/\/www.lefigaro.fr\/flash-sport\/c-est-fini-pour-nous-on-veut-bouger-du-parc-des-princes-annonce-nasser-al-khelaifi-20240208\" target=\"_blank\" data-fig-type=\"NewsFlash\" rel=\"noopener\" data-gtm-custom-categorie=\"navigation\" data-gtm-custom-action=\"crossclick\" data-gtm-custom-label=\"Contextuel\" data-gtm-event=\"customEventSPE\" data-fig-domain=\"LEFIGARO\">Sign\u00e9 Nasser al-Khela\u00effi, en f\u00e9vrier 2024<\/a>. Se sentant \u00e0 l\u2019\u00e9troit dans l\u2019enceinte de la Porte de Saint-Cloud et se heurtant au refus de\u00a0<a href=\"http:\/\/www.lefigaro.fr\/sports\/football\/ligue-1\/psg-non-on-ne-vendra-pas-le-parc-des-princes-anne-hidalgo-en-remet-une-couche-20250115\" target=\"_blank\" data-fig-type=\"NewsFlash\" rel=\"noopener\" data-gtm-custom-categorie=\"navigation\" data-gtm-custom-action=\"crossclick\" data-gtm-custom-label=\"Contextuel\" data-gtm-event=\"customEventSPE\" data-fig-domain=\"LEFIGARO\">la Mairie de Paris de vendre le stade<\/a>, le PSG s\u2019est mis en qu\u00eate d\u2019un nouveau lieu de vie depuis de longs mois maintenant. Restait encore \u00e0 trouver un point de chute en dehors de Paris. C\u2019est (plus ou moins) chose faite\u00a0:\u00a0<a href=\"http:\/\/www.lefigaro.fr\/sports\/football\/ligue-1\/le-psg-a-l-etroit-au-parc-des-princes-vise-officiellement-massy-et-poissy-pour-son-nouveau-stade-20250610\" data-fig-type=\"NewsFlash\" data-gtm-custom-categorie=\"navigation\" data-gtm-custom-action=\"crossclick\" data-gtm-custom-label=\"Contextuel\" data-gtm-event=\"customEventSPE\" data-fig-domain=\"LEFIGARO\" target=\"_blank\" rel=\"noopener\">le club de la capitale a annonc\u00e9 ce mardi concentrer ses efforts sur deux pistes, Massy (91) et Poissy (78)<\/a>.\u00a0Toutes les questions qui se posent.<\/p>\n<p>Pourquoi le PSG veut-il quitter le Parc des Princes\u00a0?<\/p>\n<p class=\"fig-paragraph\">Le Parc des Princes repr\u00e9sente une v\u00e9ritable machine \u00e0 cash, avec 170\u00a0M\u20ac de recettes \u00ab\u00a0matchday\u00a0\u00bb en 2023-2024 et une s\u00e9rie en cours de 165\u00a0matchs \u00e0 guichets ferm\u00e9s. Sauf que le PSG vise \u00e0 \u00ab\u00a0se d\u00e9velopper pour rester comp\u00e9titif. Pour cela, il faut augmenter les revenus\u00a0\u00bb, comme l\u2019expliquait derni\u00e8rement\u00a0<a href=\"http:\/\/www.lefigaro.fr\/sports\/football\/ligue-1\/droits-tv-qatar-parc-des-princes-mbappe-le-directeur-general-du-psg-victoriano-melero-sort-du-silence-20250302\" target=\"_blank\" data-fig-type=\"Article\" rel=\"noopener\" data-gtm-custom-categorie=\"navigation\" data-gtm-custom-action=\"crossclick\" data-gtm-custom-label=\"Contextuel\" data-gtm-event=\"customEventSPE\" data-fig-domain=\"LEFIGARO\">Victoriano Melero, au Figaro<\/a> . Or, \u00ab\u00a0pour les hospitalit\u00e9s et la billetterie, on a atteint un plafond au Parc des Princes. Il nous faut\u2026<\/p>\n<p class=\"fig-premium-paywall__infos\">\n        Cet article est r\u00e9serv\u00e9 aux abonn\u00e9s.        Il vous reste 86% \u00e0 d\u00e9couvrir.\n    <\/p>\n<p>                <img  data- alt=\"Le Figaro\" class=\"fig-img--complete fig-img\"\/><\/p>\n<p class=\"fig-premium-paywall__title\">Vente Flash<\/p>\n<p class=\"fig-premium-paywall__subtitle\">3,99\u20ac par mois pendant 12 mois. Sans engagement.<\/p>\n<p class=\"fig-premium-paywall__connect\">\n                D\u00e9j\u00e0 abonn\u00e9\u00a0?                <a class=\"fig-premium-paywall__connect-link\" href=\"https:\/\/connect.lefigaro.fr\/login?client=horizon_web&amp;type=main&amp;redirect_uri=https%3A%2F%2Fwww.lefigaro.fr%2Fsports%2Ffootball%2Fligue-1%2Fle-psg-cible-massy-et-poissy-pour-son-nouveau-stade-cinq-questions-pour-tout-comprendre-20250610\" data-js-gtm=\"{&quot;customCategorie&quot;: &quot;conversion&quot;, &quot;customAction&quot;: &quot;before_Landing_Connexion_paywall_auto&quot;, &quot;customLabel&quot;: &quot;bGVmaWdhcm8uZnJfXzFmMDQ1YTBkLTBlMWUtNjZjYS1hMmZjLTU1ZTkzNDY2Mzk3Yl9fTmV3c0ZsYXNo_Nouveau stade du PSG \u00e0 Massy ou Poissy\u00a0: cinq questions pour tout comprendre_449&quot;, &quot;customIDSPE&quot;: &quot;bGVmaWdhcm8uZnJfXzFmMDQ1YTBkLTBlMWUtNjZjYS1hMmZjLTU1ZTkzNDY2Mzk3Yl9fTmV3c0ZsYXNo&quot;, &quot;event&quot;: &quot;customEventSPE&quot;}\" target=\"_blank\" rel=\"noopener\"><br \/>\n                    Connectez-vous<br \/>\n                <\/a>\n            <\/p>\n","protected":false},"excerpt":{"rendered":"D\u00c9CRYPTAGE \u2013 Gen\u00e8se, points forts, municipales en 2026\u2026 Tout ce qu\u2019il faut savoir autour du projet de nouveau&hellip;\n","protected":false},"author":2,"featured_media":166613,"comment_status":"","ping_status":"","sticky":false,"template":"","format":"standard","meta":{"footnotes":""},"categories":[9],"tags":[525,1981,814,2257,63,1011,27,3309,66,1307,955,11486,1176,978,2334,93,1980,60],"class_list":{"0":"post-166612","1":"post","2":"type-post","3":"status-publish","4":"format-standard","5":"has-post-thumbnail","7":"category-sports","8":"tag-calendrier","9":"tag-classement","10":"tag-direct","11":"tag-foot","12":"tag-football","13":"tag-fr","14":"tag-france","15":"tag-l1","16":"tag-ligue-1","17":"tag-lille","18":"tag-match","19":"tag-nasser-al-khelaifi","20":"tag-olympique-de-marseille","21":"tag-olympique-lyonnais","22":"tag-parc-des-princes","23":"tag-psg","24":"tag-resultats","25":"tag-sports"},"share_on_mastodon":{"url":"https:\/\/pubeurope.com\/@fr\/114661164555153215","error":""},"_links":{"self":[{"href":"https:\/\/www.europesays.com\/fr\/wp-json\/wp\/v2\/posts\/166612","targetHints":{"allow":["GET"]}}],"collection":[{"href":"https:\/\/www.europesays.com\/fr\/wp-json\/wp\/v2\/posts"}],"about":[{"href":"https:\/\/www.europesays.com\/fr\/wp-json\/wp\/v2\/types\/post"}],"author":[{"embeddable":true,"href":"https:\/\/www.europesays.com\/fr\/wp-json\/wp\/v2\/users\/2"}],"replies":[{"embeddable":true,"href":"https:\/\/www.europesays.com\/fr\/wp-json\/wp\/v2\/comments?post=166612"}],"version-history":[{"count":0,"href":"https:\/\/www.europesays.com\/fr\/wp-json\/wp\/v2\/posts\/166612\/revisions"}],"wp:featuredmedia":[{"embeddable":true,"href":"https:\/\/www.europesays.com\/fr\/wp-json\/wp\/v2\/media\/166613"}],"wp:attachment":[{"href":"https:\/\/www.europesays.com\/fr\/wp-json\/wp\/v2\/media?parent=166612"}],"wp:term":[{"taxonomy":"category","embeddable":true,"href":"https:\/\/www.europesays.com\/fr\/wp-json\/wp\/v2\/categories?post=166612"},{"taxonomy":"post_tag","embeddable":true,"href":"https:\/\/www.europesays.com\/fr\/wp-json\/wp\/v2\/tags?post=166612"}],"curies":[{"name":"wp","href":"https:\/\/api.w.org\/{rel}","templated":true}]}}