{"id":166616,"date":"2025-06-10T21:22:10","date_gmt":"2025-06-10T21:22:10","guid":{"rendered":"https:\/\/www.europesays.com\/fr\/166616\/"},"modified":"2025-06-10T21:22:10","modified_gmt":"2025-06-10T21:22:10","slug":"quelque-chose-de-rarissime-remonte-du-centre-de-la-terre-et-ca-vaut-de-lor","status":"publish","type":"post","link":"https:\/\/www.europesays.com\/fr\/166616\/","title":{"rendered":"Quelque chose de rarissime remonte du centre de la Terre \u2014 et \u00e7a vaut de l&rsquo;or !"},"content":{"rendered":"<p data-start=\"336\" data-end=\"753\">Pendant des d\u00e9cennies, les<br \/>\nscientifiques ont consid\u00e9r\u00e9 le <a href=\"https:\/\/sciencepost.fr\/nouvelle-couche-noyau-terrestre\/\" target=\"_blank\" rel=\"noopener nofollow\">noyau terrestre<\/a> comme une forteresse<br \/>\nchimique imp\u00e9n\u00e9trable, un sanctuaire de m\u00e9taux enfoui \u00e0 plus de 2<br \/>\n900 kilom\u00e8tres sous nos pieds. Mais une nouvelle \u00e9tude vient de<br \/>\nbouleverser cette certitude. Des chercheurs ont d\u00e9couvert que des<br \/>\nm\u00e9taux rares \u2013 dont de l\u2019or \u2013 s\u2019\u00e9chappent depuis les entrailles de<br \/>\nla Terre pour remonter jusqu\u2019\u00e0 sa surface, via les volcans.<\/p>\n<p data-start=\"755\" data-end=\"958\">Une fuite souterraine que<br \/>\npersonne n\u2019avait anticip\u00e9e, r\u00e9v\u00e9l\u00e9e par l\u2019analyse fine de roches<br \/>\nvolcaniques \u00e0 Hawa\u00ef. Et qui pourrait bien transformer notre<br \/>\ncompr\u00e9hension de la dynamique interne de la plan\u00e8te.<\/p>\n<p>Un indice min\u00e9ral venu des<br \/>\nprofondeurs<\/p>\n<p data-start=\"1004\" data-end=\"1291\">C\u2019est en \u00e9tudiant des<br \/>\n\u00e9chantillons issus du volcan Kilauea, l\u2019un des plus actifs du<br \/>\nmonde, que des g\u00e9ochimistes de l\u2019universit\u00e9 de G\u00f6ttingen<br \/>\n(Allemagne) ont rep\u00e9r\u00e9 une anomalie. Ils ont d\u00e9tect\u00e9 des<br \/>\nconcentrations anormalement \u00e9lev\u00e9es de ruth\u00e9nium, un m\u00e9tal pr\u00e9cieux<br \/>\ndu groupe du platine.<\/p>\n<p data-start=\"1293\" data-end=\"1533\">Or, le ruth\u00e9nium trouv\u00e9 dans<br \/>\nces roches ne ressemble pas \u00e0 celui g\u00e9n\u00e9ralement pr\u00e9sent dans le<br \/>\nmanteau terrestre. Sa signature isotopique \u00e9voque plut\u00f4t celle du<br \/>\nruth\u00e9nium\u2026 que l\u2019on pense confin\u00e9 dans le noyau depuis la formation<br \/>\nde la Terre.<\/p>\n<p data-start=\"1535\" data-end=\"1768\">En d\u2019autres termes, ces<br \/>\nfragments de lave hawaiienne porteraient la trace chimique d\u2019un<br \/>\nvoyage incroyable : une ascension de plusieurs milliers de<br \/>\nkilom\u00e8tres \u00e0 travers le manteau, depuis la fronti\u00e8re noyau-manteau<br \/>\njusqu\u2019\u00e0 la surface.<\/p>\n<p>Le noyau terrestre n\u2019est pas<br \/>\naussi isol\u00e9 qu\u2019on le croyait<\/p>\n<p data-start=\"1833\" data-end=\"2237\">Cette d\u00e9couverte, publi\u00e9e dans<br \/>\n<a href=\"http:\/\/dx.doi.org\/10.1038\/s41586-025-09003-0\" target=\"_blank\" rel=\"noopener nofollow\">Nature<\/a> le 21 mai, remet en cause un pilier de la<br \/>\ng\u00e9ologie moderne : la relative \u00e9tanch\u00e9it\u00e9 entre le noyau et le<br \/>\nmanteau. Selon les chercheurs, les panaches mantelliques \u2013 ces<br \/>\ncolonnes de roches surchauff\u00e9es qui alimentent le volcanisme \u2013<br \/>\npourraient remonter directement depuis la limite du noyau, en<br \/>\nentra\u00eenant avec eux des \u00e9l\u00e9ments lourds, rares\u2026 et tr\u00e8s<br \/>\nconvoit\u00e9s.<\/p>\n<p data-start=\"2239\" data-end=\"2508\">\u00ab Nos r\u00e9sultats montrent<br \/>\nnon seulement que le noyau terrestre n\u2019est pas aussi isol\u00e9 qu\u2019on le<br \/>\npensait \u00bb, explique Matthias Willbold, co-auteur de l\u2019\u00e9tude, \u00ab<br \/>\nmais aussi qu\u2019il contribue directement \u00e0 la composition<br \/>\nchimique de certaines r\u00e9gions volcaniques, comme Hawa\u00ef. \u00bb<\/p>\n<p data-start=\"2510\" data-end=\"2655\">Autrement dit, les volcans<br \/>\nn\u2019exprimeraient pas seulement l\u2019activit\u00e9 du manteau sup\u00e9rieur, mais<br \/>\nagiraient parfois comme <strong data-start=\"2629\" data-end=\"2654\">fen\u00eatres sur le noyau<\/strong>.<\/p>\n<p>L\u2019or, un cadeau du c\u0153ur de la<br \/>\nTerre ?<\/p>\n<p data-start=\"2700\" data-end=\"3022\">On estime que 99,9 % de l\u2019or<br \/>\nde la Terre est aujourd\u2019hui enferm\u00e9 dans le noyau, prisonnier d\u2019un<br \/>\nalliage de fer en fusion form\u00e9 peu apr\u00e8s la naissance de la<br \/>\nplan\u00e8te. L\u2019id\u00e9e que ce m\u00e9tal puisse, lentement mais s\u00fbrement,<br \/>\nmigrer \u00e0 travers le manteau pour atteindre la cro\u00fbte terrestre est<br \/>\n\u00e0 la fois fascinante et vertigineuse.<\/p>\n<p data-start=\"3024\" data-end=\"3370\">Jusqu\u2019ici, les mod\u00e8les<br \/>\nprivil\u00e9giaient une autre origine : celle d\u2019un apport tardif via des<br \/>\nimpacts de m\u00e9t\u00e9orites. Mais cette nouvelle \u00e9tude sugg\u00e8re qu\u2019une<br \/>\npartie de l\u2019or que nous exploitons aujourd\u2019hui pourrait, en<br \/>\nr\u00e9alit\u00e9, provenir des profondeurs du globe \u2013 arrach\u00e9e au noyau au<br \/>\nfil des millions d\u2019ann\u00e9es par la dynamique interne de la<br \/>\nplan\u00e8te.<\/p>\n<p data-start=\"3372\" data-end=\"3537\">Une hypoth\u00e8se qui relance<br \/>\n\u00e9galement les d\u00e9bats sur la formation des grands gisements miniers,<br \/>\net sur les v\u00e9ritables origines des ressources m\u00e9talliques \u00e0 la<br \/>\nsurface.<\/p>\n<p><img loading=\"lazy\" data-lazyloaded=\"1\" decoding=\"async\" class=\"size-full wp-image-311080\" src=\"https:\/\/www.europesays.com\/fr\/wp-content\/uploads\/2025\/06\/Low-Res_Willbold-gold.jpg\" alt=\"or noyau centre terre\" width=\"545\" height=\"700\"  data-\/><br \/>\nL\u2019or n\u2019est en r\u00e9alit\u00e9 pas aussi rare qu\u2019on pourrait le croire. Le<br \/>\nprobl\u00e8me est que 99,999 % des r\u00e9serves sont enferm\u00e9es dans le noyau<br \/>\nterrestre, bien au-del\u00e0 de la port\u00e9e de l\u2019humanit\u00e9. Cr\u00e9dit :<br \/>\nWikip\u00e9dia\/Slav4|Ariel PalmonUne Terre plus active, plus<br \/>\nconnect\u00e9e, plus vivante<\/p>\n<p data-start=\"3596\" data-end=\"3966\">Cette d\u00e9couverte s\u2019inscrit<br \/>\ndans une s\u00e9rie d\u2019\u00e9tudes r\u00e9centes qui montrent \u00e0 quel point les<br \/>\n\u00e9changes entre les diff\u00e9rentes couches internes de la Terre sont<br \/>\nplus intenses que pr\u00e9vu. On sait d\u00e9sormais que des panaches<br \/>\nprofonds modifient la g\u00e9ographie des continents \u2013 comme en Afrique,<br \/>\no\u00f9 une gigantesque remont\u00e9e mantellique est en train de fracturer<br \/>\nla plaque tectonique.<\/p>\n<p data-start=\"3968\" data-end=\"4192\">Dans ce contexte, la fuite de<br \/>\nm\u00e9taux pr\u00e9cieux depuis le noyau n\u2019est pas qu\u2019un d\u00e9tail chimique.<br \/>\nElle est la preuve que notre plan\u00e8te est un syst\u00e8me dynamique,<br \/>\ninterconnect\u00e9, o\u00f9 <strong data-start=\"4144\" data-end=\"4191\">rien<br \/>\nn\u2019est vraiment fig\u00e9, pas m\u00eame le noyau<\/strong>.<\/p>\n<p data-start=\"4194\" data-end=\"4321\">Et si, finalement, ce que nous<br \/>\nappelons \u201cle c\u0153ur de la Terre\u201d \u00e9tait aussi l\u2019une de ses plus<br \/>\ngrandes sources de transformation ?<\/p>\n","protected":false},"excerpt":{"rendered":"Pendant des d\u00e9cennies, les scientifiques ont consid\u00e9r\u00e9 le noyau terrestre comme une forteresse chimique imp\u00e9n\u00e9trable, un sanctuaire de&hellip;\n","protected":false},"author":2,"featured_media":166617,"comment_status":"","ping_status":"","sticky":false,"template":"","format":"standard","meta":{"footnotes":""},"categories":[7],"tags":[1011,27,43,40,41,39,42,44],"class_list":{"0":"post-166616","1":"post","2":"type-post","3":"status-publish","4":"format-standard","5":"has-post-thumbnail","7":"category-sciences-et-technologies","8":"tag-fr","9":"tag-france","10":"tag-science","11":"tag-science-and-technology","12":"tag-sciences","13":"tag-sciences-et-technologies","14":"tag-technologies","15":"tag-technology"},"share_on_mastodon":{"url":"https:\/\/pubeurope.com\/@fr\/114661172440932492","error":""},"_links":{"self":[{"href":"https:\/\/www.europesays.com\/fr\/wp-json\/wp\/v2\/posts\/166616","targetHints":{"allow":["GET"]}}],"collection":[{"href":"https:\/\/www.europesays.com\/fr\/wp-json\/wp\/v2\/posts"}],"about":[{"href":"https:\/\/www.europesays.com\/fr\/wp-json\/wp\/v2\/types\/post"}],"author":[{"embeddable":true,"href":"https:\/\/www.europesays.com\/fr\/wp-json\/wp\/v2\/users\/2"}],"replies":[{"embeddable":true,"href":"https:\/\/www.europesays.com\/fr\/wp-json\/wp\/v2\/comments?post=166616"}],"version-history":[{"count":0,"href":"https:\/\/www.europesays.com\/fr\/wp-json\/wp\/v2\/posts\/166616\/revisions"}],"wp:featuredmedia":[{"embeddable":true,"href":"https:\/\/www.europesays.com\/fr\/wp-json\/wp\/v2\/media\/166617"}],"wp:attachment":[{"href":"https:\/\/www.europesays.com\/fr\/wp-json\/wp\/v2\/media?parent=166616"}],"wp:term":[{"taxonomy":"category","embeddable":true,"href":"https:\/\/www.europesays.com\/fr\/wp-json\/wp\/v2\/categories?post=166616"},{"taxonomy":"post_tag","embeddable":true,"href":"https:\/\/www.europesays.com\/fr\/wp-json\/wp\/v2\/tags?post=166616"}],"curies":[{"name":"wp","href":"https:\/\/api.w.org\/{rel}","templated":true}]}}