{"id":166618,"date":"2025-06-10T21:23:14","date_gmt":"2025-06-10T21:23:14","guid":{"rendered":"https:\/\/www.europesays.com\/fr\/166618\/"},"modified":"2025-06-10T21:23:14","modified_gmt":"2025-06-10T21:23:14","slug":"commerce-lespoir-grandit-dans-les-discussions-entre-washington-et-pekin-actualites","status":"publish","type":"post","link":"https:\/\/www.europesays.com\/fr\/166618\/","title":{"rendered":"Commerce: l&rsquo;espoir grandit dans les discussions entre Washington et P\u00e9kin : Actualit\u00e9s"},"content":{"rendered":"<p class=\"lead \">Les n\u00e9gociations commerciales entre Chine et Etats-Unis se poursuivaient mardi \u00e0 Londres et devaient reprendre dans la soir\u00e9e apr\u00e8s une pause, l&rsquo;objectif restant de consolider la tr\u00eave arrach\u00e9e il y a un mois \u00e0 Gen\u00e8ve.<\/p>\n<p class=\"lead \">Ce nouveau cycle de discussions est scrut\u00e9 attentivement par les march\u00e9s, qui esp\u00e8rent des progr\u00e8s aussi significatifs que lors des n\u00e9gociations suisses. P\u00e9kin et Washington s&rsquo;\u00e9taient alors entendus sur une r\u00e9duction substantielle de leurs taxes douani\u00e8res respectives pendant 90 jours.<\/p>\n<p class=\"lead \">\u00ab\u00a0Nous avons discut\u00e9 toute la journ\u00e9e d&rsquo;hier (lundi) et je m&rsquo;attends \u00e0 ce que ce soit encore le cas aujourd&rsquo;hui. Tout se passe bien\u00a0\u00bb, a d\u00e9clar\u00e9 sur Bloomberg TV le secr\u00e9taire d&rsquo;Etat au Commerce am\u00e9ricain, Howard Lutnick, \u00e0 son arriv\u00e9e mardi pour ce deuxi\u00e8me jour de n\u00e9gociations.<\/p>\n<p class=\"lead \">Les discussions ont marqu\u00e9 une pause en fin de journ\u00e9e, mais devaient reprendre \u00e0 20H00 heures locales (19H00 GMT), a confirm\u00e9 aupr\u00e8s de l&rsquo;AFP un porte-parole du repr\u00e9sentant au Commerce de la Maison-Blanche (USTR).<\/p>\n<p class=\"lead \">Le pr\u00e9sident am\u00e9ricain Donald Trump avait affirm\u00e9 lundi avoir \u00ab\u00a0de bons \u00e9chos\u00a0\u00bb. \u00ab\u00a0Tout se passe bien avec la Chine. Mais la Chine n&rsquo;est pas facile\u00a0\u00bb, a-t-il dit. \u00ab\u00a0Nous souhaitons ouvrir la Chine et si nous n&rsquo;y parvenons pas, nous ne ferons sans doute pas de geste\u00a0\u00bb en leur faveur.<\/p>\n<p class=\"lead \">Les terres rares chinoises constituent un enjeu clef des n\u00e9gociations, les Etats-Unis souhaitant r\u00e9tablir le rythme des exp\u00e9ditions de ces m\u00e9taux strat\u00e9giques, bien plus bas \u00ab\u00a0que celui consid\u00e9r\u00e9 comme optimal par les entreprises\u00a0\u00bb, a soulign\u00e9 sur CNBC Kevin Hasset, principal conseiller \u00e9conomique de M. Trump.<\/p>\n<p class=\"lead \">&#8211; Pas de grand accord &#8211;<\/p>\n<p class=\"lead \">Or ces mati\u00e8res premi\u00e8res, dont les exp\u00e9ditions p\u00e2tissent de la guerre commerciale mondiale lanc\u00e9e d\u00e9but avril par le pr\u00e9sident am\u00e9ricain, sont cruciales pour les batteries \u00e9lectriques, les \u00e9oliennes ou encore les syst\u00e8mes de d\u00e9fense (missiles, radars, satellites).<\/p>\n<p class=\"lead \"><img decoding=\"async\" class=\"w-100\" src=\"https:\/\/www.europesays.com\/fr\/wp-content\/uploads\/2025\/06\/2275\/actu\/afp-news\/805618c3-befa-474e-b099-d6e0b2cc54c0-2.jpg\" alt=\"\"\/> La Chine aimerait de son c\u00f4t\u00e9 que les \u00c9tats-Unis reconsid\u00e8rent certains contr\u00f4les aux exportations sur ses produits. Interrog\u00e9 sur cette possibilit\u00e9, M. Trump s&rsquo;est content\u00e9 d&rsquo;un \u00ab\u00a0nous verrons bien\u00a0\u00bb \u00e9vasif.<\/p>\n<p class=\"lead \">Selon Emily Benson, responsable strat\u00e9gie pour Minerva Technology, \u00ab\u00a0les rumeurs venant de Londres portent sur, potentiellement, le rel\u00e2chement de certains contr\u00f4les d&rsquo;exportations sur des produits de haute technologie\u00a0\u00bb de la part de Washington.<\/p>\n<p class=\"lead \">P\u00e9kin pour sa part \u00ab\u00a0pourrait faire preuve de bonne volont\u00e9 et renforcer les licences d&rsquo;exportations prises dans le syst\u00e8me de contr\u00f4le\u00a0\u00bb, \u00e0 l&rsquo;image de ce que la Chine a propos\u00e9 \u00e0 l&rsquo;Union europ\u00e9enne pour acc\u00e9l\u00e9rer les processus.<\/p>\n<p class=\"lead \">Mais \u00ab\u00a0je ne pense pas qu&rsquo;il soit raisonnable d&rsquo;esp\u00e9rer une sorte de grand accord bilat\u00e9ral qui puisse \u00eatre vu comme un accord commercial et d&rsquo;investissement\u00a0\u00bb, a-t-elle n\u00e9anmoins nuanc\u00e9 aupr\u00e8s de l&rsquo;AFP.<\/p>\n<p class=\"lead \">Les march\u00e9s ont \u00e9t\u00e9 dans tous les cas attentistes, guettant les annonces en provenance de Londres, les indices \u00e0 Wall Street terminant la s\u00e9ance en l\u00e9g\u00e8re hausse.<\/p>\n<p class=\"lead \">\u00ab\u00a0C&rsquo;est le principal point d&rsquo;attention cette semaine. Mais pour l&rsquo;instant rien ne s&rsquo;est produit, la semaine a donc commenc\u00e9 lentement\u00a0\u00bb sur les march\u00e9s financiers, a d\u00e9clar\u00e9 \u00e0 l&rsquo;AFP Art Hogan, analyste pour B. Riley Wealth Management.<\/p>\n<p class=\"lead \">&#8211; D\u00e9g\u00e2ts r\u00e9els &#8211;<\/p>\n<p class=\"lead \">La Chine est repr\u00e9sent\u00e9e \u00e0 Londres par son vice-Premier ministre He Lifeng, comme \u00e0 Gen\u00e8ve, accompagn\u00e9 de son ministre du Commerce Wang Wentao et du repr\u00e9sentant au Commerce international Li Chenggang.<\/p>\n<p class=\"lead \">C\u00f4t\u00e9 am\u00e9ricain, Howard Lutnick est entour\u00e9 du secr\u00e9taire au Tr\u00e9sor Scott Bessent et du USTR Jamieson Greer.<\/p>\n<p class=\"lead \">Cette rencontre \u00e0 Londres est organis\u00e9e apr\u00e8s un acc\u00e8s de tension, M. Trump accusant il y a une dizaine de jours P\u00e9kin de ne pas respecter les termes de l&rsquo;accord de d\u00e9sescalade sign\u00e9 \u00e0 Gen\u00e8ve.<\/p>\n<p class=\"lead \">Puis l&rsquo;Am\u00e9ricain et son homologue chinois Xi Jinping se sont entretenus jeudi dernier par t\u00e9l\u00e9phone, un \u00e9change jug\u00e9 positif par le locataire de la Maison-Blanche.<\/p>\n<p class=\"lead \">En Suisse, Washington avait accept\u00e9 de ramener les droits de douane sur les produits chinois de 145% \u00e0 30%, en \u00e9change d&rsquo;un mouvement similaire par P\u00e9kin de 125% \u00e0 10% sur les produits am\u00e9ricains, pour 90 jours.<\/p>\n<p class=\"lead \">Mais les cons\u00e9quences de la guerre commerciale sont d\u00e9j\u00e0 r\u00e9elles, avec une baisse de 12,7% des exportations chinoises vers les Etats-Unis en mai par rapport \u00e0 avril, selon les statistiques officielles de P\u00e9kin.<\/p>\n<p class=\"lead \">Tout en travaillant \u00e0 la normalisation des relations avec Washington, le gouvernement chinois s&rsquo;est lanc\u00e9 dans des discussions avec ses autres partenaires pour constituer un front commun face aux \u00c9tats-Unis.<\/p>\n<p class=\"small font-weight-bold text-gray3 \"> publi\u00e9 le 10 juin \u00e0 22h38, AFP<\/p>\n<p>                             Partager<\/p>\n","protected":false},"excerpt":{"rendered":"Les n\u00e9gociations commerciales entre Chine et Etats-Unis se poursuivaient mardi \u00e0 Londres et devaient reprendre dans la soir\u00e9e&hellip;\n","protected":false},"author":2,"featured_media":166619,"comment_status":"","ping_status":"","sticky":false,"template":"","format":"standard","meta":{"footnotes":""},"categories":[6],"tags":[13790,35,309,215,2120,312,2822,33,34,1011,27,418,11200,308],"class_list":{"0":"post-166618","1":"post","2":"type-post","3":"status-publish","4":"format-standard","5":"has-post-thumbnail","7":"category-economie","8":"tag-conomie","9":"tag-business","10":"tag-chine","11":"tag-commerce","12":"tag-conflit","13":"tag-diplomatie","14":"tag-douanes","15":"tag-economie","16":"tag-economy","17":"tag-fr","18":"tag-france","19":"tag-gouvernement","20":"tag-mtaux","21":"tag-usa"},"share_on_mastodon":{"url":"https:\/\/pubeurope.com\/@fr\/114661176548274265","error":""},"_links":{"self":[{"href":"https:\/\/www.europesays.com\/fr\/wp-json\/wp\/v2\/posts\/166618","targetHints":{"allow":["GET"]}}],"collection":[{"href":"https:\/\/www.europesays.com\/fr\/wp-json\/wp\/v2\/posts"}],"about":[{"href":"https:\/\/www.europesays.com\/fr\/wp-json\/wp\/v2\/types\/post"}],"author":[{"embeddable":true,"href":"https:\/\/www.europesays.com\/fr\/wp-json\/wp\/v2\/users\/2"}],"replies":[{"embeddable":true,"href":"https:\/\/www.europesays.com\/fr\/wp-json\/wp\/v2\/comments?post=166618"}],"version-history":[{"count":0,"href":"https:\/\/www.europesays.com\/fr\/wp-json\/wp\/v2\/posts\/166618\/revisions"}],"wp:featuredmedia":[{"embeddable":true,"href":"https:\/\/www.europesays.com\/fr\/wp-json\/wp\/v2\/media\/166619"}],"wp:attachment":[{"href":"https:\/\/www.europesays.com\/fr\/wp-json\/wp\/v2\/media?parent=166618"}],"wp:term":[{"taxonomy":"category","embeddable":true,"href":"https:\/\/www.europesays.com\/fr\/wp-json\/wp\/v2\/categories?post=166618"},{"taxonomy":"post_tag","embeddable":true,"href":"https:\/\/www.europesays.com\/fr\/wp-json\/wp\/v2\/tags?post=166618"}],"curies":[{"name":"wp","href":"https:\/\/api.w.org\/{rel}","templated":true}]}}