{"id":166626,"date":"2025-06-10T21:27:26","date_gmt":"2025-06-10T21:27:26","guid":{"rendered":"https:\/\/www.europesays.com\/fr\/166626\/"},"modified":"2025-06-10T21:27:26","modified_gmt":"2025-06-10T21:27:26","slug":"saint-etienne-ce-restaurant-emblematique-vendu-aux-encheres-rouvre-sous-une-nouvelle-identite","status":"publish","type":"post","link":"https:\/\/www.europesays.com\/fr\/166626\/","title":{"rendered":"Saint-\u00c9tienne. Ce restaurant embl\u00e9matique vendu aux ench\u00e8res rouvre sous une nouvelle identit\u00e9"},"content":{"rendered":"<p>            Par<br \/>\n        <strong><br \/>\n            <a href=\"https:\/\/actu.fr\/auteur\/julien-sournies\" title=\"Consulter tous les articles de Julien Sournies\" rel=\"nofollow noopener\" target=\"_blank\">Julien Sournies<\/a><br \/>\n        <\/strong><\/p>\n<p>        Publi\u00e9 le<\/p>\n<p>            10 juin 2025 \u00e0 17h42        <\/p>\n<p>C\u2019est une v\u00e9ritable institution du monde de la restauration \u00e0 <a href=\"https:\/\/actu.fr\/saint-etienne\/\" rel=\"nofollow noopener\" target=\"_blank\">Saint-\u00c9tienne<\/a> (<a href=\"https:\/\/actu.fr\/auvergne-rhone-alpes\/loire_42\" rel=\"nofollow noopener\" target=\"_blank\">Loire<\/a>) qui s\u2019appr\u00eate \u00e0 rena\u00eetre de ses cendres.<\/p>\n<p class=\" wall-content\">Ferm\u00e9 depuis novembre\u00a02024 \u00e0 la suite de son placement en redressement judiciaire, puis vendu aux ench\u00e8res contre une somme de <strong>60\u2009000\u00a0euros<\/strong> en avril dernier, le c\u00e9l\u00e8bre Bistrot de Paris, situ\u00e9 place Jean-Jaur\u00e8s, va finalement rouvrir ses portes au public ce <strong>vendredi 13\u00a0juin 2025<\/strong>.<\/p>\n<p>Le Bistrot de Paris devient le Bistrot de Saint\u00e9<\/p>\n<p class=\" wall-content\">Et ce sera sous une toute nouvelle identit\u00e9. Les trois nouveaux propri\u00e9taires des lieux ont en effet d\u00e9cid\u00e9 de renommer le Bistrot de Paris en <strong>Bistrot de Saint\u00e9<\/strong>, lequel disposera d\u2019une soixantaine de places int\u00e9rieures et quelque 80 places en terrasse.<\/p>\n<p class=\" wall-content\"><a href=\"https:\/\/www.instagram.com\/p\/DKmwfRHt_5P\/embed\" title=\"Ouvrir le lien sur Instagram\" rel=\"nofollow noopener\" target=\"_blank\">Visualiser le contenu sur Instagram<\/a><\/p>\n<p class=\" wall-content\">\u00ab Ici, on pourra d\u00e9couvrir l\u2019esprit de bistrot st\u00e9phanois avec des bi\u00e8res du coin, des plats du jour le midi et des bonnes recettes sur le pouce le soir. Du v\u00e9g\u00e9, du carn\u00e9, pour que tout le monde soit satisfait\u2009\u00bb, promettent les g\u00e9rants.<\/p>\n<blockquote class=\"ac-article-quote wall-content\">\n<p>Le soir, l&rsquo;accent sera mis sur le partage. De nos bi\u00e8res, bien s\u00fbr, mais aussi de nos vins et de nos cidres. On partagera aussi les assiettes, avec du grignotage vari\u00e9, toujours dans l&rsquo;esprit bistrot.<\/p>\n<p>    <strong>G\u00e9rants du Bistrot Saint\u00e9<\/strong>\n            <\/p><\/blockquote>\n<p>Vid\u00e9os : en ce moment sur ActuBi\u00e8res \u00e0 2\u20ac, planches et frites offertes pour l\u2019ouverture<\/p>\n<p class=\" wall-content\">Pour les deux premiers jours d\u2019ouverture, \u00e0 savoir vendredi\u00a013 et samedi 14\u00a0juin de 16h \u00e0 1h, des offres all\u00e9chantes seront propos\u00e9es par le Bistrot de Saint\u00e9\u2009: toutes les bi\u00e8res seront \u00e0 <strong>deux euros<\/strong>, accompagn\u00e9es de frites et de planches <strong>offertes<\/strong>.<\/p>\n<p class=\" wall-content\">\u00c0 l\u2019issue des deux jours d\u2019inauguration, les horaires d\u2019ouverture vont \u00eatre revus. \u00ab\u2009\u00c0 partir du mardi 17\u00a0juin, nous ouvrirons tous les jours, de 8h \u00e0 1h, sauf le dimanche ou le bistrot sera ouvert de 17h \u00e0 1h\u2009\u00bb, pr\u00e9cisent les g\u00e9rants.<\/p>\n<p class=\" wall-content\">Suivez toute l\u2019actualit\u00e9 de vos villes et m\u00e9dias favoris en vous inscrivant \u00e0 <a href=\"https:\/\/moncompte.actu.fr\" title=\"D\u00e9couvez Mon Actu\" rel=\"nofollow noopener\" data-trk=\"{&quot;cta&quot;:{&quot;action&quot;:&quot;https:\\\/\\\/moncompte.actu.fr&quot;,&quot;category&quot;:&quot;mon compte&quot;,&quot;from&quot;:&quot;article footer&quot;,&quot;name&quot;:&quot;Mon actu&quot;,&quot;type&quot;:&quot;cta&quot;}}\" target=\"_blank\">Mon Actu<\/a>.<\/p>\n<p>                    <script async src=\"\/\/www.instagram.com\/embed.js\"><\/script><\/p>\n","protected":false},"excerpt":{"rendered":"Par Julien Sournies Publi\u00e9 le 10 juin 2025 \u00e0 17h42 C\u2019est une v\u00e9ritable institution du monde de la&hellip;\n","protected":false},"author":2,"featured_media":166627,"comment_status":"","ping_status":"","sticky":false,"template":"","format":"standard","meta":{"footnotes":""},"categories":[9653],"tags":[1111,11,2430,1777,674,1011,27,12,25,1340,4001,104],"class_list":{"0":"post-166626","1":"post","2":"type-post","3":"status-publish","4":"format-standard","5":"has-post-thumbnail","7":"category-saint-etienne","8":"tag-actu","9":"tag-actualites","10":"tag-auvergne-rhone-alpes","11":"tag-eu","12":"tag-europe","13":"tag-fr","14":"tag-france","15":"tag-news","16":"tag-republique-francaise","17":"tag-restaurant","18":"tag-saint-etienne","19":"tag-societe"},"share_on_mastodon":{"url":"https:\/\/pubeurope.com\/@fr\/114661192247876295","error":""},"_links":{"self":[{"href":"https:\/\/www.europesays.com\/fr\/wp-json\/wp\/v2\/posts\/166626","targetHints":{"allow":["GET"]}}],"collection":[{"href":"https:\/\/www.europesays.com\/fr\/wp-json\/wp\/v2\/posts"}],"about":[{"href":"https:\/\/www.europesays.com\/fr\/wp-json\/wp\/v2\/types\/post"}],"author":[{"embeddable":true,"href":"https:\/\/www.europesays.com\/fr\/wp-json\/wp\/v2\/users\/2"}],"replies":[{"embeddable":true,"href":"https:\/\/www.europesays.com\/fr\/wp-json\/wp\/v2\/comments?post=166626"}],"version-history":[{"count":0,"href":"https:\/\/www.europesays.com\/fr\/wp-json\/wp\/v2\/posts\/166626\/revisions"}],"wp:featuredmedia":[{"embeddable":true,"href":"https:\/\/www.europesays.com\/fr\/wp-json\/wp\/v2\/media\/166627"}],"wp:attachment":[{"href":"https:\/\/www.europesays.com\/fr\/wp-json\/wp\/v2\/media?parent=166626"}],"wp:term":[{"taxonomy":"category","embeddable":true,"href":"https:\/\/www.europesays.com\/fr\/wp-json\/wp\/v2\/categories?post=166626"},{"taxonomy":"post_tag","embeddable":true,"href":"https:\/\/www.europesays.com\/fr\/wp-json\/wp\/v2\/tags?post=166626"}],"curies":[{"name":"wp","href":"https:\/\/api.w.org\/{rel}","templated":true}]}}