{"id":166630,"date":"2025-06-10T21:29:16","date_gmt":"2025-06-10T21:29:16","guid":{"rendered":"https:\/\/www.europesays.com\/fr\/166630\/"},"modified":"2025-06-10T21:29:16","modified_gmt":"2025-06-10T21:29:16","slug":"grand-nancy-le-defi-slow-creation-reconcilie-creativite-utilite-et-eco-responsabilite-chez-mondial-tissus","status":"publish","type":"post","link":"https:\/\/www.europesays.com\/fr\/166630\/","title":{"rendered":"Grand Nancy. Le D\u00e9fi Slow Cr\u00e9ation r\u00e9concilie cr\u00e9ativit\u00e9, utilit\u00e9 et \u00e9co-responsabilit\u00e9 chez Mondial Tissus"},"content":{"rendered":"<p>Le magasin Mondial Tissus de Laxou a accueilli dans ses murs, comme l\u2019enseigne d\u2019Essey-l\u00e8s-Nancy concern\u00e9e \u00e9galement par l\u2019\u00e9v\u00e9nement, les participants au d\u00e9fi de la Slow Cr\u00e9ation. Une premi\u00e8re pour ce concours national ouvert aux 115 magasins de l\u2019Hexagone.<\/p>\n<p>  Une finale engag\u00e9e<\/p>\n<p>Pour cette finale \u00e0 Laxou, quatorze amateurs \u2014 parmi lesquels deux membres de la gent masculine \u2014 ont pr\u00e9sent\u00e9 leurs cr\u00e9ations. \u00ab\u00a0\u00c0 travers cette organisation, nous esp\u00e9rons fid\u00e9liser et retrouver notre passion du\u2019\u2019do it yourself\u2019\u2019, tout en portant \u00e0 connaissance que nous sommes l\u00e0 pour accompagner nos clients et tous les amateurs de couture \u00e0 qui nous pouvons \u00e9ventuellement proposer des cours\u00a0\u00bb, explique C\u00e9line Cerperot, responsable du magasin de Laxou.<\/p>\n<p>  La Slow Cr\u00e9ation contre la fast-fashion<\/p>\n<p>Concernant ce d\u00e9fi, les amateurs \u00e9taient invit\u00e9s \u00e0 cr\u00e9er \u00e0 leur image des pi\u00e8ces de mode et\/ou de d\u00e9coration puisque deux cat\u00e9gories (mode et d\u00e9coration) \u00e9taient r\u00e9pertori\u00e9es.<\/p>\n<p>L\u2019objectif principal du mouvement Slow Cr\u00e9ation est de mettre en lumi\u00e8re un mode de consommation plus responsable. Alors que les g\u00e9ants de l\u2019ultra fast-fashion s\u00e9duisent de plus en plus de consommateurs, en continuant de bafouer les droits sociaux et de d\u00e9truire la plan\u00e8te, il est temps pour les organisateurs de valoriser \u00e0 nouveau une consommation plus responsable en invitant les Fran\u00e7ais \u00e0 ralentir.<\/p>\n<p>Recoudre, upcycler, r\u00e9inventer sa garde-robe\u00a0: c\u2019est possible, \u00e9conomique et valorisant pour les responsables de Mondial Tissus, qui ont souhait\u00e9 montrer au plus grand nombre que la couture est accessible \u00e0 tous.<\/p>\n<p>  Un jury attentif et inspir\u00e9<\/p>\n<p>Devant le jury compos\u00e9 de Brigitte Chafournier, charg\u00e9e de mission \u00e0 l\u2019association de commer\u00e7ants de la Sapini\u00e8re, Marie-Andr\u00e9e Martin, ancienne professeure de couture, et Celine-be (instagrammeuse), chaque candidat disposait de cinq minutes pour pr\u00e9senter son projet.<\/p>\n<p>De fil en aiguille, les participantes et participants ont expos\u00e9 leurs motivations, leur passion pour la couture et ont ensuite pass\u00e9 en revue les techniques et mati\u00e8res utilis\u00e9es, le choix des couleurs, avant de d\u00e9voiler au public leur cr\u00e9ation, que plusieurs ont pris le soin de customiser \u00e0 leur image.<\/p>\n<p>  Deux personnes qualifi\u00e9es \u00e0 Laxou pour la finale \u00e0 Lyon<\/p>\n<p>La th\u00e9matique retenue, \u00ab\u00a0Renaissance\u00a0\u00bb, s\u2019est r\u00e9v\u00e9l\u00e9e pour plusieurs candidates et candidats une connotation adapt\u00e9e \u00e0 leur parcours de vie.<\/p>\n<p>Nathalie Del (mode) et Karen Decourteix (d\u00e9coration) ont remport\u00e9 le concours sur Laxou et se sont qualifi\u00e9es pour la finale nationale qui se d\u00e9roulera le 15\u00a0juin \u00e0 Lyon.<\/p>\n","protected":false},"excerpt":{"rendered":"Le magasin Mondial Tissus de Laxou a accueilli dans ses murs, comme l\u2019enseigne d\u2019Essey-l\u00e8s-Nancy concern\u00e9e \u00e9galement par l\u2019\u00e9v\u00e9nement,&hellip;\n","protected":false},"author":2,"featured_media":166631,"comment_status":"","ping_status":"","sticky":false,"template":"","format":"standard","meta":{"footnotes":""},"categories":[9635],"tags":[1111,11,1704,1777,674,1011,27,775,1702,1703,12,25,104],"class_list":{"0":"post-166630","1":"post","2":"type-post","3":"status-publish","4":"format-standard","5":"has-post-thumbnail","7":"category-nancy","8":"tag-actu","9":"tag-actualites","10":"tag-edition-nancy-et-agglomeration","11":"tag-eu","12":"tag-europe","13":"tag-fr","14":"tag-france","15":"tag-grand-est","16":"tag-nancy","17":"tag-nancy-ville-54b","18":"tag-news","19":"tag-republique-francaise","20":"tag-societe"},"share_on_mastodon":{"url":"https:\/\/pubeurope.com\/@fr\/114661199949965750","error":""},"_links":{"self":[{"href":"https:\/\/www.europesays.com\/fr\/wp-json\/wp\/v2\/posts\/166630","targetHints":{"allow":["GET"]}}],"collection":[{"href":"https:\/\/www.europesays.com\/fr\/wp-json\/wp\/v2\/posts"}],"about":[{"href":"https:\/\/www.europesays.com\/fr\/wp-json\/wp\/v2\/types\/post"}],"author":[{"embeddable":true,"href":"https:\/\/www.europesays.com\/fr\/wp-json\/wp\/v2\/users\/2"}],"replies":[{"embeddable":true,"href":"https:\/\/www.europesays.com\/fr\/wp-json\/wp\/v2\/comments?post=166630"}],"version-history":[{"count":0,"href":"https:\/\/www.europesays.com\/fr\/wp-json\/wp\/v2\/posts\/166630\/revisions"}],"wp:featuredmedia":[{"embeddable":true,"href":"https:\/\/www.europesays.com\/fr\/wp-json\/wp\/v2\/media\/166631"}],"wp:attachment":[{"href":"https:\/\/www.europesays.com\/fr\/wp-json\/wp\/v2\/media?parent=166630"}],"wp:term":[{"taxonomy":"category","embeddable":true,"href":"https:\/\/www.europesays.com\/fr\/wp-json\/wp\/v2\/categories?post=166630"},{"taxonomy":"post_tag","embeddable":true,"href":"https:\/\/www.europesays.com\/fr\/wp-json\/wp\/v2\/tags?post=166630"}],"curies":[{"name":"wp","href":"https:\/\/api.w.org\/{rel}","templated":true}]}}