{"id":166632,"date":"2025-06-10T21:30:13","date_gmt":"2025-06-10T21:30:13","guid":{"rendered":"https:\/\/www.europesays.com\/fr\/166632\/"},"modified":"2025-06-10T21:30:13","modified_gmt":"2025-06-10T21:30:13","slug":"en-indre-et-loire-le-ps-dans-une-bonne-dynamique-a-la-veille-du-congres-de-nancy","status":"publish","type":"post","link":"https:\/\/www.europesays.com\/fr\/166632\/","title":{"rendered":"En Indre-et-Loire, le PS \u00ab\u00a0dans une bonne dynamique\u00a0\u00bb \u00e0 la veille du congr\u00e8s de Nancy"},"content":{"rendered":"<p>Les \u00e9lus socialistes de Touraine vont prendre la direction de Nancy, ce week-end, \u00e0 l\u2019occasion du 81e\u00a0congr\u00e8s du parti (13 au 15\u00a0juin 2025). En Meurthe-et-Moselle, les Tourangeaux afficheront meilleures mines qu\u2019il y a deux ans et demi \u00e0 Marseille o\u00f9 s\u2019est tenu le dernier congr\u00e8s du parti socialiste, en janvier\u00a02023. \u00ab\u00a0En moins de trois ans, la situation a beaucoup chang\u00e9\u00a0\u00bb, conc\u00e8de Franck Gagnaire, premier secr\u00e9taire f\u00e9d\u00e9ral du PS en Indre-et-Loire&#8230;. <\/p>\n<p>    Cet article a \u00e9t\u00e9 tronqu\u00e9. Abonnez-vous pour lire l&rsquo;article complet sur notre site.<\/p>\n<p style=\"margin: 0 !important; padding: 0 !important; font-size: 12px !important;\">Cet article a \u00e9t\u00e9 tronqu\u00e9. Abonnez-vous pour lire l&rsquo;article complet.<\/p>\n<p>    <a href=\"https:\/\/www.lanouvellerepublique.fr\/abonnements\" style=\"display: inline-block; margin-top: 5px !important; padding: 6px 12px !important; background: #cb1c27; color: white; text-decoration: none; border-radius: 4px; font-size: 12px !important;\" rel=\"nofollow noopener\" target=\"_blank\"><br \/>\n      S&rsquo;abonner<br \/>\n    <\/a><\/p>\n","protected":false},"excerpt":{"rendered":"Les \u00e9lus socialistes de Touraine vont prendre la direction de Nancy, ce week-end, \u00e0 l\u2019occasion du 81e\u00a0congr\u00e8s du&hellip;\n","protected":false},"author":2,"featured_media":166633,"comment_status":"","ping_status":"","sticky":false,"template":"","format":"standard","meta":{"footnotes":""},"categories":[9635],"tags":[1392,1111,11,5949,1777,674,1011,27,775,1702,12,316,25,1390],"class_list":{"0":"post-166632","1":"post","2":"type-post","3":"status-publish","4":"format-standard","5":"has-post-thumbnail","7":"category-nancy","8":"tag-a-la-une-local","9":"tag-actu","10":"tag-actualites","11":"tag-elections","12":"tag-eu","13":"tag-europe","14":"tag-fr","15":"tag-france","16":"tag-grand-est","17":"tag-nancy","18":"tag-news","19":"tag-politique","20":"tag-republique-francaise","21":"tag-tours"},"share_on_mastodon":{"url":"https:\/\/pubeurope.com\/@fr\/114661203896302743","error":""},"_links":{"self":[{"href":"https:\/\/www.europesays.com\/fr\/wp-json\/wp\/v2\/posts\/166632","targetHints":{"allow":["GET"]}}],"collection":[{"href":"https:\/\/www.europesays.com\/fr\/wp-json\/wp\/v2\/posts"}],"about":[{"href":"https:\/\/www.europesays.com\/fr\/wp-json\/wp\/v2\/types\/post"}],"author":[{"embeddable":true,"href":"https:\/\/www.europesays.com\/fr\/wp-json\/wp\/v2\/users\/2"}],"replies":[{"embeddable":true,"href":"https:\/\/www.europesays.com\/fr\/wp-json\/wp\/v2\/comments?post=166632"}],"version-history":[{"count":0,"href":"https:\/\/www.europesays.com\/fr\/wp-json\/wp\/v2\/posts\/166632\/revisions"}],"wp:featuredmedia":[{"embeddable":true,"href":"https:\/\/www.europesays.com\/fr\/wp-json\/wp\/v2\/media\/166633"}],"wp:attachment":[{"href":"https:\/\/www.europesays.com\/fr\/wp-json\/wp\/v2\/media?parent=166632"}],"wp:term":[{"taxonomy":"category","embeddable":true,"href":"https:\/\/www.europesays.com\/fr\/wp-json\/wp\/v2\/categories?post=166632"},{"taxonomy":"post_tag","embeddable":true,"href":"https:\/\/www.europesays.com\/fr\/wp-json\/wp\/v2\/tags?post=166632"}],"curies":[{"name":"wp","href":"https:\/\/api.w.org\/{rel}","templated":true}]}}