{"id":166638,"date":"2025-06-10T21:33:09","date_gmt":"2025-06-10T21:33:09","guid":{"rendered":"https:\/\/www.europesays.com\/fr\/166638\/"},"modified":"2025-06-10T21:33:09","modified_gmt":"2025-06-10T21:33:09","slug":"il-transporte-aux-urgences-son-ami-avec-un-morceau-de-couteau-dans-une-cuisse","status":"publish","type":"post","link":"https:\/\/www.europesays.com\/fr\/166638\/","title":{"rendered":"il transporte aux urgences son ami avec un morceau de couteau dans une cuisse"},"content":{"rendered":"<p>            Par<br \/>\n        <strong><br \/>\n            <a href=\"https:\/\/actu.fr\/auteur\/jm-aubert\" title=\"Consulter tous les articles de Jean-Marc Aubert\" target=\"_blank\" rel=\"noopener\">Jean-Marc Aubert<\/a><br \/>\n        <\/strong><\/p>\n<p>        Publi\u00e9 le<\/p>\n<p>            10 juin 2025 \u00e0 21h18        <\/p>\n<p>Lundi soir, un Montpelli\u00e9rain a transport\u00e9 aux <strong>urgences du CHU<\/strong> son ami bless\u00e9 d\u2019un coup de couteau, dont il restait un morceau dans une cuisse. Que s\u2019est-il pass\u00e9 ? <strong>Enqu\u00eate en cours.<\/strong><\/p>\n<p class=\" wall-content\">Ce lundi 9 juin 2025, \u00e0 23h30, une voiture est arriv\u00e9e en trombe et s\u2019est immobilis\u00e9e devant l\u2019entr\u00e9e du service des urgences de l\u2019h\u00f4pital Lapeyronie, sur la route de Ganges, \u00e0 <strong>Montpellier<\/strong>.<\/p>\n<p>    <a href=\"https:\/\/www.google.com\/maps\/embed?pb=!1m18!1m12!1m3!1d4422.806760711548!2d3.8481645979980597!3d43.63189580620837!2m3!1f0!2f0!3f0!3m2!1i1024!2i768!4f13.1!3m3!1m2!1s0x12b6aeae33a0559b%3A0xff8cd1f70e2d749b!2sCentre%20Hospitalier%20Universitaire%20de%20Montpellier!5e0!3m2!1sfr!2sfr!4v1749583055674!5m2!1sfr!2sfr\" title=\"Ouvrie le lien\" target=\"_blank\" rel=\"noopener\">Cliquez ici pour visualiser le contenu<\/a><\/p>\n<p class=\" wall-content\">Le conducteur affol\u00e9 venait d\u00e9poser un ami bless\u00e9 \u00e0 l\u2019arme blanche dans une cuisse, avec encore un morceau encore plant\u00e9, comme les urgentistes l\u2019ont d\u00e9couvert. Le bless\u00e9 \u00e2g\u00e9 d\u2019une vingtaine d\u2019ann\u00e9es qui perdait du sang a aussit\u00f4t \u00e9t\u00e9 pris en charge pour lui retirer le morceau du couteau dans la plaie, tandis que le propri\u00e9taire du v\u00e9hicule restait sur les lieux jusqu\u2019\u00e0 l\u2019arriv\u00e9e de la police nationale.<\/p>\n<p class=\" wall-content\">Que s\u2019est-il pass\u00e9 ? L\u2019enqu\u00eate est en cours. Rixe ? Agression crapuleuse ? Blessure accidentelle ? Les faits s\u2019\u00e9tant d\u00e9roul\u00e9s dans un quartier pas tr\u00e8s \u00e9loign\u00e9 du CHU, le t\u00e9moin a pr\u00e9f\u00e9r\u00e9 charger son ami dans sa voiture, plut\u00f4t que d\u2019appeler les sapeurs-pompiers ou le Samu, en voyant le morceau du couteau qui s\u2019\u00e9tait cass\u00e9, plant\u00e9 dans la cuisse.<\/p>\n<p>Vid\u00e9os : en ce moment sur Actu<\/p>\n<p class=\" wall-content\">Suivez toute l\u2019actualit\u00e9 de vos villes et m\u00e9dias favoris en vous inscrivant \u00e0 <a href=\"https:\/\/moncompte.actu.fr\" title=\"D\u00e9couvez Mon Actu\" rel=\"nofollow noopener\" data-trk=\"{&quot;cta&quot;:{&quot;action&quot;:&quot;https:\\\/\\\/moncompte.actu.fr&quot;,&quot;category&quot;:&quot;mon compte&quot;,&quot;from&quot;:&quot;article footer&quot;,&quot;name&quot;:&quot;Mon actu&quot;,&quot;type&quot;:&quot;cta&quot;}}\" target=\"_blank\">Mon Actu<\/a>.<\/p>\n<ul class=\"ac-article-tag wall-content\">\n<li><a href=\"https:\/\/actu.fr\/tag\/chu-de-montpellier\" data-trk=\"{&quot;cta&quot;:{&quot;action&quot;:&quot;CHU de Montpellier&quot;,&quot;category&quot;:&quot;tag&quot;,&quot;from&quot;:&quot;article footer&quot;,&quot;name&quot;:&quot;CHU de Montpellier&quot;,&quot;type&quot;:&quot;cta&quot;}}\" target=\"_blank\" rel=\"noopener\">#CHU de Montpellier<\/a><\/li>\n<li><a href=\"https:\/\/actu.fr\/tag\/police\" data-trk=\"{&quot;cta&quot;:{&quot;action&quot;:&quot;Police&quot;,&quot;category&quot;:&quot;tag&quot;,&quot;from&quot;:&quot;article footer&quot;,&quot;name&quot;:&quot;Police&quot;,&quot;type&quot;:&quot;cta&quot;}}\" target=\"_blank\" rel=\"noopener\">#Police<\/a><\/li>\n<\/ul>\n","protected":false},"excerpt":{"rendered":"Par Jean-Marc Aubert Publi\u00e9 le 10 juin 2025 \u00e0 21h18 Lundi soir, un Montpelli\u00e9rain a transport\u00e9 aux urgences&hellip;\n","protected":false},"author":2,"featured_media":166639,"comment_status":"","ping_status":"","sticky":false,"template":"","format":"standard","meta":{"footnotes":""},"categories":[9599],"tags":[1111,11,15154,1777,674,118,1011,27,2208,12,2680,1072,25],"class_list":{"0":"post-166638","1":"post","2":"type-post","3":"status-publish","4":"format-standard","5":"has-post-thumbnail","7":"category-montpellier","8":"tag-actu","9":"tag-actualites","10":"tag-chu-de-montpellier","11":"tag-eu","12":"tag-europe","13":"tag-faits-divers","14":"tag-fr","15":"tag-france","16":"tag-montpellier","17":"tag-news","18":"tag-occitanie","19":"tag-police","20":"tag-republique-francaise"},"share_on_mastodon":{"url":"https:\/\/pubeurope.com\/@fr\/114661215649676130","error":""},"_links":{"self":[{"href":"https:\/\/www.europesays.com\/fr\/wp-json\/wp\/v2\/posts\/166638","targetHints":{"allow":["GET"]}}],"collection":[{"href":"https:\/\/www.europesays.com\/fr\/wp-json\/wp\/v2\/posts"}],"about":[{"href":"https:\/\/www.europesays.com\/fr\/wp-json\/wp\/v2\/types\/post"}],"author":[{"embeddable":true,"href":"https:\/\/www.europesays.com\/fr\/wp-json\/wp\/v2\/users\/2"}],"replies":[{"embeddable":true,"href":"https:\/\/www.europesays.com\/fr\/wp-json\/wp\/v2\/comments?post=166638"}],"version-history":[{"count":0,"href":"https:\/\/www.europesays.com\/fr\/wp-json\/wp\/v2\/posts\/166638\/revisions"}],"wp:featuredmedia":[{"embeddable":true,"href":"https:\/\/www.europesays.com\/fr\/wp-json\/wp\/v2\/media\/166639"}],"wp:attachment":[{"href":"https:\/\/www.europesays.com\/fr\/wp-json\/wp\/v2\/media?parent=166638"}],"wp:term":[{"taxonomy":"category","embeddable":true,"href":"https:\/\/www.europesays.com\/fr\/wp-json\/wp\/v2\/categories?post=166638"},{"taxonomy":"post_tag","embeddable":true,"href":"https:\/\/www.europesays.com\/fr\/wp-json\/wp\/v2\/tags?post=166638"}],"curies":[{"name":"wp","href":"https:\/\/api.w.org\/{rel}","templated":true}]}}