{"id":166654,"date":"2025-06-10T21:46:09","date_gmt":"2025-06-10T21:46:09","guid":{"rendered":"https:\/\/www.europesays.com\/fr\/166654\/"},"modified":"2025-06-10T21:46:09","modified_gmt":"2025-06-10T21:46:09","slug":"sommet-de-nice-emmanuel-macron-vrp-des-oceans-defend-un-cap-imparfait","status":"publish","type":"post","link":"https:\/\/www.europesays.com\/fr\/166654\/","title":{"rendered":"Sommet de Nice : Emmanuel Macron, VRP des oc\u00e9ans, d\u00e9fend un \u00ab cap imparfait \u00bb"},"content":{"rendered":"<p class=\"paragraph text_align_left\">Dans la lumi\u00e8re magnifique du couchant sur la M\u00e9diterran\u00e9e, interrompu parfois par les cris des mouettes, France 2 avait donc install\u00e9 son plateau au-dessus du port de Nice (Alpes-Maritimes).<\/p>\n<p class=\"paragraph text_align_left\">En marge <a href=\"https:\/\/www.leparisien.fr\/politique\/sommet-des-oceans-les-abysses-le-groenland-ou-lantarctique-ne-sont-pas-a-vendre-lance-emmanuel-macron-09-06-2025-N46DLTBRABGRRBMNIUZACUS4Y4.php\" target=\"_self\" rel=\"nofollow noopener\">du sommet des Oc\u00e9ans<\/a> qui se tient en ce moment dans la ville azur\u00e9enne, avec ses discussions bilat\u00e9rales entre chefs d\u2019\u00c9tats, les confr\u00e8res de France t\u00e9l\u00e9vision, ont en effet invit\u00e9 Emmanuel Macron pour un format tr\u00e8s grand public anim\u00e9 par L\u00e9a Salam\u00e9 et Hugo Cl\u00e9ment, avec quatre invit\u00e9s, un peu discrets : <a href=\"https:\/\/Thomas Pesquet\" target=\"_self\" rel=\"nofollow\">Thomas Pesquet<\/a>, l\u2019astronaute, la championne Marie-Jos\u00e9 P\u00e9rec, Laurent Ballesta, plongeur et biologiste marin et He\u00efdi Sevestre, climatologue et vulgarisatrice.<\/p>\n<p class=\"paragraph text_align_left\">Offensif pour d\u00e9fendre son bilan, \u00ab guid\u00e9 par la science \u00bb &#8211; il le r\u00e9p\u00e9tera maintes fois dans la soir\u00e9e &#8211; et se positionnant \u00ab en m\u00eame temps \u00bb comme \u00e9cologiste et en soutien des p\u00eacheurs, Emmanuel Macron a-t-il convaincu ? Le format de l\u2019\u00e9mission, avec ses pastilles vid\u00e9o chocs, a en tout cas permis une certaine p\u00e9dagogie.<\/p>\n<p>Des attaques contre Donald Trump<\/p>\n<p class=\"paragraph text_align_left\">D\u00e8s le d\u00e9but de l\u2019\u00e9mission, les attaques vers les \u00c9tats-Unis, premi\u00e8re zone maritime mais ostensiblement absente du sommet de Nice, se multiplient. Tant pis, botte en touche Emmanuel Macron qui compare la plan\u00e8te \u00e0 \u00ab une copropri\u00e9t\u00e9 \u00bb, avec la France deuxi\u00e8me zone maritime, et tous les autres, si 92 % des copropri\u00e9taires sont pr\u00eats \u00e0 avancer, qu\u2019importe les 8 % restant explique-t-il en somme. Soit.<\/p>\n<p class=\"title-embed-dailymotion lp-color-text lp-f-subtitle-04\">Vid\u00e9oSommet des oc\u00e9ans\u00a0: \u00ab Nos oc\u00e9ans sont en \u00e9bullition \u00bb, alerte Emmanuel Macron<\/p>\n<p class=\"paragraph text_align_left\">Pas d\u2019annonce fracassante, on balaie les grands enjeux : La pollution plastique d\u2019abord. Le pr\u00e9sident d\u00e9fend le bilan fran\u00e7ais (pailles interdites, fruits et l\u00e9gumes sans suremballage) et \u00e9voque l\u2019appel de Nice port\u00e9 par la ministre de la transition Ecologique fran\u00e7aise. Puis on d\u00e9couvre les enjeux du trait\u00e9 sur la haute mer ce Far-West qui n\u2019est presque pas r\u00e9glement\u00e9. Pour \u00e9voquer la n\u00e9cessit\u00e9 de ne pas lancer l\u2019exploitation mini\u00e8re des abysses, Hugo Cl\u00e9ment pr\u00e9sente un nodule polym\u00e9tallique. C\u2019est rare de voir ainsi ces roches qui concentrent des m\u00e9taux, pr\u00e9sents dans les grands fonds et qui attisent les convoitises.<\/p>\n<p>Le choc de la vid\u00e9o<\/p>\n<p class=\"paragraph text_align_left\">\u00c0 21h30, on en vient \u00e0 la question qui fait le plus grincer, les aires marines prot\u00e9g\u00e9es. Les images du \u00ab L\u2019appel de l\u2019oc\u00e9an \u00bb du documentariste, David Attenborough, les premi\u00e8res qui montrent un chalut en train de d\u00e9truire le plancher oc\u00e9anique, sont impressionnantes. Le sol tremble. Les poissons essayent de s\u2019enfuir. Mais ils n\u2019iront pas bien loin : un immense filet, lest\u00e9 par une lourde cha\u00eene, racle le fond de la mer, et avance \u00e0 grande vitesse.<\/p>\n<p class=\"paragraph text_align_left\">C\u2019est le moment o\u00f9 le choc des vid\u00e9os \u00e9branle le ma\u00eetre des mots. Continuer de permettre le chalut de fonds dans les aires marines prot\u00e9g\u00e9es, \u00ab c\u2019est inacceptable \u00bb glisse tr\u00e8s calmement He\u00efdi Sevestre.<\/p>\n<p class=\"paragraph text_align_left\">Emmanuel Macron tente de rappeler les nouvelles surfaces interdites au chalut, \u00e0 Nice : 4 % pour les eaux hexagonales, 14 % pour les eaux fran\u00e7aises en g\u00e9n\u00e9ral. Fid\u00e8le au \u00ab en m\u00eame temps \u00bb, il d\u00e9fend un \u00ab cap imparfait \u00bb qui permet aussi d\u2019accompagner les p\u00eacheurs. En guest-star, Paul Watson, le patron de l\u2019ONG Sea Sheperd et activiste, sorti de prison gr\u00e2ce \u00e0 la France, d\u00e9boule sur le plateau en fin d\u2019\u00e9mission. \u00ab Il faut de l\u2019imagination et du courage \u00bb, encourage le \u00ab Capitaine \u00bb, a qui Macron laisse entendre qu\u2019il a de bonnes chances d\u2019obtenir l\u2019asile en France.<\/p>\n","protected":false},"excerpt":{"rendered":"Dans la lumi\u00e8re magnifique du couchant sur la M\u00e9diterran\u00e9e, interrompu parfois par les cris des mouettes, France 2&hellip;\n","protected":false},"author":2,"featured_media":166655,"comment_status":"","ping_status":"","sticky":false,"template":"","format":"standard","meta":{"footnotes":""},"categories":[2819],"tags":[1111,11,436,1777,674,1011,27,12,2401,882,25],"class_list":{"0":"post-166654","1":"post","2":"type-post","3":"status-publish","4":"format-standard","5":"has-post-thumbnail","7":"category-nice","8":"tag-actu","9":"tag-actualites","10":"tag-environnement","11":"tag-eu","12":"tag-europe","13":"tag-fr","14":"tag-france","15":"tag-news","16":"tag-nice","17":"tag-provence-alpes-cote-dazur","18":"tag-republique-francaise"},"share_on_mastodon":{"url":"https:\/\/pubeurope.com\/@fr\/114661266816491160","error":""},"_links":{"self":[{"href":"https:\/\/www.europesays.com\/fr\/wp-json\/wp\/v2\/posts\/166654","targetHints":{"allow":["GET"]}}],"collection":[{"href":"https:\/\/www.europesays.com\/fr\/wp-json\/wp\/v2\/posts"}],"about":[{"href":"https:\/\/www.europesays.com\/fr\/wp-json\/wp\/v2\/types\/post"}],"author":[{"embeddable":true,"href":"https:\/\/www.europesays.com\/fr\/wp-json\/wp\/v2\/users\/2"}],"replies":[{"embeddable":true,"href":"https:\/\/www.europesays.com\/fr\/wp-json\/wp\/v2\/comments?post=166654"}],"version-history":[{"count":0,"href":"https:\/\/www.europesays.com\/fr\/wp-json\/wp\/v2\/posts\/166654\/revisions"}],"wp:featuredmedia":[{"embeddable":true,"href":"https:\/\/www.europesays.com\/fr\/wp-json\/wp\/v2\/media\/166655"}],"wp:attachment":[{"href":"https:\/\/www.europesays.com\/fr\/wp-json\/wp\/v2\/media?parent=166654"}],"wp:term":[{"taxonomy":"category","embeddable":true,"href":"https:\/\/www.europesays.com\/fr\/wp-json\/wp\/v2\/categories?post=166654"},{"taxonomy":"post_tag","embeddable":true,"href":"https:\/\/www.europesays.com\/fr\/wp-json\/wp\/v2\/tags?post=166654"}],"curies":[{"name":"wp","href":"https:\/\/api.w.org\/{rel}","templated":true}]}}